{"id":2258,"date":"2015-06-10T07:26:00","date_gmt":"2015-06-10T07:26:00","guid":{"rendered":"http:\/\/miradordeatarfe.es\/?p=2258"},"modified":"2015-06-11T07:39:00","modified_gmt":"2015-06-11T07:39:00","slug":"el-fmi-eleva-al-31-el-crecimiento-para-2015-y-pide-al-nuevo-gobierno-que-no-anule-la-reforma-laboral","status":"publish","type":"post","link":"https:\/\/miradordeatarfe.es\/?p=2258","title":{"rendered":"El FMI eleva al 3,1% el crecimiento para 2015 y pide al nuevo gobierno que no anule la reforma laboral"},"content":{"rendered":"<ul class=\"subtitulos\">\n<li>\n<p style=\"text-align: justify;\">Asegura que cambiar las medidas ser\u00eda \u00abun freno a la recuperaci\u00f3n\u00bb Aconseja subir el IVA en diversos productos e introducir copago en Sanidad y Educaci\u00f3n.Apuesta por establecer un contrato \u00fanico, como propone Ciudadanos<\/p>\n<\/li>\n<\/ul>\n<p style=\"text-align: justify;\"><!--more--><\/p>\n<div id=\"tamano\" class=\"tamano\">\n<p style=\"text-align: justify;\">Los enviados del Fondo Monetario Internacional (FMI) elevan al 3,1% la previsi\u00f3n de crecimiento para este a\u00f1o y piden al pr\u00f3ximo gobierno de Espa\u00f1a<strong> que no anule las reformas del pasado, especialmente la laboral<\/strong>. Al contrario, esperan que flexibilice m\u00e1s el mercado de trabajo para combatir el desempleo. Seg\u00fan su criterio, <strong>tiene que haber m\u00e1s diferencia en los salarios, no tiene por qu\u00e9 haber tanta uniformidad y las subidas salariales deben estar ligadas a la productividad<\/strong>. Adem\u00e1s, reclaman un compromiso general de todos los nuevos gobiernos auton\u00f3micos y ayuntamientos en el cumplimiento de los objetivos de d\u00e9ficit para no mermar la confianza exterior en el pa\u00eds. Para ello aconseja subir el IVA en algunos productos que lo tienen bajo, sin especificar cu\u00e1les, e introducir copago en Sanidad y Educaci\u00f3n.<\/p>\n<p style=\"text-align: justify;\">En su informe tradicional sobre la situaci\u00f3n de la econom\u00eda espa\u00f1ola, la misi\u00f3n del FMI asegura que el crecimiento no ser\u00e1 ya del 2,5% como preve\u00edan hace s\u00f3lo dos meses, sino del 3,1%. \u00abLas reformas del mercado laboral y el moderado crecimiento de los salarios han apoyado el empleo y ayudado a Espa\u00f1a a recuperar competitividad\u00bb, sostienen. A su juicio \u00abEspa\u00f1a debe aprovechar la actual situaci\u00f3n para emprender reformas adiciones que ser\u00e1n m\u00e1s eficaces en un entorno de m\u00e1s apoyo\u00bb, puesto que la econom\u00eda espa\u00f1ola crecer\u00e1 este a\u00f1o al 3,1% frente a la recesi\u00f3n en que se acometieron las pasadas medidas.\u00bbEn contraste, revertir las reformas ya aprobadas en el pasado crear\u00eda incertidumbre y frenar\u00eda la recuperaci\u00f3n, especialmente si el entorno exterior se deteriora\u00bb.<\/p>\n<p style=\"text-align: justify;\">Hace tres recomendaciones para lo que queda de legislatura y la pr\u00f3xima<\/p>\n<ol style=\"text-align: justify;\">\n<li><strong>Creaci\u00f3n de empleo<\/strong>. Para este objetivo, los t\u00e9cnicos del FMI consideran necesario \u00abasegurar que el crecimiento de los salarios sea m\u00e1s dispar entre las distintas empresas en Espa\u00f1a para reflejar mejor sus circunstancias espec\u00edficas\u00bb. Tambi\u00e9n creen que hay que profundizar en la reforma laboral, porque \u00abel coste de despido de un trabajador fijo es todav\u00eda mayor que el de uno temporal y esta distancia debe ser cerrada\u00bb.\u00bfC\u00f3mo? \u00abPor ejemplo con la creaci\u00f3n de un contrato \u00fanico en sectores sin alta estacionalidad\u00bb.<\/li>\n<li><strong> La deuda<\/strong>. Ven preciso \u00abcontinuar reduciendo la deuda privada\u00bb. Se\u00f1ala que las empresas y, en menor medida, las familias han procedido a desendeudarse durante la crisis, pero \u00ablos niveles contin\u00faan altos\u00bb. Aconseja entre otras medidas fiscales subir impuestos especiales y medioambientales y reducir gradualmente los productos que se benefician de un IVA reducido \u00ablo que llevar\u00eda los esfuerzos de recaudaci\u00f3n de Espa\u00f1a en l\u00ednea con los de otros pa\u00edses europeos\u00bb. Igualmente, recomienda introducir \u00abf\u00f3rmulas de copago\u00bb en los servicios de Educaci\u00f3n y Sanidad para reducir costes.<\/li>\n<li><strong>Confianza<\/strong>. \u00abContinuar la consolidaci\u00f3n fiscal orientada al crecimiento bien coordinada a trav\u00e9s de todos los niveles de la Administraci\u00f3n ayudar\u00e1 a mantener una fuerte confianza del mercado\u00bb.<\/li>\n<\/ol>\n<p style=\"text-align: justify;\">El actual informe del FMI es significativo puesto que se produce despu\u00e9s del \u00faltimo resultado electoral y contactos de los t\u00e9cnicos del Fondo con diversos partidos pol\u00edticos, incluido Podemos.<\/p>\n<p><a href=\"http:\/\/www.elmundo.es\/economia\/2015\/06\/08\/5575a73f22601dbd308b45a2.html\">http:\/\/www.elmundo.es\/economia\/2015\/06\/08\/5575a73f22601dbd308b45a2.html<\/a><\/p>\n<\/div>\n","protected":false},"excerpt":{"rendered":"<p>Asegura que cambiar las medidas ser\u00eda \u00abun freno a la recuperaci\u00f3n\u00bb Aconseja subir el IVA&#8230;<\/p>\n","protected":false},"author":1,"featured_media":2259,"comment_status":"closed","ping_status":"closed","sticky":false,"template":"","format":"standard","meta":{"_coblocks_attr":"","_coblocks_dimensions":"","_coblocks_responsive_height":"","_coblocks_accordion_ie_support":"","jetpack_post_was_ever_published":false,"_jetpack_newsletter_access":"","_jetpack_dont_email_post_to_subs":false,"_jetpack_newsletter_tier_id":0,"_jetpack_memberships_contains_paywalled_content":false,"_jetpack_memberships_contains_paid_content":false,"footnotes":"","jetpack_publicize_message":"","jetpack_publicize_feature_enabled":true,"jetpack_social_post_already_shared":false,"jetpack_social_options":{"image_generator_settings":{"template":"highway","default_image_id":0,"enabled":false},"version":2}},"categories":[186,9,15],"tags":[156,822],"class_list":["post-2258","post","type-post","status-publish","format-standard","has-post-thumbnail","hentry","category-instituciones","category-medio-ambiente","category-ultimas-noticias","tag-paro","tag-reforma-laboral"],"jetpack_publicize_connections":[],"jetpack_featured_media_url":"https:\/\/i0.wp.com\/miradordeatarfe.es\/wp-content\/uploads\/2015\/06\/PARO.jpg?fit=268%2C188&ssl=1","jetpack_likes_enabled":true,"jetpack_sharing_enabled":true,"_links":{"self":[{"href":"https:\/\/miradordeatarfe.es\/index.php?rest_route=\/wp\/v2\/posts\/2258","targetHints":{"allow":["GET"]}}],"collection":[{"href":"https:\/\/miradordeatarfe.es\/index.php?rest_route=\/wp\/v2\/posts"}],"about":[{"href":"https:\/\/miradordeatarfe.es\/index.php?rest_route=\/wp\/v2\/types\/post"}],"author":[{"embeddable":true,"href":"https:\/\/miradordeatarfe.es\/index.php?rest_route=\/wp\/v2\/users\/1"}],"replies":[{"embeddable":true,"href":"https:\/\/miradordeatarfe.es\/index.php?rest_route=%2Fwp%2Fv2%2Fcomments&post=2258"}],"version-history":[{"count":1,"href":"https:\/\/miradordeatarfe.es\/index.php?rest_route=\/wp\/v2\/posts\/2258\/revisions"}],"predecessor-version":[{"id":2260,"href":"https:\/\/miradordeatarfe.es\/index.php?rest_route=\/wp\/v2\/posts\/2258\/revisions\/2260"}],"wp:featuredmedia":[{"embeddable":true,"href":"https:\/\/miradordeatarfe.es\/index.php?rest_route=\/wp\/v2\/media\/2259"}],"wp:attachment":[{"href":"https:\/\/miradordeatarfe.es\/index.php?rest_route=%2Fwp%2Fv2%2Fmedia&parent=2258"}],"wp:term":[{"taxonomy":"category","embeddable":true,"href":"https:\/\/miradordeatarfe.es\/index.php?rest_route=%2Fwp%2Fv2%2Fcategories&post=2258"},{"taxonomy":"post_tag","embeddable":true,"href":"https:\/\/miradordeatarfe.es\/index.php?rest_route=%2Fwp%2Fv2%2Ftags&post=2258"}],"curies":[{"name":"wp","href":"https:\/\/api.w.org\/{rel}","templated":true}]}}