{"id":2261,"date":"2015-06-10T08:04:58","date_gmt":"2015-06-10T08:04:58","guid":{"rendered":"http:\/\/miradordeatarfe.es\/?p=2261"},"modified":"2015-06-11T07:38:49","modified_gmt":"2015-06-11T07:38:49","slug":"plan-de-medidas-urgentes-de-por-atarfe-si-pasi","status":"publish","type":"post","link":"https:\/\/miradordeatarfe.es\/?p=2261","title":{"rendered":"PLAN DE MEDIDAS URGENTES DE POR ATARFE S\u00cd (PASI)"},"content":{"rendered":"<div class=\"entry-content\">\n<p><strong>MEDIDAS QUE EL PASI VA A PONER EN FUNCIONAMIENTO\u00a0SI GOZA DEL APOYO SUFICIENTE DE LOS CIUDADANOS (EN CASO DE CONSEGUIR LA ALCALDIA), DURANTE LOS PRIMEROS MESES DE GOBIERNO<br \/>\n<\/strong><\/p>\n<p><!--more--><\/p>\n<p><a href=\"https:\/\/poratarfe.files.wordpress.com\/2015\/05\/at.png\"><img data-recalc-dims=\"1\" loading=\"lazy\" decoding=\"async\" class=\"  wp-image-467 aligncenter\" src=\"https:\/\/poratarfe.files.wordpress.com\/2015\/05\/at.png?w=375&#038;h=360&#038;fit=375%2C360&#038;resize=375%2C360\" alt=\"at\" width=\"375\" height=\"360\" \/><\/a><br \/>\n<strong>\u00a0<\/strong><strong>1.-Redactaremos un Plan Estrat\u00e9gico de Desarrollo de Atarfe<\/strong><\/p>\n<p>Iniciaremos la elaboraci\u00f3n de un <em>Plan Estrat\u00e9gico<\/em> basado en tres premisas fundamentales:<\/p>\n<ul>\n<li>La colaboraci\u00f3n p\u00fablico-privada<\/li>\n<li>La participaci\u00f3n activa de todos los sectores y entidades econ\u00f3micas y sociales<\/li>\n<li>La implicaci\u00f3n del conjunto de las administraciones provinciales, auton\u00f3micas y estatales en esta tarea.<\/li>\n<\/ul>\n<p>Su objetivo ser\u00e1 diagnosticar, organizar y movilizar todos los recursos humanos y materiales disponibles, que puedan favorecer un cambio en la econom\u00eda y un avance en progreso social y democr\u00e1tico de nuestro pueblo. Entre tanto, dise\u00f1aremos un <em>Plan para rebajar la deuda<\/em>, que contemple entre otras partidas la <em>reducci\u00f3n de los gastos de arrendamiento, asesoramientos externos, salarios injustificadamente sobredimensionados y gastos superfluos.<\/em><\/p>\n<p><strong>2.- Contrataremos una auditor\u00eda que examine las Cuentas, la Deuda y las ventas del Patrimonio.<\/strong><\/p>\n<p><img data-recalc-dims=\"1\" loading=\"lazy\" decoding=\"async\" class=\"  wp-image-448 aligncenter\" src=\"https:\/\/poratarfe.files.wordpress.com\/2015\/05\/atarfe7.png?w=422&#038;h=221&#038;fit=422%2C221&#038;resize=422%2C221\" alt=\"atarfe7\" width=\"422\" height=\"221\" \/><\/p>\n<p><em>Exigiremos responsabilidades<\/em> a quienes han provocado una deuda de cerca de 50 millones de euros, una buena parte de ella ileg\u00edtima, con operaciones irregulares.<\/p>\n<p>Aplicaremos el <em>principio de legalidad a las contrataciones de obras y servicios<\/em>, las concesiones administrativas, subvenciones y convenios firmados por el ayuntamiento con empresas y particulares. Se revisar\u00e1n todas las contrataciones y servicios externos, as\u00ed como la gesti\u00f3n de las \u00e1reas municipales.<\/p>\n<p>Iniciaremos la revisi\u00f3n de las privatizaciones de los servicios b\u00e1sicos y otros, como el agua y las basuras, con el fin de <em>devolverlos a la titularidad p\u00fablica.<\/em><\/p>\n<p><strong>3.-Nuestra prioridad ser\u00e1 el empleo<\/strong><\/p>\n<p><a href=\"https:\/\/poratarfe.files.wordpress.com\/2015\/05\/att.png\"><img data-recalc-dims=\"1\" loading=\"lazy\" decoding=\"async\" class=\" size-medium wp-image-466 alignleft\" src=\"https:\/\/poratarfe.files.wordpress.com\/2015\/05\/att.png?w=214&#038;h=300&#038;fit=214%2C300&#038;resize=214%2C300\" alt=\"att\" width=\"214\" height=\"300\" \/><\/a>Haremos que se apliquen normas comunes para todos los trabajadores municipales. No permitiremos ning\u00fan tipo de discriminaci\u00f3n o privilegios por razones pol\u00edticas o intereses de grupo, en las condiciones laborales y salariales de los trabajadores p\u00fablicos, las contrataciones y las ofertas de empleo.<\/p>\n<p>Aplicaremos criterios de m\u00e1ximo rigor y transparencia en la gesti\u00f3n de la <strong>Bolsa Municipal<\/strong> <strong>de<\/strong> <strong>Empleo<\/strong>, y suprimiremos el dedo como forma de acceso al trabajo. Fijaremos condiciones laborales dignas en los empleos municipales, <em>repartiendo el trabajo.<\/em><\/p>\n<p>Se elaborar\u00e1 un diagn\u00f3stico de las nuevas oportunidades de empleo, a trav\u00e9s del Plan Estrat\u00e9gico Municipal, que conduzca a la movilizaci\u00f3n de recursos y alternativas posibles en nuestro pueblo.<\/p>\n<p><strong>4.- <\/strong><strong>Impulsaremos las Pymes<\/strong><\/p>\n<p><a href=\"https:\/\/poratarfe.files.wordpress.com\/2015\/05\/compraenelpequeno.jpg\"><img data-recalc-dims=\"1\" loading=\"lazy\" decoding=\"async\" class=\"  wp-image-368 alignright\" src=\"https:\/\/poratarfe.files.wordpress.com\/2015\/05\/compraenelpequeno.jpg?w=344&#038;h=459&#038;fit=344%2C459&#038;resize=344%2C459\" alt=\"compraenelpequeno\" width=\"344\" height=\"459\" \/><\/a>Nos proponemos <em>poner en marcha un CIE<\/em> (Centro de Iniciativa Empresarial) o Vivero de Empresas dirigido a Pymes, Microempresas y Empresas de econom\u00eda social. Priorizaremos la creaci\u00f3n y el apoyo t\u00e9cnico y financiero a pymes y microempresas innovadoras, que incorporen I+D y se asocien con otras empresas del sector. Introduciremos cl\u00e1usulas sociales y medioambientales en las contrataciones del ayuntamiento<\/p>\n<p>Fomentaremos un <em>Plan de apoyo al comercio y peque\u00f1a industria local<\/em>, potenciando el mercado de proximidad, el consumo de productos locales, conscientes de que ah\u00ed se encuentran las mejores oportunidades de nuevos empleos.<\/p>\n<p><em>Auditaremos la situaci\u00f3n de los pol\u00edgonos industriales<\/em>: estado de las infraestructuras, ocupaci\u00f3n, actividades, etc. con el fin de detectar sus problemas y deficiencias, y articular soluciones.<\/p>\n<p><em>Todos los atarfe\u00f1os\/as tendr\u00e1n iguales derechos y obligaciones en el disfrute de los servicios municipales<\/em>. Las ayudas Municipales se conceder\u00e1n siguiendo criterios de justicia, legalidad y transparencia<\/p>\n<p><strong>5.-<\/strong> <strong>Combatiremos las desigualdades<\/strong><\/p>\n<p><a href=\"https:\/\/poratarfe.files.wordpress.com\/2015\/05\/atar.png\"><img data-recalc-dims=\"1\" loading=\"lazy\" decoding=\"async\" class=\" size-medium wp-image-464 alignleft\" src=\"https:\/\/poratarfe.files.wordpress.com\/2015\/05\/atar.png?w=300&#038;h=275&#038;fit=300%2C275&#038;resize=300%2C275\" alt=\"atar\" width=\"300\" height=\"275\" \/><\/a>-Trabajaremos para <em>garantizar los suministros b\u00e1sicos<\/em> a todos los hogares sin recursos.<\/p>\n<p>-Defenderemos el <em>derecho a una vivienda adecuada y estable<\/em>.<\/p>\n<p>-Realizaremos un <em>Plan contra la feminizaci\u00f3n de la pobreza.<\/em><\/p>\n<p>-Aseguraremos <em>condiciones laborales adecuadas a las trabajadoras del Servicio de Ayuda a Domicilio<\/em> y lo ampliaremos para garantizar un envejecimiento digno de nuestros mayores.<\/p>\n<p><strong>6.- Las asignaturas pendientes: Participaci\u00f3n, Transparencia,<\/strong> <strong>justicia<\/strong> <strong>y pol\u00edticos decentes<\/strong><\/p>\n<p><a href=\"https:\/\/poratarfe.files.wordpress.com\/2015\/05\/ata.png\"><img data-recalc-dims=\"1\" loading=\"lazy\" decoding=\"async\" class=\"  wp-image-465 alignleft\" src=\"https:\/\/poratarfe.files.wordpress.com\/2015\/05\/ata.png?w=293&#038;h=413&#038;fit=293%2C413&#038;resize=293%2C413\" alt=\"ata\" width=\"293\" height=\"413\" \/><\/a>Actualizaremos la p\u00e1gina web y abriremos un portal de transparencia que facilite las v\u00edas de acceso e informaci\u00f3n a los ciudadanos sobre cualquier asunto relacionado con la actividad municipal y la del alcalde y concejales.<\/p>\n<p>Nuestro presupuesto ser\u00e1 m\u00e1s reducido y realista. Nos comprometemos a preparar los <em>Presupuestos de 2016, mediante un proceso de participaci\u00f3n ciudadana<\/em> que implique a los vecinos en la definici\u00f3n de las prioridades necesarias.<\/p>\n<p>Potenciaremos procesos participativos<em> creando los Consejos Municipales de Empleo, Participaci\u00f3n Ciudadana, Mujer, Juventud, Deporte y Cultura.<\/em><\/p>\n<p><em>Los vecinos podr\u00e1n intervenir al final de los plenos<\/em>, y \u00e9stos ser\u00e1n grabados y transmitidos a la Red en tiempo real.<\/p>\n<p><em>Reduciremos el sueldo del alcalde, de los cargos p\u00fablicos y las asignaciones a los Partidos pol\u00edticos.<\/em> Nos proponemos suprimir las asignaciones que a lo largo de estos a\u00f1os han percibido los grupos pol\u00edticos (PSOE, PP, IU)<strong>,<\/strong> sin justificaci\u00f3n pol\u00edtica ni rendici\u00f3n de cuentas alguna. Solo en marzo de 2015 han recibido 105.115,64; PSOE: 41.871; PP: 36.746; IU: 26.497.<\/p>\n<p><em>Rendiremos cuentas de nuestro trabajo peri\u00f3dicamente<\/em>, tendremos asambleas regulares en barrios y pedan\u00edas, con sectores sociales y entidades representativas.<\/p>\n<p><em>Crearemos la figura del Defensor del pueblo Municipal,<\/em> se trata de elegir una persona independiente, consensuada por todos los partidos pol\u00edticos que eleve las quejas de los ciudadanos y vele para que el gobierno municipal le d\u00e9 la respuesta adecuada.<\/p>\n<p><strong>7.- Defenderemos un urbanismo al servicio del pueblo. La vivienda es un derecho b\u00e1sico<\/strong><\/p>\n<p><a href=\"https:\/\/poratarfe.files.wordpress.com\/2015\/05\/atarfe-libre-de-desahucios.jpg\"><img data-recalc-dims=\"1\" loading=\"lazy\" decoding=\"async\" class=\"  wp-image-374 alignright\" src=\"https:\/\/poratarfe.files.wordpress.com\/2015\/05\/atarfe-libre-de-desahucios.jpg?w=278&#038;h=386&#038;fit=278%2C386&#038;resize=278%2C386\" alt=\"ATARFE LIBRE DE DESAHUCIOS\" width=\"278\" height=\"386\" \/><\/a>Daremos los primeros pasos para la <em>redacci\u00f3n de un nuevo Plan General de Urbanismo que mejore la calidad de vida de los ciudadanos<\/em>. Desde el primer d\u00eda, lucharemos por la restituci\u00f3n al pueblo de Atarfe del suelo y los servicios comunes que le corresponde por ley y no le han sido cedidos, para construir nuevos equipamientos sociales, culturales y deportivos en los barrios y los anejos.<\/p>\n<p><em>Declararemos Atarfe municipio libre de Desahucios.<\/em><\/p>\n<p>Impulsaremos una <strong>Agencia Municipal de Vivienda <\/strong>que movilice las viviendas vac\u00edas, sobre todo, las que obran en poder de los bancos, para asegurar el derecho a una vivienda digna de todos los atarfe\u00f1os, particularmente a las personas con dificultades econ\u00f3micas y de los j\u00f3venes .<\/p>\n<p><a href=\"https:\/\/poratarfe.files.wordpress.com\/2015\/05\/atarf.png\"><img data-recalc-dims=\"1\" loading=\"lazy\" decoding=\"async\" class=\"  wp-image-463 alignleft\" src=\"https:\/\/poratarfe.files.wordpress.com\/2015\/05\/atarf.png?w=243&#038;h=287&#038;fit=243%2C287&#038;resize=243%2C287\" alt=\"atarf\" width=\"243\" height=\"287\" \/><\/a>Crearemos una oficina de asesoramiento, apoyo y seguimiento de los casos de desahucios que ocurran en nuestro pueblo.<\/p>\n<p>Solicitaremos subvenciones y planes de ayuda para la rehabilitaci\u00f3n, la erradicaci\u00f3n del chabolismo y la infravivienda, promoviendo proyectos de construcci\u00f3n cooperativa y la implicaci\u00f3n social y laboral de los propios afectados.<\/p>\n<p><strong>\u2013<\/strong><\/p>\n<p><strong>\u2013<\/strong><\/p>\n<p><strong>8.-Los Huertos Familiares formar\u00e1n parte de nuestro futuro<\/strong><\/p>\n<p><a href=\"https:\/\/poratarfe.files.wordpress.com\/2015\/05\/huertos-urbanos.jpg\"><img data-recalc-dims=\"1\" loading=\"lazy\" decoding=\"async\" class=\"  wp-image-377 aligncenter\" src=\"https:\/\/poratarfe.files.wordpress.com\/2015\/05\/huertos-urbanos.jpg?w=468&#038;h=248&#038;fit=468%2C248&#038;resize=468%2C248\" alt=\"HUERTOS URBANOS\" width=\"468\" height=\"248\" \/><\/a><br \/>\nEn colaboraci\u00f3n con particulares y agricultores, nos proponemos <em>reconvertir los solares abandonados del pueblo en huertos familiares<\/em>.<\/p>\n<p>Iniciaremos los tr\u00e1mites para conseguir el uso de <em>los suelos del<strong> Campo de <\/strong>Golf para desarrollar un Proyecto municipal de Agricultura Ecol\u00f3gica<\/em> que cree empleo y regenere el espacio protegido.<\/p>\n<p><strong>\u00a09.- Necesitamos un Plan de accesibilidad y movilidad sostenible<\/strong><\/p>\n<p>&nbsp;<\/p>\n<p><a href=\"https:\/\/poratarfe.files.wordpress.com\/2015\/05\/leisures-on-red-bottom-1949.jpg\"><img data-recalc-dims=\"1\" loading=\"lazy\" decoding=\"async\" class=\"  wp-image-381 aligncenter\" src=\"https:\/\/poratarfe.files.wordpress.com\/2015\/05\/leisures-on-red-bottom-1949.jpg?w=355&#038;h=371&#038;fit=355%2C371&#038;resize=355%2C371\" alt=\"leisures-on-red-bottom-1949\" width=\"355\" height=\"371\" \/><\/a><\/p>\n<p>Examinaremos inmediatamente con los vecinos y comerciantes la<em> posibilidad de peatonalizar determinadas calles.<\/em> Eliminaremos los puntos negros para el tr\u00e1fico que tiene Atarfe. Haremos un Plan de acceso de los ni\u00f1os a los colegios. Apostaremos por otros <em>medios de movilidad alternativos al coche,<\/em> mejorando el servicio de transporte p\u00fablico, con bonificaciones sociales (desempleados, estudiantes\u2026).<\/p>\n<p>Garantizaremos la autonom\u00eda personal de las personas con discapacidad con la eliminaci\u00f3n de barreras arquitect\u00f3nicas.<\/p>\n<p><strong>10.-Reduce, Recicla, Reutiliza<\/strong><\/p>\n<p><a href=\"https:\/\/poratarfe.files.wordpress.com\/2015\/05\/ciudad2.gif\"><img data-recalc-dims=\"1\" loading=\"lazy\" decoding=\"async\" class=\"  wp-image-376 alignleft\" src=\"https:\/\/poratarfe.files.wordpress.com\/2015\/05\/ciudad2.gif?w=278&#038;h=314&#038;fit=278%2C314&#038;resize=278%2C314\" alt=\"ciudad2\" width=\"278\" height=\"314\" \/><\/a>Nos proponemos dar los primeros pasos para la implantaci\u00f3n de la Agenda 21, un<em> Plan de mejora medioambiental integrada en nuevas formas de desarrollo del municipio, que incluir\u00eda la eliminaci\u00f3n de la contaminaci\u00f3n atmosf\u00e9rica, la depuraci\u00f3n de las aguas residuales, la rehabilitaci\u00f3n de las acequias de riego<\/em>, unos bordes urbanos cuidados, sin basuras, unas calles y plazas limpias y tranquilas\u2026 Para ello ser\u00e1 necesario favorecer la formaci\u00f3n medioambiental en las escuelas e institutos, abrir talleres formativos para los vecinos, hacer campa\u00f1as espec\u00edficas y requerir la participaci\u00f3n activa de todos los ciudadanos.<\/p>\n<p>Buscaremos <em>nuevas f\u00f3rmulas de recogida selectiva de la materia org\u00e1nica y de retorno de envases<\/em>, la promoci\u00f3n del compostaje, l<em>a recogida puerta a puerta de muebles y enseres.<\/em> Crearemos puntos limpios certificados.<\/p>\n<p><strong>11.- Fomentaremos el deporte b\u00e1sico en todas las edades y la diversificaci\u00f3n de actividades<\/strong><\/p>\n<p>&nbsp;<\/p>\n<p><a href=\"https:\/\/poratarfe.files.wordpress.com\/2015\/05\/atarfe3.png\"><img data-recalc-dims=\"1\" loading=\"lazy\" decoding=\"async\" class=\"  wp-image-460 aligncenter\" src=\"https:\/\/poratarfe.files.wordpress.com\/2015\/05\/atarfe3.png?w=478&#038;h=212&#038;fit=478%2C212&#038;resize=478%2C212\" alt=\"atarfe3\" width=\"478\" height=\"212\" \/><\/a><\/p>\n<p>Crearemos un<em> Consejo Municipal de Deportes<\/em> en el que participen los diferentes clubes, pe\u00f1as deportivas, etc.<\/p>\n<p>Potenciaremos y completaremos el escaso equipamiento de los deportes llamados minoritarios y <em>buscaremos un aprovechamiento mejor de las instalaciones de la ciudad deportiva<\/em>, de las pistas de los colegios y de los parques.Apoyaremos a nuestros j\u00f3venes deportistas, que triunfan en campeonatos provinciales, regionales y nacionales.<\/p>\n<p>Pondremos en marcha el Consejo Local de Juventud que fomente el asociacionis<\/p>\n<p>mo.<\/p>\n<p><strong>12.- Cultura para todos<\/strong><\/p>\n<p><a href=\"https:\/\/poratarfe.files.wordpress.com\/2015\/05\/atarfe4.png\"><img data-recalc-dims=\"1\" loading=\"lazy\" decoding=\"async\" class=\"  wp-image-459 alignleft\" src=\"https:\/\/poratarfe.files.wordpress.com\/2015\/05\/atarfe4.png?w=285&#038;h=290&#038;fit=285%2C290&#038;resize=285%2C290\" alt=\"atarfe4\" width=\"285\" height=\"290\" \/><\/a>Estudiaremos la<em> reutilizaci\u00f3n de instalaciones municipales<\/em> pr\u00e1cticamente en desuso que puedan servir a los j\u00f3venes para fines diversos: locales de ensayo de m\u00fasica y teatro, baile, talleres de educaci\u00f3n ambiental, peque\u00f1os viveros de empresas, aulas tecnol\u00f3gicas\u2026.<\/p>\n<p>Muy en primer lugar, estudiaremos <em>la reconversi\u00f3n de los bajos de la Plaza de Toros para albergar este tipo de actividades y la diversificaci\u00f3n funcional de la propia Plaza.<\/em><\/p>\n<p>As\u00ed mismo, creemos necesario un <em>mejor aprovechamiento de los espacios de la Casa de la Cultura<\/em>, llen\u00e1ndola de nuevos contenidos.<\/p>\n<\/div>\n<p>&nbsp;<\/p>\n","protected":false},"excerpt":{"rendered":"<p>MEDIDAS QUE EL PASI VA A PONER EN FUNCIONAMIENTO\u00a0SI GOZA DEL APOYO SUFICIENTE DE LOS&#8230;<\/p>\n","protected":false},"author":1,"featured_media":2264,"comment_status":"closed","ping_status":"closed","sticky":false,"template":"","format":"standard","meta":{"_coblocks_attr":"","_coblocks_dimensions":"","_coblocks_responsive_height":"","_coblocks_accordion_ie_support":"","jetpack_post_was_ever_published":false,"_jetpack_newsletter_access":"","_jetpack_dont_email_post_to_subs":false,"_jetpack_newsletter_tier_id":0,"_jetpack_memberships_contains_paywalled_content":false,"_jetpack_memberships_contains_paid_content":false,"footnotes":"","jetpack_publicize_message":"","jetpack_publicize_feature_enabled":true,"jetpack_social_post_already_shared":false,"jetpack_social_options":{"image_generator_settings":{"template":"highway","default_image_id":0,"enabled":false},"version":2}},"categories":[2,186,15],"tags":[824,825,823,826],"class_list":["post-2261","post","type-post","status-publish","format-standard","has-post-thumbnail","hentry","category-atarfe","category-instituciones","category-ultimas-noticias","tag-medidas","tag-por-atarfe-si","tag-programa","tag-propuestas"],"jetpack_publicize_connections":[],"jetpack_featured_media_url":"https:\/\/i0.wp.com\/miradordeatarfe.es\/wp-content\/uploads\/2015\/06\/img_3906.png?fit=676%2C285&ssl=1","jetpack_likes_enabled":true,"jetpack_sharing_enabled":true,"_links":{"self":[{"href":"https:\/\/miradordeatarfe.es\/index.php?rest_route=\/wp\/v2\/posts\/2261","targetHints":{"allow":["GET"]}}],"collection":[{"href":"https:\/\/miradordeatarfe.es\/index.php?rest_route=\/wp\/v2\/posts"}],"about":[{"href":"https:\/\/miradordeatarfe.es\/index.php?rest_route=\/wp\/v2\/types\/post"}],"author":[{"embeddable":true,"href":"https:\/\/miradordeatarfe.es\/index.php?rest_route=\/wp\/v2\/users\/1"}],"replies":[{"embeddable":true,"href":"https:\/\/miradordeatarfe.es\/index.php?rest_route=%2Fwp%2Fv2%2Fcomments&post=2261"}],"version-history":[{"count":3,"href":"https:\/\/miradordeatarfe.es\/index.php?rest_route=\/wp\/v2\/posts\/2261\/revisions"}],"predecessor-version":[{"id":2265,"href":"https:\/\/miradordeatarfe.es\/index.php?rest_route=\/wp\/v2\/posts\/2261\/revisions\/2265"}],"wp:featuredmedia":[{"embeddable":true,"href":"https:\/\/miradordeatarfe.es\/index.php?rest_route=\/wp\/v2\/media\/2264"}],"wp:attachment":[{"href":"https:\/\/miradordeatarfe.es\/index.php?rest_route=%2Fwp%2Fv2%2Fmedia&parent=2261"}],"wp:term":[{"taxonomy":"category","embeddable":true,"href":"https:\/\/miradordeatarfe.es\/index.php?rest_route=%2Fwp%2Fv2%2Fcategories&post=2261"},{"taxonomy":"post_tag","embeddable":true,"href":"https:\/\/miradordeatarfe.es\/index.php?rest_route=%2Fwp%2Fv2%2Ftags&post=2261"}],"curies":[{"name":"wp","href":"https:\/\/api.w.org\/{rel}","templated":true}]}}