{"id":22704,"date":"2018-04-05T11:22:03","date_gmt":"2018-04-05T09:22:03","guid":{"rendered":"http:\/\/miradordeatarfe.es\/?p=22704"},"modified":"2023-10-25T13:37:02","modified_gmt":"2023-10-25T11:37:02","slug":"personajes-de-atarfe-francisco-gil-tovar-por-jose-enrique-granados","status":"publish","type":"post","link":"https:\/\/miradordeatarfe.es\/?p=22704","title":{"rendered":"\u00abPERSONAJES DE ATARFE: FRANCISCO GIL TOVAR\u00bb por Jos\u00e9 Enrique Granados"},"content":{"rendered":"<p style=\"text-align: justify;\">En julio del a\u00f1o pasado falleci\u00f3 en Bogot\u00e1 (Colombia) el catedr\u00e1tico de arte y una de las figuras m\u00e1s relevantes dentro de la historiograf\u00eda del arte colombiano durante la segunda mitad del siglo XX, Francisco Gil Tovar. Nacido en Atarfe (1923) llego a Colombia en 1953 donde ejerci\u00f3 como ilustrador, profesor y periodista.<!--more--><\/p>\n<p style=\"text-align: justify;\">Entre 1975 y 1986, Gil Tovar fue director del Museo de Arte Colonial de aquel pa\u00eds. Public\u00f3 para la editorial Salvat la Historia del Arte Colombiano, de la <span class=\"text_exposed_show\">que fue editor. Esta obra se convertir\u00eda en la primera historia general del arte de Colombia. Gil Tovar promovi\u00f3 el primer plan de inventario del patrimonio art\u00edstico colombiano, proyecto que sirvi\u00f3 de base para los primeros inventarios realizados por el Ministerio de Educaci\u00f3n en las d\u00e9cadas de los sesenta y setenta del siglo pasado. <\/span><\/p>\n<div class=\"text_exposed_show\">\n<p style=\"text-align: justify;\">En junio de 2009 el ayuntamiento de Atarfe homenajeo a este insigne atarfe\u00f1o, siendo la primera vez que pisaba la tierra que le vio nacer ya que, tras ser bautizado, su familia cambi\u00f3 de residencia.<\/p>\n<p style=\"text-align: justify;\">Sirva esta gacetilla de sincero homenaje.<\/p>\n<p style=\"text-align: justify;\"><a href=\"https:\/\/i0.wp.com\/miradordeatarfe.es\/wp-content\/uploads\/2018\/04\/29366415_1688476404571701_1045268076022093273_n.jpg?ssl=1\"><img data-recalc-dims=\"1\" loading=\"lazy\" decoding=\"async\" class=\"alignnone size-full wp-image-22705\" src=\"https:\/\/i0.wp.com\/miradordeatarfe.es\/wp-content\/uploads\/2018\/04\/29366415_1688476404571701_1045268076022093273_n.jpg?resize=640%2C678&#038;ssl=1\" alt=\"\" width=\"640\" height=\"678\" srcset=\"https:\/\/i0.wp.com\/miradordeatarfe.es\/wp-content\/uploads\/2018\/04\/29366415_1688476404571701_1045268076022093273_n.jpg?w=906&amp;ssl=1 906w, https:\/\/i0.wp.com\/miradordeatarfe.es\/wp-content\/uploads\/2018\/04\/29366415_1688476404571701_1045268076022093273_n.jpg?resize=283%2C300&amp;ssl=1 283w, https:\/\/i0.wp.com\/miradordeatarfe.es\/wp-content\/uploads\/2018\/04\/29366415_1688476404571701_1045268076022093273_n.jpg?resize=768%2C814&amp;ssl=1 768w, https:\/\/i0.wp.com\/miradordeatarfe.es\/wp-content\/uploads\/2018\/04\/29366415_1688476404571701_1045268076022093273_n.jpg?resize=600%2C636&amp;ssl=1 600w\" sizes=\"auto, (max-width: 640px) 100vw, 640px\" \/><\/a><\/p>\n<div style=\"text-align: justify;\">PUBLICACI\u00d3N DE IDEAL 09.06.09 DONDE RELATA EL HOMENAJE QUE SE REALIZ\u00d3 EN ATARFE:<\/div>\n<div style=\"text-align: justify;\"><\/div>\n<div class=\"p\" style=\"text-align: justify;\">Casi un millar de personas, la mayor\u00eda estudiantes de bachillerato de los distintos centros de Atarfe se dieron cita ayer en el centro cultural Medina Elvira para recibir y dar un homenaje al profesor Francisco Gil Tovar, un prestigioso catedr\u00e1tico de Arte nacido en la localidad atarfe\u00f1a y afincado desde hace m\u00e1s de cincuenta a\u00f1os en Bogot\u00e1.<\/div>\n<div><\/div>\n<div class=\"p\" style=\"text-align: justify;\">En la capital colombiana ha sido decano de la Facultad de Filosof\u00eda y Letras y fundador del Centro de Formaci\u00f3n Human\u00edstica, donde se le considera una eminencia en materia art\u00edstica.<\/div>\n<div><\/div>\n<div class=\"p\" style=\"text-align: justify;\">Gil Tovar reconoci\u00f3 ante los j\u00f3venes, colectivos sociales y la Asociaci\u00f3n de Sordos, no haber pisado hasta ayer la tierra de Atarfe en la que vino al mundo, ya que, tras ser bautizado hace 85 a\u00f1os, su familia se traslad\u00f3 a otros lugares de la pen\u00ednsula y luego a Am\u00e9rica.<\/div>\n<div><\/div>\n<div class=\"p\" style=\"text-align: justify;\">\u201c<em>Es la primera vez, por tanto, que piso la tierra que me vio nacer y estoy muy orgulloso de ello y de que mis paisanos me hay\u00e1is recibido tan c\u00e1lidamente y sobre todo la juventud de Atarfe\u201d<\/em>, se\u00f1al\u00f3 emocionado.<\/div>\n<div><\/div>\n<div class=\"p\" style=\"text-align: justify;\">El profesor Tovar ha sido tambi\u00e9n director de la Escuela de Periodismo de Bogot\u00e1 y es autor de 54 libros sobre arte, historia, t\u00e9cnicas period\u00edsticas y comunicaci\u00f3n social.<\/div>\n<div class=\"p\" style=\"text-align: justify;\">Gil Tovar fue acompa\u00f1ado en el acto por el primer teniente de alcalde de Atarfe, Antonio Ib\u00e1\u00f1ez, quien le obsequi\u00f3 con varios regalos, los catedr\u00e1ticos Juan de Dios Jim\u00e9nez Aguilera y Rafael L\u00f3pez Guzm\u00e1n y el concejal de cultura Tomas Ruiz<\/div>\n<p style=\"text-align: justify;\">Curiosidades elvirenses.<\/p>\n<\/div>\n","protected":false},"excerpt":{"rendered":"<p>En julio del a\u00f1o pasado falleci\u00f3 en Bogot\u00e1 (Colombia) el catedr\u00e1tico de arte y una&#8230;<\/p>\n","protected":false},"author":1,"featured_media":22706,"comment_status":"closed","ping_status":"closed","sticky":false,"template":"","format":"standard","meta":{"_coblocks_attr":"","_coblocks_dimensions":"","_coblocks_responsive_height":"","_coblocks_accordion_ie_support":"","jetpack_post_was_ever_published":false,"_jetpack_newsletter_access":"","_jetpack_dont_email_post_to_subs":false,"_jetpack_newsletter_tier_id":0,"_jetpack_memberships_contains_paywalled_content":false,"_jetpack_memberships_contains_paid_content":false,"footnotes":"","jetpack_publicize_message":"","jetpack_publicize_feature_enabled":true,"jetpack_social_post_already_shared":false,"jetpack_social_options":{"image_generator_settings":{"template":"highway","default_image_id":0,"enabled":false},"version":2}},"categories":[1161,1225,38,6539],"tags":[81,2748,4808],"class_list":["post-22704","post","type-post","status-publish","format-standard","has-post-thumbnail","hentry","category-ciudadania","category-ha-de-atarfe","category-opinion-de-jose-enrique-granados","category-personajes-de-ataref","tag-atarfe","tag-homenaje","tag-personas-ilustres"],"jetpack_publicize_connections":[],"jetpack_featured_media_url":"https:\/\/i0.wp.com\/miradordeatarfe.es\/wp-content\/uploads\/2018\/04\/homenaje-profe-253x190.jpg?fit=253%2C190&ssl=1","jetpack_likes_enabled":true,"jetpack_sharing_enabled":true,"_links":{"self":[{"href":"https:\/\/miradordeatarfe.es\/index.php?rest_route=\/wp\/v2\/posts\/22704","targetHints":{"allow":["GET"]}}],"collection":[{"href":"https:\/\/miradordeatarfe.es\/index.php?rest_route=\/wp\/v2\/posts"}],"about":[{"href":"https:\/\/miradordeatarfe.es\/index.php?rest_route=\/wp\/v2\/types\/post"}],"author":[{"embeddable":true,"href":"https:\/\/miradordeatarfe.es\/index.php?rest_route=\/wp\/v2\/users\/1"}],"replies":[{"embeddable":true,"href":"https:\/\/miradordeatarfe.es\/index.php?rest_route=%2Fwp%2Fv2%2Fcomments&post=22704"}],"version-history":[{"count":2,"href":"https:\/\/miradordeatarfe.es\/index.php?rest_route=\/wp\/v2\/posts\/22704\/revisions"}],"predecessor-version":[{"id":36390,"href":"https:\/\/miradordeatarfe.es\/index.php?rest_route=\/wp\/v2\/posts\/22704\/revisions\/36390"}],"wp:featuredmedia":[{"embeddable":true,"href":"https:\/\/miradordeatarfe.es\/index.php?rest_route=\/wp\/v2\/media\/22706"}],"wp:attachment":[{"href":"https:\/\/miradordeatarfe.es\/index.php?rest_route=%2Fwp%2Fv2%2Fmedia&parent=22704"}],"wp:term":[{"taxonomy":"category","embeddable":true,"href":"https:\/\/miradordeatarfe.es\/index.php?rest_route=%2Fwp%2Fv2%2Fcategories&post=22704"},{"taxonomy":"post_tag","embeddable":true,"href":"https:\/\/miradordeatarfe.es\/index.php?rest_route=%2Fwp%2Fv2%2Ftags&post=22704"}],"curies":[{"name":"wp","href":"https:\/\/api.w.org\/{rel}","templated":true}]}}