{"id":230,"date":"2015-03-12T09:27:04","date_gmt":"2015-03-12T09:27:04","guid":{"rendered":"http:\/\/miradordeatarfe.es\/?p=230"},"modified":"2015-03-13T09:19:52","modified_gmt":"2015-03-13T09:19:52","slug":"el-museo-arqueologico-nacional-muestra-una-alhambra-inedita","status":"publish","type":"post","link":"https:\/\/miradordeatarfe.es\/?p=230","title":{"rendered":"El Museo Arqueol\u00f3gico Nacional muestra una Alhambra in\u00e9dita"},"content":{"rendered":"<div class=\"module\">\n<div class=\"block\">\n<div class=\"colAB\">\n<div class=\"eNoticia8\">\n<div class=\"element\">\n<div class=\"titles\">\n<p class=\"subtitle\">El centro inaugura el viernes una exposici\u00f3n sobre el trabajo de Jean Laurent y Fernando Manso que re\u00fane un excepcional inventario de fotograf\u00edas del monumento<\/p>\n<\/div>\n<\/div>\n<\/div>\n<\/div>\n<\/div>\n<\/div>\n<p><!--more-->El Museo Arqueol\u00f3gico Nacional presenta una mirada \u00edntima y personal a los jardines y palacios de la Alhambra, a trav\u00e9s de 57 fotograf\u00edas realizadas con la misma t\u00e9cnica -una m\u00e1quina de placas-, pero por dos artistas diferentes separados 150 a\u00f1os en el tiempo. Se rinde, as\u00ed, homenaje a la belleza monumental de este conjunto y de su entorno natural, Patrimonio de la Humanidad desde 1984 y uno de los iconos art\u00edsticos de Espa\u00f1a.<\/p>\n<p>Jean Laurent (1816-1886) y Fernando Manso (Madrid 1961) son los fot\u00f3grafos que protagonizan esta muestra que re\u00fane un excepcional inventario de fotograf\u00edas sobre la Alhambra y la ciudad de Granada, en tiempos pasados y presentes. Con una m\u00e1quina de placas pero con una diferencia de 150 a\u00f1os, estos dos fot\u00f3grafos retratan bajo una mirada \u00edntima y personal los jardines, palacios y entorno del conjunto de la Alhambra.<\/p>\n<p>Las 22 obras que se muestran del fot\u00f3grafo franc\u00e9s Jean Laurent, impulsor de una de las casas fotogr\u00e1ficas m\u00e1s activas en la difusi\u00f3n de im\u00e1genes de la ciudad de Granada y del monumento nazar\u00ed, presentan una cuidada selecci\u00f3n de fotograf\u00edas, escogidas de entre m\u00e1s de 400 im\u00e1genes que compon\u00edan el cat\u00e1logo original que realiz\u00f3 . Este trabajo ofrece un valioso documento visual de la Granada de la segunda mitad del siglo XIX y una magn\u00edfica muestra del conocimiento de las t\u00e9cnicas de representaci\u00f3n fotogr\u00e1ficas propias de la \u00e9poca.<\/p>\n<p>De Fernando Manso, dedicado desde hace dos d\u00e9cadas a la fotograf\u00eda art\u00edstica y siempre unido a su c\u00e1mara anal\u00f3gica de placas, se exponen cerca de cuarenta fotograf\u00edas de gran formato. Una selecci\u00f3n tomada del trabajo que el autor ha realizado durante un a\u00f1o -m\u00e1s de quinientas horas inmerso en la Alhambra- cuyo resultado ha sido un centenar de fotograf\u00edas en las que nos ofrece una visi\u00f3n meditada, diferente e in\u00e9dita. Con esta exposici\u00f3n se rinde homenaje a la belleza monumental de la Alhambra y su entorno natural ensalz\u00e1ndola como icono cultural y art\u00edstico de Espa\u00f1a.<\/p>\n<p>Jean Laurent, franc\u00e9s afincado en Madrid desde 1843, fue uno de los fot\u00f3grafos comerciales m\u00e1s importantes del siglo XIX. Se exhiben ahora 22 obras seleccionadas de su cat\u00e1logo dedicado a Granada y al monumento nazar\u00ed, un valioso documento visual de la ciudad andaluza durante la segunda mitad del siglo XIX, y una magn\u00edfica muestra del conocimiento de las t\u00e9cnicas de representaci\u00f3n fotogr\u00e1fica propias de la \u00e9poca.<\/p>\n<p>Fernando Manso (1961), dedicado desde hace dos d\u00e9cadas a la fotograf\u00eda art\u00edstica con las mismas t\u00e9cnicas del siglo XIX, muestra 35 obras de gran formato, resultado de m\u00e1s de 500 horas de inmersi\u00f3n en la Alhambra, para ofrecer al espectador una visi\u00f3n meditada, diferente e in\u00e9dita.<\/p>\n","protected":false},"excerpt":{"rendered":"<p>El centro inaugura el viernes una exposici\u00f3n sobre el trabajo de Jean Laurent y Fernando&#8230;<\/p>\n","protected":false},"author":1,"featured_media":231,"comment_status":"closed","ping_status":"closed","sticky":false,"template":"","format":"standard","meta":{"_coblocks_attr":"","_coblocks_dimensions":"","_coblocks_responsive_height":"","_coblocks_accordion_ie_support":"","jetpack_post_was_ever_published":false,"_jetpack_newsletter_access":"","_jetpack_dont_email_post_to_subs":false,"_jetpack_newsletter_tier_id":0,"_jetpack_memberships_contains_paywalled_content":false,"_jetpack_memberships_contains_paid_content":false,"footnotes":"","jetpack_publicize_message":"","jetpack_publicize_feature_enabled":true,"jetpack_social_post_already_shared":false,"jetpack_social_options":{"image_generator_settings":{"template":"highway","default_image_id":0,"enabled":false},"version":2}},"categories":[12,15],"tags":[134,90,135],"class_list":["post-230","post","type-post","status-publish","format-standard","has-post-thumbnail","hentry","category-cultura","category-ultimas-noticias","tag-alhambra","tag-cultura","tag-museo"],"jetpack_publicize_connections":[],"jetpack_featured_media_url":"https:\/\/i0.wp.com\/miradordeatarfe.es\/wp-content\/uploads\/2015\/03\/alha.jpg?fit=230%2C163&ssl=1","jetpack_likes_enabled":true,"jetpack_sharing_enabled":true,"_links":{"self":[{"href":"https:\/\/miradordeatarfe.es\/index.php?rest_route=\/wp\/v2\/posts\/230","targetHints":{"allow":["GET"]}}],"collection":[{"href":"https:\/\/miradordeatarfe.es\/index.php?rest_route=\/wp\/v2\/posts"}],"about":[{"href":"https:\/\/miradordeatarfe.es\/index.php?rest_route=\/wp\/v2\/types\/post"}],"author":[{"embeddable":true,"href":"https:\/\/miradordeatarfe.es\/index.php?rest_route=\/wp\/v2\/users\/1"}],"replies":[{"embeddable":true,"href":"https:\/\/miradordeatarfe.es\/index.php?rest_route=%2Fwp%2Fv2%2Fcomments&post=230"}],"version-history":[{"count":1,"href":"https:\/\/miradordeatarfe.es\/index.php?rest_route=\/wp\/v2\/posts\/230\/revisions"}],"predecessor-version":[{"id":232,"href":"https:\/\/miradordeatarfe.es\/index.php?rest_route=\/wp\/v2\/posts\/230\/revisions\/232"}],"wp:featuredmedia":[{"embeddable":true,"href":"https:\/\/miradordeatarfe.es\/index.php?rest_route=\/wp\/v2\/media\/231"}],"wp:attachment":[{"href":"https:\/\/miradordeatarfe.es\/index.php?rest_route=%2Fwp%2Fv2%2Fmedia&parent=230"}],"wp:term":[{"taxonomy":"category","embeddable":true,"href":"https:\/\/miradordeatarfe.es\/index.php?rest_route=%2Fwp%2Fv2%2Fcategories&post=230"},{"taxonomy":"post_tag","embeddable":true,"href":"https:\/\/miradordeatarfe.es\/index.php?rest_route=%2Fwp%2Fv2%2Ftags&post=230"}],"curies":[{"name":"wp","href":"https:\/\/api.w.org\/{rel}","templated":true}]}}