{"id":2303,"date":"2015-06-14T06:20:15","date_gmt":"2015-06-14T06:20:15","guid":{"rendered":"http:\/\/miradordeatarfe.es\/?p=2303"},"modified":"2015-06-20T10:10:47","modified_gmt":"2015-06-20T10:10:47","slug":"los-impuestos-injustos-con-los-asalariados-y-las-clases-medias","status":"publish","type":"post","link":"https:\/\/miradordeatarfe.es\/?p=2303","title":{"rendered":"Los impuestos: injustos con los asalariados y las clases medias"},"content":{"rendered":"<div class=\"clearfix\"><\/div>\n<div class=\"row\">\n<div class=\"col-md-12 nill-singlecontent\">\n<div class=\"entradilla\">Muchos espa\u00f1oles viven con la sensaci\u00f3n de que pagan demasiados impuestos, pero son m\u00e1s los que piensan que esos impuestos no est\u00e1n distribuidos equitativamente, lo que provoca un sentimiento de injusticia.<!--more--><\/p>\n<\/div>\n<p><strong>El 2014 quedar\u00e1 para la historia como el a\u00f1o que pagamos m\u00e1s impuestos<\/strong>. La carga fiscal que soportaron empresas y familias el a\u00f1o pasado fue la m\u00e1s alta de la serie hist\u00f3rica de la Agencia Tributaria, que comienza en 1995. La explicaci\u00f3n para que esto haya sucedido la encontramos<em> en las considerables subidas aplicadas a los principales impuestos<\/em>, de modo que incluso con muchos menos empleos y muchas menos empresas que hace unos a\u00f1os, el Estado ingres\u00f3 175.000 millones de euros, solo por detr\u00e1s de la recaudaci\u00f3n de 2006 (179.000 millones) y 2007 (200.000 millones), los \u00faltimos a\u00f1os de bonanza econ\u00f3mica, previos al estallido de la crisis.<br \/>\nSi analizamos los dos principales impuestos podemos ver que <strong>las recaudaciones de IRPF e IVA arrojan cifras r\u00e9cord<\/strong> durante el a\u00f1o 2014. En el Impuesto sobre la Renta de las Personas F\u00edsicas, los ingresos fueron de 72.662 millones de euros, el n\u00famero m\u00e1s alto de toda la serie hist\u00f3rica, con un aumento de casi 50 millones frente al nivel registrado en 2007. En cuanto al IVA, la cifra de 2014 fue de 56.174 millones, tambi\u00e9n la mayor cifra de la historia, superando los n\u00fameros de 2007 en 320 millones.<br \/>\nAdem\u00e1s en Espa\u00f1a<strong> los impuestos no est\u00e1n bien distribuidos<\/strong>. Por ejemplo, en 2014 la presi\u00f3n fiscal sobre el empleo alcanz\u00f3 de media el 40,71% para un trabajador sin hijos, casi un punto por encima de la media de la OCDE, el 35,96%.<br \/>\nSi analizamos la fiscalidad del trabajo en otros pa\u00edses de Europa, comprobamos que el tipo impositivo real que soportan de media los espa\u00f1oles llega al 40,5%, por encima del 26,68% de Irlanda, el 31,54% de Reino Unido, el 37,9% de Luxemburgo o el 37,98% de Dinamarca. En este ranking s\u00f3lo nos superan el 42,21% finland\u00e9s o el 42,87% sueco. Por si fuera poco, el sueldo medio de todos estos pa\u00edses, es muy superior a los niveles de remuneraci\u00f3n observados en Espa\u00f1a.<br \/>\nCon todos estos datos a la vista, hemos consultado a los miembros del <strong>Club Opinamos<\/strong> qu\u00e9 les parec\u00edan los impuestos en nuestro pa\u00eds. S\u00f3lo un escaso <strong>8\u20195%<\/strong> de los encuestados opinan que son<strong> los correctos para poder mantener el Estado de bienestar<\/strong> y, a\u00fan menor, un testimonial <strong>2\u20191 %<\/strong> cree que <strong>son bajos y deben subirse para que el Estado pueda cubrir mejor nuestras necesidades<\/strong>.<br \/>\nResulta curioso que tampoco sea la opci\u00f3n que califica de altos los impuestos la que tenga m\u00e1s adeptos, apenas un exiguo <strong>8\u20197 %<\/strong> afirma que <strong>habr\u00eda que bajarlos aunque eso suponga renunciar a derechos como la sanidad o la educaci\u00f3n gratuitas<\/strong>. En realidad y de forma abrumadora, un incre\u00edble<strong> 80\u20197 %<\/strong> opina as\u00ed, los espa\u00f1oles creen que nuestros impuestos<strong> son injustos, ya que los asalariados y las clases medias soportan la mayor parte de la carga impositiva.<\/strong><\/p>\n<\/div>\n<\/div>\n<div class=\"row\">\n<div class=\"showbiz-container fullwidth nopaddings grafico\">\n<div class=\"col-lg-4\">\n<div id=\"change_graphic_filter_397\" class=\"change_filter\">\n<h6><\/h6>\n<\/div>\n<\/div>\n<\/div>\n<\/div>\n","protected":false},"excerpt":{"rendered":"<p>Muchos espa\u00f1oles viven con la sensaci\u00f3n de que pagan demasiados impuestos, pero son m\u00e1s los&#8230;<\/p>\n","protected":false},"author":1,"featured_media":2304,"comment_status":"closed","ping_status":"closed","sticky":false,"template":"","format":"standard","meta":{"_coblocks_attr":"","_coblocks_dimensions":"","_coblocks_responsive_height":"","_coblocks_accordion_ie_support":"","jetpack_post_was_ever_published":false,"_jetpack_newsletter_access":"","_jetpack_dont_email_post_to_subs":false,"_jetpack_newsletter_tier_id":0,"_jetpack_memberships_contains_paywalled_content":false,"_jetpack_memberships_contains_paid_content":false,"footnotes":"","jetpack_publicize_message":"","jetpack_publicize_feature_enabled":true,"jetpack_social_post_already_shared":false,"jetpack_social_options":{"image_generator_settings":{"template":"highway","default_image_id":0,"enabled":false},"version":2}},"categories":[186,15],"tags":[65,836,383,91],"class_list":["post-2303","post","type-post","status-publish","format-standard","has-post-thumbnail","hentry","category-instituciones","category-ultimas-noticias","tag-economia","tag-impuestos","tag-irpf","tag-iva"],"jetpack_publicize_connections":[],"jetpack_featured_media_url":"https:\/\/i0.wp.com\/miradordeatarfe.es\/wp-content\/uploads\/2015\/06\/Cristobal_Montoro1.jpg?fit=1203%2C450&ssl=1","jetpack_likes_enabled":true,"jetpack_sharing_enabled":true,"_links":{"self":[{"href":"https:\/\/miradordeatarfe.es\/index.php?rest_route=\/wp\/v2\/posts\/2303","targetHints":{"allow":["GET"]}}],"collection":[{"href":"https:\/\/miradordeatarfe.es\/index.php?rest_route=\/wp\/v2\/posts"}],"about":[{"href":"https:\/\/miradordeatarfe.es\/index.php?rest_route=\/wp\/v2\/types\/post"}],"author":[{"embeddable":true,"href":"https:\/\/miradordeatarfe.es\/index.php?rest_route=\/wp\/v2\/users\/1"}],"replies":[{"embeddable":true,"href":"https:\/\/miradordeatarfe.es\/index.php?rest_route=%2Fwp%2Fv2%2Fcomments&post=2303"}],"version-history":[{"count":1,"href":"https:\/\/miradordeatarfe.es\/index.php?rest_route=\/wp\/v2\/posts\/2303\/revisions"}],"predecessor-version":[{"id":2305,"href":"https:\/\/miradordeatarfe.es\/index.php?rest_route=\/wp\/v2\/posts\/2303\/revisions\/2305"}],"wp:featuredmedia":[{"embeddable":true,"href":"https:\/\/miradordeatarfe.es\/index.php?rest_route=\/wp\/v2\/media\/2304"}],"wp:attachment":[{"href":"https:\/\/miradordeatarfe.es\/index.php?rest_route=%2Fwp%2Fv2%2Fmedia&parent=2303"}],"wp:term":[{"taxonomy":"category","embeddable":true,"href":"https:\/\/miradordeatarfe.es\/index.php?rest_route=%2Fwp%2Fv2%2Fcategories&post=2303"},{"taxonomy":"post_tag","embeddable":true,"href":"https:\/\/miradordeatarfe.es\/index.php?rest_route=%2Fwp%2Fv2%2Ftags&post=2303"}],"curies":[{"name":"wp","href":"https:\/\/api.w.org\/{rel}","templated":true}]}}