{"id":2317,"date":"2015-06-12T08:36:40","date_gmt":"2015-06-12T08:36:40","guid":{"rendered":"http:\/\/miradordeatarfe.es\/?p=2317"},"modified":"2015-06-13T08:08:21","modified_gmt":"2015-06-13T08:08:21","slug":"reforma-irpf-rebaja-del-71-para-las-rentas-de-39-000-euros-y-del-98-para-las-de-194-000","status":"publish","type":"post","link":"https:\/\/miradordeatarfe.es\/?p=2317","title":{"rendered":"Reforma IRPF: rebaja del 7,1% para las rentas de 39.000 euros y del 9,8% para las de 194.000"},"content":{"rendered":"<div id=\"tamano\" class=\"tamano\">\n<p>Una renta media de 39.315 euros anuales pagar\u00e1 un 7,1% menos a Hacienda entre 2015 y 2016, y sin, embargo, un contribuyente con unos ingresos gravables de 194.000 tendr\u00e1 un descuento del 9,8% en la cuota impositiva. Es una de las conclusiones que se extrae del informe elaborado por la Fundaci\u00f3n de Estudios de Econom\u00eda Aplicada (Fedea) sobre el impacto de la reforma fiscal en los bolsillos de los espa\u00f1oles.<\/p>\n<p><!--more--><\/p>\n<p><strong>S\u00f3lo en 2015 ese primer contribuyente con menos de 40.000 euros de ingresos tendr\u00e1 una reducci\u00f3n del 4,6% en la cuota final mientras que el de m\u00e1s de 194.000 tendr\u00e1 una rebaja del 7,2%<\/strong>. Es decir, entre el grupo con mayores ingresos (\u00faltima decila del estudio) <strong>son los m\u00e1s ricos los m\u00e1s favorecido<\/strong>s.<\/p>\n<p>Para Fedea, el beneficio de la reforma para el 1% de los contribuyentes que m\u00e1s renta declaran, unos 200.000 con unos ingresos medios gravables superiores a 94.182 euros, es mayor en t\u00e9rminos relativos que para el 20% de los contribuyentes m\u00e1s ricos cuya renta es superior a 29.549 euros.<\/p>\n<p><a href=\"https:\/\/i0.wp.com\/miradordeatarfe.es\/wp-content\/uploads\/2015\/06\/irpf.jpg?ssl=1\"><img data-recalc-dims=\"1\" loading=\"lazy\" decoding=\"async\" class=\"alignnone size-full wp-image-2319\" src=\"https:\/\/i0.wp.com\/miradordeatarfe.es\/wp-content\/uploads\/2015\/06\/irpf.jpg?resize=341%2C148&#038;ssl=1\" alt=\"irpf\" width=\"341\" height=\"148\" srcset=\"https:\/\/i0.wp.com\/miradordeatarfe.es\/wp-content\/uploads\/2015\/06\/irpf.jpg?w=341&amp;ssl=1 341w, https:\/\/i0.wp.com\/miradordeatarfe.es\/wp-content\/uploads\/2015\/06\/irpf.jpg?resize=300%2C130&amp;ssl=1 300w\" sizes=\"auto, (max-width: 341px) 100vw, 341px\" \/><\/a><\/p>\n<p>Seg\u00fan la Fundaci\u00f3n, todos los contribuyentes pagar\u00e1n menos impuestos. La ganancia es decreciente a medida que crecen los ingresos aunque en la \u00faltima decila, es decir, a partir de esos 39.315 euros de media, el beneficio se acrecienta cuanto mayores son las rentas declaradas..<\/p>\n<p>Sin embargo, en t\u00e9rminos de cuota final, un 60,7 % de los contribuyentes tiene un IRPF menor en 2015 que en 2014, y un 6,9% un impuesto mayor, resultando la reforma indiferente para el resto. Si a\u00f1adimos los efectos de la segunda parte de la reforma, aplicada en 2016, los ganadores con la reforma crecen hasta el 62,4% de los contribuyentes, y los perdedores caen al 5,2%. La ganancia media entre 2014 y 2016 es de 505,20 euros y la p\u00e9rdida media, de 361,36 euros.<\/p>\n<p>Seg\u00fan la Fundaci\u00f3n, en 2015 ya se corrigen los efectos de la subida complementaria que el Gobierno realiz\u00f3 entre 2012-2014. El efecto global del efecto de la reforma entre 2015 y 2016 es de 7.100 millones de euros. Si a esta cifra se le resta el incremento de ingresos que supuso la subida del IRPF a partir de 2012 de 4.700 millones, <strong>la reducci\u00f3n del impuesto neta es de 2.400 millone<\/strong>s.<\/p>\n<p>Otra conclusi\u00f3n es que <strong>aumenta la progresividad<\/strong> del impuesto (se paga m\u00e1s si se declara m\u00e1s), <strong>salvo para los m\u00e1s ricos.<\/strong> Pero, la redistribuci\u00f3n del impuesto resulta afectada porque la ganancia de renta que se produce es mayor en los tramos de ingresos m\u00e1s bajos y se va reduciendo a medida que aumenta la renta, salvo en ese 1% de los ricos que m\u00e1s declaran donde la ganancia vuelve a aumentar.<\/p>\n<p><a href=\"http:\/\/www.elmundo.es\/economia\/2015\/06\/10\/557818e7268e3e813a8b457e.html\">http:\/\/www.elmundo.es\/economia\/2015\/06\/10\/557818e7268e3e813a8b457e.html<\/a><\/p>\n<\/div>\n<p>&nbsp;<\/p>\n","protected":false},"excerpt":{"rendered":"<p>Una renta media de 39.315 euros anuales pagar\u00e1 un 7,1% menos a Hacienda entre 2015&#8230;<\/p>\n","protected":false},"author":1,"featured_media":2318,"comment_status":"closed","ping_status":"closed","sticky":false,"template":"","format":"standard","meta":{"_coblocks_attr":"","_coblocks_dimensions":"","_coblocks_responsive_height":"","_coblocks_accordion_ie_support":"","jetpack_post_was_ever_published":false,"_jetpack_newsletter_access":"","_jetpack_dont_email_post_to_subs":false,"_jetpack_newsletter_tier_id":0,"_jetpack_memberships_contains_paywalled_content":false,"_jetpack_memberships_contains_paid_content":false,"footnotes":"","jetpack_publicize_message":"","jetpack_publicize_feature_enabled":true,"jetpack_social_post_already_shared":false,"jetpack_social_options":{"image_generator_settings":{"template":"highway","default_image_id":0,"enabled":false},"version":2}},"categories":[186,15],"tags":[383,840],"class_list":["post-2317","post","type-post","status-publish","format-standard","has-post-thumbnail","hentry","category-instituciones","category-ultimas-noticias","tag-irpf","tag-tramos-de-impuestos"],"jetpack_publicize_connections":[],"jetpack_featured_media_url":"https:\/\/i0.wp.com\/miradordeatarfe.es\/wp-content\/uploads\/2015\/06\/irpf2.jpg?fit=251%2C201&ssl=1","jetpack_likes_enabled":true,"jetpack_sharing_enabled":true,"_links":{"self":[{"href":"https:\/\/miradordeatarfe.es\/index.php?rest_route=\/wp\/v2\/posts\/2317","targetHints":{"allow":["GET"]}}],"collection":[{"href":"https:\/\/miradordeatarfe.es\/index.php?rest_route=\/wp\/v2\/posts"}],"about":[{"href":"https:\/\/miradordeatarfe.es\/index.php?rest_route=\/wp\/v2\/types\/post"}],"author":[{"embeddable":true,"href":"https:\/\/miradordeatarfe.es\/index.php?rest_route=\/wp\/v2\/users\/1"}],"replies":[{"embeddable":true,"href":"https:\/\/miradordeatarfe.es\/index.php?rest_route=%2Fwp%2Fv2%2Fcomments&post=2317"}],"version-history":[{"count":1,"href":"https:\/\/miradordeatarfe.es\/index.php?rest_route=\/wp\/v2\/posts\/2317\/revisions"}],"predecessor-version":[{"id":2320,"href":"https:\/\/miradordeatarfe.es\/index.php?rest_route=\/wp\/v2\/posts\/2317\/revisions\/2320"}],"wp:featuredmedia":[{"embeddable":true,"href":"https:\/\/miradordeatarfe.es\/index.php?rest_route=\/wp\/v2\/media\/2318"}],"wp:attachment":[{"href":"https:\/\/miradordeatarfe.es\/index.php?rest_route=%2Fwp%2Fv2%2Fmedia&parent=2317"}],"wp:term":[{"taxonomy":"category","embeddable":true,"href":"https:\/\/miradordeatarfe.es\/index.php?rest_route=%2Fwp%2Fv2%2Fcategories&post=2317"},{"taxonomy":"post_tag","embeddable":true,"href":"https:\/\/miradordeatarfe.es\/index.php?rest_route=%2Fwp%2Fv2%2Ftags&post=2317"}],"curies":[{"name":"wp","href":"https:\/\/api.w.org\/{rel}","templated":true}]}}