{"id":2325,"date":"2015-06-13T08:49:17","date_gmt":"2015-06-13T08:49:17","guid":{"rendered":"http:\/\/miradordeatarfe.es\/?p=2325"},"modified":"2015-06-14T08:36:04","modified_gmt":"2015-06-14T08:36:04","slug":"granada-es-la-tercera-ciudad-de-espana-donde-mas-se-lee","status":"publish","type":"post","link":"https:\/\/miradordeatarfe.es\/?p=2325","title":{"rendered":"Granada es la tercera ciudad de Espa\u00f1a donde m\u00e1s se lee"},"content":{"rendered":"<p>Esta clasificaci\u00f3n se ha elaborado analizando las ventas per c\u00e1pita de libros, tanto impresos como eBooks, en ciudades de m\u00e1s de 100.000 habitantes<!--more--><\/p>\n<p>Alcobendas (Madrid) lidera el ranking de las 10 ciudades espa\u00f1olas que m\u00e1s leen, seguida de Madrid, <span id=\"U3073447725541UzE\">Granada<\/span>, Valencia, Oviedo, Vigo, Palma de Mallorca, Santander, Salamanca y Logro\u00f1o, seg\u00fan Amazon.es, que ha hecho p\u00fablica esta clasificaci\u00f3n coincidiendo con la Feria del Libro de Madrid.<\/p>\n<aside class=\"compSumario\">\u00abEste ranking muestra claramente hasta qu\u00e9 punto la pasi\u00f3n por la lectura goza de buena salud a lo largo y ancho de Espa\u00f1a\u00bb, explica el vicepresidente Kindle EU<\/aside>\n<p>En el ranking de este a\u00f1o, Alcobendas retoma la posici\u00f3n de liderazgo, un puesto que hab\u00eda perdido en 2014 a favor de Majadahonda. Este a\u00f1o, adem\u00e1s, tambi\u00e9n hay muchos reci\u00e9n llegados a los primeros puestos como Valencia, Palma, Santander, Logro\u00f1o, Salamanca y Vigo, que alcanzan el &#8216;top 10&#8217; por primera vez. Oviedo se estrena como la primera ciudad de Asturias en aparecer en la lista.<\/p>\n<p>Esta clasificaci\u00f3n se ha elaborado analizando las ventas per c\u00e1pita de libros, tanto impresos como eBooks, en ciudades de m\u00e1s de 100.000 habitantes.<\/p>\n<p>\u00abEste ranking muestra claramente hasta qu\u00e9 punto la pasi\u00f3n por la lectura goza de buena salud a lo largo y ancho de Espa\u00f1a\u00bb, explica el vicepresidente Kindle EU, Jorrit Van der Meulen, para quien \u00ablos amantes de los libros van descubriendo r\u00e1pidamente las enormes ventajas del entorno digital\u00bb.<\/p>\n","protected":false},"excerpt":{"rendered":"<p>Esta clasificaci\u00f3n se ha elaborado analizando las ventas per c\u00e1pita de libros, tanto impresos como&#8230;<\/p>\n","protected":false},"author":1,"featured_media":2327,"comment_status":"closed","ping_status":"closed","sticky":false,"template":"","format":"standard","meta":{"_coblocks_attr":"","_coblocks_dimensions":"","_coblocks_responsive_height":"","_coblocks_accordion_ie_support":"","jetpack_post_was_ever_published":false,"_jetpack_newsletter_access":"","_jetpack_dont_email_post_to_subs":false,"_jetpack_newsletter_tier_id":0,"_jetpack_memberships_contains_paywalled_content":false,"_jetpack_memberships_contains_paid_content":false,"footnotes":"","jetpack_publicize_message":"","jetpack_publicize_feature_enabled":true,"jetpack_social_post_already_shared":false,"jetpack_social_options":{"image_generator_settings":{"template":"highway","default_image_id":0,"enabled":false},"version":2}},"categories":[12,186,15],"tags":[491,305,841],"class_list":["post-2325","post","type-post","status-publish","format-standard","has-post-thumbnail","hentry","category-cultura","category-instituciones","category-ultimas-noticias","tag-lectura","tag-leer","tag-ventas"],"jetpack_publicize_connections":[],"jetpack_featured_media_url":"https:\/\/i0.wp.com\/miradordeatarfe.es\/wp-content\/uploads\/2015\/06\/lectura-575x323.jpg?fit=575%2C323&ssl=1","jetpack_likes_enabled":true,"jetpack_sharing_enabled":true,"_links":{"self":[{"href":"https:\/\/miradordeatarfe.es\/index.php?rest_route=\/wp\/v2\/posts\/2325","targetHints":{"allow":["GET"]}}],"collection":[{"href":"https:\/\/miradordeatarfe.es\/index.php?rest_route=\/wp\/v2\/posts"}],"about":[{"href":"https:\/\/miradordeatarfe.es\/index.php?rest_route=\/wp\/v2\/types\/post"}],"author":[{"embeddable":true,"href":"https:\/\/miradordeatarfe.es\/index.php?rest_route=\/wp\/v2\/users\/1"}],"replies":[{"embeddable":true,"href":"https:\/\/miradordeatarfe.es\/index.php?rest_route=%2Fwp%2Fv2%2Fcomments&post=2325"}],"version-history":[{"count":1,"href":"https:\/\/miradordeatarfe.es\/index.php?rest_route=\/wp\/v2\/posts\/2325\/revisions"}],"predecessor-version":[{"id":2326,"href":"https:\/\/miradordeatarfe.es\/index.php?rest_route=\/wp\/v2\/posts\/2325\/revisions\/2326"}],"wp:featuredmedia":[{"embeddable":true,"href":"https:\/\/miradordeatarfe.es\/index.php?rest_route=\/wp\/v2\/media\/2327"}],"wp:attachment":[{"href":"https:\/\/miradordeatarfe.es\/index.php?rest_route=%2Fwp%2Fv2%2Fmedia&parent=2325"}],"wp:term":[{"taxonomy":"category","embeddable":true,"href":"https:\/\/miradordeatarfe.es\/index.php?rest_route=%2Fwp%2Fv2%2Fcategories&post=2325"},{"taxonomy":"post_tag","embeddable":true,"href":"https:\/\/miradordeatarfe.es\/index.php?rest_route=%2Fwp%2Fv2%2Ftags&post=2325"}],"curies":[{"name":"wp","href":"https:\/\/api.w.org\/{rel}","templated":true}]}}