{"id":2334,"date":"2015-06-12T10:06:36","date_gmt":"2015-06-12T08:06:36","guid":{"rendered":"http:\/\/miradordeatarfe.es\/?p=2334"},"modified":"2019-10-16T13:21:31","modified_gmt":"2019-10-16T11:21:31","slug":"el-jugador-atarfeno-alex-galvez-del-werder-bremen-presenta-el-i-campus-alex-galvez-de-atarfe","status":"publish","type":"post","link":"https:\/\/miradordeatarfe.es\/?p=2334","title":{"rendered":"El jugador Atarfe\u00f1o  ALEX GALVEZ del  Werder Bremen presenta EL I CAMPUS ALEX GALVEZ de Atarfe"},"content":{"rendered":"<p>DEL 22 AL 26 DE JULIO se celebrar\u00e1 el primer campus ALEX GALVEZ en el campo de futbol municipal de Atarfe, con horario de 17:30 a 21:30<\/p>\n<p><!--more--><\/p>\n<p>&nbsp;<\/p>\n<p><span style=\"color: #000000;\"><em><strong><span style=\"font-size: large;\">HOLA SOY ALEX GALVEZ JUGADOR DEL WERDER BREMEN , OS INVITO A QUE\u00a0VENG\u00c1IS\u00a0A MI\u00a0<\/span><\/strong><\/em><\/span><\/p>\n<h2 style=\"text-align: center;\"><span style=\"color: #000000;\"><em><strong><span style=\"font-size: large;\">PRIMER CAMPUS CIUDAD DE ATARFE EN DONDE COMPARTIR\u00c9 \u00a0MI EXPERIENCIA CON VOSOTROS, REALIZAREMOS ENTRENAMIENTOS QUE TE HAR\u00c1N MEJORAR TODOS LOS ASPECTOS DEPORTIVOS Y PERSONALES \u00a0QUE NECESITAS PARA AUMENTAR TU NIVEL FUTBOL\u00cdSTICO Y HUMANO, \u00a0PARA ELLO CONTAREMOS \u00a0CON LOS MEJORES ENTRENADORES NACIONALES DE LA PROVINCIA QUE TE HAR\u00c1N DISFRUTAR \u00a0UNA SEMANA LLENA DE SORPRESAS, REGALAREMOS CAMISETAS OFICIALES DE MI EQUIPO , BALONES FIRMADOS DE MIS COMPA\u00d1EROS DE EQUIPO, COPAS , MEDALLAS UN SIN FIN DE PREMIOS<\/span><\/strong><\/em><\/span><\/h2>\n<p style=\"text-align: center;\"><span style=\"color: #000000;\"><em><strong><span style=\"font-size: large;\">Y LO MEJOR SER\u00c1 UNA SEMANA\u00a0<\/span><span style=\"line-height: 0.9em; font-size: large; background-color: rgba(0, 0, 0, 0);\">LLENA DE ILUSI\u00d3N QUE TE HAR\u00c1 SENTIR FUTBOLISTA DE \u00c9LITE .<\/span><\/strong><\/em><\/span><\/p>\n<p style=\"text-align: center;\"><span style=\"color: #000000;\">\u00a0<\/span><\/p>\n<p><strong>Alejandro G\u00e1lvez Jimena<\/strong> (Granada, Espa\u00f1a, 6 de junio de 1989) es un futbolista espa\u00f1ol que juega como defensa en el Werder Bremen de la Bundesliga de Alemania.<sup id=\"cite_ref-werder_1-0\" class=\"reference\"><span class=\"corchete-llamada\">[<\/span>1<span class=\"corchete-llamada\">]<\/span><\/sup> Es nieto de Francisco Jimena, expresidente del Granada C. F. Se inici\u00f3 en el f\u00fatbol base con el Veteranos Granada C. F., desde donde pas\u00f3 a la cantera del Albacete Balompi\u00e9 cuando estaba en categor\u00eda cadete. Con el Albacete gan\u00f3 la Copa del Rey Juvenil en 2007 y, la temporada siguiente, se incorpor\u00f3 al equipo de Divisi\u00f3n de Honor Juvenil del Villarreal C. F.<\/p>\n<p>Una campa\u00f1a despu\u00e9s, fue cedido al C. D. Onda de la Tercera Divisi\u00f3n<sup id=\"cite_ref-trayectoria_3-0\" class=\"reference\"><span class=\"corchete-llamada\">[<\/span>3<span class=\"corchete-llamada\">]<\/span><\/sup> y, en 2009, tras desvincularse del Villarreal, fich\u00f3 por el C. F. Villanovense de Segunda Divisi\u00f3n B.<sup id=\"cite_ref-trayectoria_3-1\" class=\"reference\"><span class=\"corchete-llamada\">[<\/span>3<span class=\"corchete-llamada\">]<\/span><\/sup> En junio de 2010 firm\u00f3 con el Real Sporting de Gij\u00f3n \u00abB\u00bb.<sup id=\"cite_ref-trayectoria_3-2\" class=\"reference\"><span class=\"corchete-llamada\">[<\/span>3<span class=\"corchete-llamada\">]<\/span><\/sup> Debut\u00f3 con el primer equipo del Sporting el 13 de diciembre de 2011 en un partido correspondiente a los dieciseisavos de final de la Copa del Rey disputado en el Iberostar Estadio contra el R. C. D. Malorca.<sup id=\"cite_ref-4\" class=\"reference\"><span class=\"corchete-llamada\">[<\/span>4<span class=\"corchete-llamada\">]<\/span><\/sup> Posteriormente, jug\u00f3 su primer encuentro en Primera Divisi\u00f3n el d\u00eda 15 de enero de 2012, ante el M\u00e1laga C. F. en el estadio El Molin\u00f3n, en el que contribuy\u00f3 a la victoria sportinguista por 2-1 al anotar el primero de los goles.<sup id=\"cite_ref-5\" class=\"reference\"><span class=\"corchete-llamada\">[<\/span>5<span class=\"corchete-llamada\">]<\/span><\/sup> En julio de 2012 abandon\u00f3 la disciplina rojiblanca tras no alcanzar un acuerdo para la renovaci\u00f3n de su contrato<sup id=\"cite_ref-6\" class=\"reference\"><span class=\"corchete-llamada\">[<\/span>6<span class=\"corchete-llamada\">]<\/span><\/sup> y se hizo oficial su fichaje por el Rayo Vallecano de Madrid.<sup id=\"cite_ref-7\" class=\"reference\"><span class=\"corchete-llamada\">[<\/span>7<span class=\"corchete-llamada\">]<\/span><\/sup><\/p>\n<p>El 13 de mayo de 2014 se hizo oficial su fichaje por el Werder Bremen de cara a la temporada 2014\/15.<\/p>\n<p>&nbsp;<\/p>\n<p><a href=\"https:\/\/i0.wp.com\/miradordeatarfe.es\/wp-content\/uploads\/2015\/06\/g1.jpg?ssl=1\"><img data-recalc-dims=\"1\" loading=\"lazy\" decoding=\"async\" class=\"alignnone size-full wp-image-2335\" src=\"https:\/\/i0.wp.com\/miradordeatarfe.es\/wp-content\/uploads\/2015\/06\/g1.jpg?resize=314%2C177&#038;ssl=1\" alt=\"g1\" width=\"314\" height=\"177\" srcset=\"https:\/\/i0.wp.com\/miradordeatarfe.es\/wp-content\/uploads\/2015\/06\/g1.jpg?w=314&amp;ssl=1 314w, https:\/\/i0.wp.com\/miradordeatarfe.es\/wp-content\/uploads\/2015\/06\/g1.jpg?resize=300%2C169&amp;ssl=1 300w\" sizes=\"auto, (max-width: 314px) 100vw, 314px\" \/><\/a> <a href=\"https:\/\/i0.wp.com\/miradordeatarfe.es\/wp-content\/uploads\/2015\/06\/g2.jpg?ssl=1\"><img data-recalc-dims=\"1\" loading=\"lazy\" decoding=\"async\" class=\"alignnone size-full wp-image-2336\" src=\"https:\/\/i0.wp.com\/miradordeatarfe.es\/wp-content\/uploads\/2015\/06\/g2.jpg?resize=314%2C177&#038;ssl=1\" alt=\"g2\" width=\"314\" height=\"177\" srcset=\"https:\/\/i0.wp.com\/miradordeatarfe.es\/wp-content\/uploads\/2015\/06\/g2.jpg?w=314&amp;ssl=1 314w, https:\/\/i0.wp.com\/miradordeatarfe.es\/wp-content\/uploads\/2015\/06\/g2.jpg?resize=300%2C169&amp;ssl=1 300w\" sizes=\"auto, (max-width: 314px) 100vw, 314px\" \/><\/a> <a href=\"https:\/\/i0.wp.com\/miradordeatarfe.es\/wp-content\/uploads\/2015\/06\/g3.jpg?ssl=1\"><img data-recalc-dims=\"1\" loading=\"lazy\" decoding=\"async\" class=\"alignnone size-full wp-image-2337\" src=\"https:\/\/i0.wp.com\/miradordeatarfe.es\/wp-content\/uploads\/2015\/06\/g3.jpg?resize=314%2C177&#038;ssl=1\" alt=\"g3\" width=\"314\" height=\"177\" srcset=\"https:\/\/i0.wp.com\/miradordeatarfe.es\/wp-content\/uploads\/2015\/06\/g3.jpg?w=314&amp;ssl=1 314w, https:\/\/i0.wp.com\/miradordeatarfe.es\/wp-content\/uploads\/2015\/06\/g3.jpg?resize=300%2C169&amp;ssl=1 300w\" sizes=\"auto, (max-width: 314px) 100vw, 314px\" \/><\/a> <a href=\"https:\/\/i0.wp.com\/miradordeatarfe.es\/wp-content\/uploads\/2015\/06\/g4.jpg?ssl=1\"><img data-recalc-dims=\"1\" loading=\"lazy\" decoding=\"async\" class=\"alignnone size-full wp-image-2338\" src=\"https:\/\/i0.wp.com\/miradordeatarfe.es\/wp-content\/uploads\/2015\/06\/g4.jpg?resize=314%2C177&#038;ssl=1\" alt=\"g4\" width=\"314\" height=\"177\" srcset=\"https:\/\/i0.wp.com\/miradordeatarfe.es\/wp-content\/uploads\/2015\/06\/g4.jpg?w=314&amp;ssl=1 314w, https:\/\/i0.wp.com\/miradordeatarfe.es\/wp-content\/uploads\/2015\/06\/g4.jpg?resize=300%2C169&amp;ssl=1 300w\" sizes=\"auto, (max-width: 314px) 100vw, 314px\" \/><\/a> <a href=\"https:\/\/i0.wp.com\/miradordeatarfe.es\/wp-content\/uploads\/2015\/06\/g5.jpg?ssl=1\"><img data-recalc-dims=\"1\" loading=\"lazy\" decoding=\"async\" class=\"alignnone size-full wp-image-2339\" src=\"https:\/\/i0.wp.com\/miradordeatarfe.es\/wp-content\/uploads\/2015\/06\/g5.jpg?resize=314%2C177&#038;ssl=1\" alt=\"g5\" width=\"314\" height=\"177\" srcset=\"https:\/\/i0.wp.com\/miradordeatarfe.es\/wp-content\/uploads\/2015\/06\/g5.jpg?w=314&amp;ssl=1 314w, https:\/\/i0.wp.com\/miradordeatarfe.es\/wp-content\/uploads\/2015\/06\/g5.jpg?resize=300%2C169&amp;ssl=1 300w\" sizes=\"auto, (max-width: 314px) 100vw, 314px\" \/><\/a><\/p>\n","protected":false},"excerpt":{"rendered":"<p>DEL 22 AL 26 DE JULIO se celebrar\u00e1 el primer campus ALEX GALVEZ en el&#8230;<\/p>\n","protected":false},"author":1,"featured_media":2340,"comment_status":"closed","ping_status":"closed","sticky":false,"template":"","format":"standard","meta":{"_coblocks_attr":"","_coblocks_dimensions":"","_coblocks_responsive_height":"","_coblocks_accordion_ie_support":"","jetpack_post_was_ever_published":false,"_jetpack_newsletter_access":"","_jetpack_dont_email_post_to_subs":false,"_jetpack_newsletter_tier_id":0,"_jetpack_memberships_contains_paywalled_content":false,"_jetpack_memberships_contains_paid_content":false,"footnotes":"","jetpack_publicize_message":"","jetpack_publicize_feature_enabled":true,"jetpack_social_post_already_shared":false,"jetpack_social_options":{"image_generator_settings":{"template":"highway","default_image_id":0,"enabled":false},"version":2}},"categories":[2,182,6539,15],"tags":[775,844,123],"class_list":["post-2334","post","type-post","status-publish","format-standard","has-post-thumbnail","hentry","category-atarfe","category-deportes","category-personajes-de-ataref","category-ultimas-noticias","tag-alex-galvez","tag-campus-de-futbol","tag-deportes"],"jetpack_publicize_connections":[],"jetpack_featured_media_url":"https:\/\/i0.wp.com\/miradordeatarfe.es\/wp-content\/uploads\/2015\/06\/th.jpg?fit=235%2C130&ssl=1","jetpack_likes_enabled":true,"jetpack_sharing_enabled":true,"_links":{"self":[{"href":"https:\/\/miradordeatarfe.es\/index.php?rest_route=\/wp\/v2\/posts\/2334","targetHints":{"allow":["GET"]}}],"collection":[{"href":"https:\/\/miradordeatarfe.es\/index.php?rest_route=\/wp\/v2\/posts"}],"about":[{"href":"https:\/\/miradordeatarfe.es\/index.php?rest_route=\/wp\/v2\/types\/post"}],"author":[{"embeddable":true,"href":"https:\/\/miradordeatarfe.es\/index.php?rest_route=\/wp\/v2\/users\/1"}],"replies":[{"embeddable":true,"href":"https:\/\/miradordeatarfe.es\/index.php?rest_route=%2Fwp%2Fv2%2Fcomments&post=2334"}],"version-history":[{"count":1,"href":"https:\/\/miradordeatarfe.es\/index.php?rest_route=\/wp\/v2\/posts\/2334\/revisions"}],"predecessor-version":[{"id":2341,"href":"https:\/\/miradordeatarfe.es\/index.php?rest_route=\/wp\/v2\/posts\/2334\/revisions\/2341"}],"wp:featuredmedia":[{"embeddable":true,"href":"https:\/\/miradordeatarfe.es\/index.php?rest_route=\/wp\/v2\/media\/2340"}],"wp:attachment":[{"href":"https:\/\/miradordeatarfe.es\/index.php?rest_route=%2Fwp%2Fv2%2Fmedia&parent=2334"}],"wp:term":[{"taxonomy":"category","embeddable":true,"href":"https:\/\/miradordeatarfe.es\/index.php?rest_route=%2Fwp%2Fv2%2Fcategories&post=2334"},{"taxonomy":"post_tag","embeddable":true,"href":"https:\/\/miradordeatarfe.es\/index.php?rest_route=%2Fwp%2Fv2%2Ftags&post=2334"}],"curies":[{"name":"wp","href":"https:\/\/api.w.org\/{rel}","templated":true}]}}