{"id":2347,"date":"2015-06-14T08:38:53","date_gmt":"2015-06-14T08:38:53","guid":{"rendered":"http:\/\/miradordeatarfe.es\/?p=2347"},"modified":"2025-07-17T10:17:04","modified_gmt":"2025-07-17T08:17:04","slug":"francisco-rodriguez-quesada-entra-en-la-historia-de-atarfe","status":"publish","type":"post","link":"https:\/\/miradordeatarfe.es\/?p=2347","title":{"rendered":"Francisco Rodr\u00edguez Quesada entra en la historia de Atarfe"},"content":{"rendered":"<p style=\"text-align: justify;\">El nuevo alcalde pone fin a 32 a\u00f1os de socialismo en el municipio en un pleno sin medallas ni bast\u00f3n en el que el PSOE ha pedido votaci\u00f3n secreta<!--more--><\/p>\n<p style=\"text-align: justify;\">Por <strong>Atarfe<\/strong> S\u00ed ha puesto fin a 32 a\u00f1os de socialismo en el municipio metropolitano. Un sal\u00f3n de plenos a rebosar\u00a0ha acogido este s\u00e1bado la investidura de Francisco Rodr\u00edguez Quesada como nuevo alcalde en un acto marcado por la petici\u00f3n del PSOE, apoyada por el PP, de que el voto para elegir al regidor fuera secreto.<\/p>\n<p style=\"text-align: justify;\">Quesada ha conseguido la Alcald\u00eda gracias\u00a0a los apoyos\u00a0de su grupo municipal (6), los de Ganemos <strong>Atarfe<\/strong> (2) y la abstenci\u00f3n de Ciudadanos (que cuenta con 2 concejales). PP (2) y PSOE (5) han votado a sus propios candidatos.\u00a0El grupo socialista solicit\u00f3 que la votaci\u00f3n fuera secreta, iniciativa que cont\u00f3 con el apoyo del PP pero fue rechazada por el resto de las fuerzas.<\/p>\n<p><img data-recalc-dims=\"1\" loading=\"lazy\" decoding=\"async\" class=\"size-medium wp-image-42133\" src=\"https:\/\/i0.wp.com\/www.ahoragranada.com\/web\/wp-content\/uploads\/2015\/06\/Investidura-Atarfe-JMB-01-5-552x311.jpg?resize=552%2C311\" alt=\"M\u00e1s de un centenar de vecinos de Atarfe esperaban al alcalde a su salida. Foto: J. Morales.\" width=\"552\" height=\"311\" \/><\/p>\n<p style=\"text-align: justify;\">\u201cCuando muchos me preguntabais si hab\u00edamos ganado la\u00a0Alcald\u00eda yo siempre pensaba en mi interior que no se trata de ganar o perder, sino de servir a los cerca de 18.000 vecinos de <strong>Atarfe<\/strong>\u201c. As\u00ed ha comenzado Rodr\u00edguez Quesada su primer discurso como alcalde. En \u00e9l ha apelado a la \u201ccorresponsabilidad\u201d de todas las formaciones \u201cpara contribuir a mejorar\u201d la localidad. El ex concejal\u00a0de IU ha resumido su proyecto ante los medios:\u00a0\u201cQueremos una regeneraci\u00f3n \u00e9tica, profundizar democr\u00e1ticamente, que la gente participe m\u00e1s en la toma de decisiones, buscamos una mayor transparencia y desarrollo econ\u00f3mico para generar empleo y justicia social\u201d.<\/p>\n<p style=\"text-align: justify;\">Tambi\u00e9n ha hecho referencia a la ausencia de medallas y bast\u00f3n de mando en el pleno de investidura.\u00a0\u201cEs una simbolog\u00eda que habr\u00e1 que renovar de acuerdo con los tiempos, para representar la participaci\u00f3n de los vecinos y la transparencia que necesita nuestra sociedad y nuestra pol\u00edtica\u201d, ha dicho el alcalde. \u201cSon tiempos de dar la cara ante la ciudadan\u00eda\u201d, ha valorado en referencia a la petici\u00f3n de voto secreto.<\/p>\n<p><img data-recalc-dims=\"1\" loading=\"lazy\" decoding=\"async\" class=\"size-medium wp-image-42135\" src=\"https:\/\/i0.wp.com\/www.ahoragranada.com\/web\/wp-content\/uploads\/2015\/06\/Investidura-Atarfe-JMB-01-2-552x311.jpg?resize=552%2C311\" alt=\"Foto de familia de la nueva corporaci\u00f3n municipal de Atarfe. Foto: J. Morales.\" width=\"552\" height=\"311\" \/><\/p>\n<p style=\"text-align: justify;\">Tras jurar su cargo, el reci\u00e9n elegido\u00a0regidor de <strong>Atarfe<\/strong>\u00a0ha cedido\u00a0el turno de palabra al resto de candidatos. Todos los partidos han apuntado a la transparencia, la participaci\u00f3n y la necesidad de trabajar unidos durante el mandato. La portavoz de Por <strong>Atarfe<\/strong> S\u00ed, Rosa Mar\u00eda F\u00e9lix ha abogado por poner los \u201cobjetivos comunes por delante de las siglas\u201d para \u201cconvertir a <strong>Atarfe<\/strong> en un pueblo justo y unido\u201d.<\/p>\n<p style=\"text-align: justify;\">F\u00e9lix ha dejado \u201clas\u00a0puertas abiertas\u201d a la integraci\u00f3n de Ganemos <strong>Atarfe<\/strong> en el Gobierno. Ha invitado a que se unan al considerar \u201cque esa es la mejor forma de atender a los anhelos de los ciudadanos\u201d. La portavoz, interrumpida en varias ocasiones por los aplausos de los vecinos, ha calificado la jornada como un \u201cd\u00eda hist\u00f3rico\u201d. \u201cAcertaremos o nos equivocaremos, pero tened la seguridad de que siempre nos dejaremos la piel para defender el bien com\u00fan\u201d, ha dicho.<\/p>\n<p style=\"text-align: justify;\">Otro de los que han\u00a0tomado la palabra ha sido \u00d3scar Gonz\u00e1lez, nuevo rostro del PSOE, segunda fuerza m\u00e1s votada en los comicios de mayo. Ha agradecido la labor de alcalde y concejales durante la \u00faltima legislatura y ha dado la bienvenida a los ediles que se incorporan. \u201cSon tiempos de aunar esfuerzos, arrimar el hombro y trabajar todos a una\u201d.<\/p>\n<p style=\"text-align: justify;\">M\u00e1s de un centenar de personas\u00a0que no lograron entrar al pleno\u00a0se ha agrupado en la plaza para dar la enhorabuena a Francisco Rodr\u00edguez. Acabado el acto, Rodr\u00edguez se ha asomado al balc\u00f3n del Ayuntamiento para saludar, ya como alcalde, a sus vecinos, que le han recibido entre exclamaciones\u00a0de \u201cs\u00ed se puede\u201d. La parlamentaria andaluza de Podemos, Carmen Liz\u00e1rraga se ha dirigido a ellos: \u201c\u00a1Abajo la casta, arriba\u00a0la gente!\u201d.<\/p>\n","protected":false},"excerpt":{"rendered":"<p>El nuevo alcalde pone fin a 32 a\u00f1os de socialismo en el municipio en un&#8230;<\/p>\n","protected":false},"author":1,"featured_media":2348,"comment_status":"closed","ping_status":"closed","sticky":false,"template":"","format":"standard","meta":{"_coblocks_attr":"","_coblocks_dimensions":"","_coblocks_responsive_height":"","_coblocks_accordion_ie_support":"","jetpack_post_was_ever_published":false,"_jetpack_newsletter_access":"","_jetpack_dont_email_post_to_subs":false,"_jetpack_newsletter_tier_id":0,"_jetpack_memberships_contains_paywalled_content":false,"_jetpack_memberships_contains_paid_content":false,"footnotes":"","jetpack_publicize_message":"","jetpack_publicize_feature_enabled":true,"jetpack_social_post_already_shared":false,"jetpack_social_options":{"image_generator_settings":{"template":"highway","default_image_id":0,"enabled":false},"version":2}},"categories":[2,6539,15],"tags":[353,81],"class_list":["post-2347","post","type-post","status-publish","format-standard","has-post-thumbnail","hentry","category-atarfe","category-personajes-de-ataref","category-ultimas-noticias","tag-alcaldia","tag-atarfe"],"jetpack_publicize_connections":[],"jetpack_featured_media_url":"https:\/\/i0.wp.com\/miradordeatarfe.es\/wp-content\/uploads\/2015\/06\/Investidura-Atarfe-JMB-01-6-958x539.jpg?fit=958%2C539&ssl=1","jetpack_likes_enabled":true,"jetpack_sharing_enabled":true,"_links":{"self":[{"href":"https:\/\/miradordeatarfe.es\/index.php?rest_route=\/wp\/v2\/posts\/2347","targetHints":{"allow":["GET"]}}],"collection":[{"href":"https:\/\/miradordeatarfe.es\/index.php?rest_route=\/wp\/v2\/posts"}],"about":[{"href":"https:\/\/miradordeatarfe.es\/index.php?rest_route=\/wp\/v2\/types\/post"}],"author":[{"embeddable":true,"href":"https:\/\/miradordeatarfe.es\/index.php?rest_route=\/wp\/v2\/users\/1"}],"replies":[{"embeddable":true,"href":"https:\/\/miradordeatarfe.es\/index.php?rest_route=%2Fwp%2Fv2%2Fcomments&post=2347"}],"version-history":[{"count":1,"href":"https:\/\/miradordeatarfe.es\/index.php?rest_route=\/wp\/v2\/posts\/2347\/revisions"}],"predecessor-version":[{"id":2349,"href":"https:\/\/miradordeatarfe.es\/index.php?rest_route=\/wp\/v2\/posts\/2347\/revisions\/2349"}],"wp:featuredmedia":[{"embeddable":true,"href":"https:\/\/miradordeatarfe.es\/index.php?rest_route=\/wp\/v2\/media\/2348"}],"wp:attachment":[{"href":"https:\/\/miradordeatarfe.es\/index.php?rest_route=%2Fwp%2Fv2%2Fmedia&parent=2347"}],"wp:term":[{"taxonomy":"category","embeddable":true,"href":"https:\/\/miradordeatarfe.es\/index.php?rest_route=%2Fwp%2Fv2%2Fcategories&post=2347"},{"taxonomy":"post_tag","embeddable":true,"href":"https:\/\/miradordeatarfe.es\/index.php?rest_route=%2Fwp%2Fv2%2Ftags&post=2347"}],"curies":[{"name":"wp","href":"https:\/\/api.w.org\/{rel}","templated":true}]}}