{"id":236,"date":"2015-02-27T12:33:32","date_gmt":"2015-02-27T12:33:32","guid":{"rendered":"http:\/\/miradordeatarfe.es\/?p=236"},"modified":"2015-03-11T12:46:29","modified_gmt":"2015-03-11T12:46:29","slug":"alvaro-siza-entreabre-su-puerta-a-la-alhambra","status":"publish","type":"post","link":"https:\/\/miradordeatarfe.es\/?p=236","title":{"rendered":"\u00c1lvaro Siza \u2018entreabre\u2019 su puerta a la Alhambra"},"content":{"rendered":"<h2>El arquitecto portugu\u00e9s muestra bocetos y maquetas del nuevo pabell\u00f3n de acceso al conjunto nazar\u00ed que comenzar\u00e1 a construirse en 2016<\/h2>\n<p style=\"text-align: justify;\"><!--more-->\u00c1lvaro Siza, uno de los grandes nombres de la arquitectura internacional, ha <em>entreabierto<\/em> su estudio para mostrar en una exposici\u00f3n bocetos, maquetas y otros trabajos preliminares del proyecto Puerta Nueva para la Alhambra de Granada. Siza (Oporto, 1933) gan\u00f3 el concurso internacional de ideas que el Patronato de la Alhambra y Generalife convoc\u00f3 en 2010 para construir su nuevo pabell\u00f3n de acceso y centro de acogida e informaci\u00f3n de visitantes en colaboraci\u00f3n con el arquitecto granadino Juan Domingo Santos. Sus dibujos, las representaciones en 3D de la nueva entrada al conjunto monumental y cinco audiovisuales acercan al p\u00fablico a lo que para el arquitecto portugu\u00e9s es \u00abun proyecto m\u00edtico\u00bb, como asegura en el texto del cat\u00e1logo.<\/p>\n<div class=\"columna_texto\">\n<div id=\"cuerpo_noticia\" class=\"cuerpo_noticia\">\n<p style=\"text-align: justify;\">Durante la inauguraci\u00f3n de la muestra <em>Visiones de la Alhambra \/ \u00c1lvaro Siza<\/em>, este lunes en la cripta del palacio de Carlos V, el consejero de Educaci\u00f3n, Cultura y Deporte, Luciano Alonso, anunci\u00f3 que el proyecto comenzar\u00e1 a construirse en 2016. El atrio dise\u00f1ado por Siza, premio Pritzker en 1992, tiene un plazo de ejecuci\u00f3n de cinco a\u00f1os y un presupuesto de 45 millones de euros. Siza no asisti\u00f3 a la inauguraci\u00f3n por motivos de salud, pero en un emotivo texto recuerda que se ha entregado \u00aben cuerpo y alma\u00bb a este proyecto porque se trata de un lugar que le \u00abfascina\u00bb y con el que tiene una \u00abestrecha vinculaci\u00f3n\u00bb.<\/p>\n<div id=\"sumario_1|foto\" class=\"izquierda\" style=\"text-align: justify;\">\n<div class=\"media\">\n<div class=\"foto figure\"><img data-recalc-dims=\"1\" loading=\"lazy\" decoding=\"async\" title=\"\" src=\"https:\/\/i0.wp.com\/ep01.epimg.net\/ccaa\/imagenes\/2015\/02\/09\/andalucia\/1423501109_039622_1423508356_sumario_normal.jpg?resize=300%2C300\" alt=\"\" width=\"300\" height=\"300\" \/> <span id=\"capaAmpliarFotoReposo_p2\" class=\"ampliar_foto reposo\"><\/span><\/p>\n<p class=\"figcaption estirar\">Uno de los dibujos de Siza del nuevo atrio.<\/p>\n<\/div>\n<\/div>\n<\/div>\n<p style=\"text-align: justify;\">La exposici\u00f3n est\u00e1 dise\u00f1ada por el Foro Internacional de Arquitectura y Dise\u00f1o Urbano de Berl\u00edn (Aedes) en colaboraci\u00f3n con el Patronato de la Alhambra y llega al monumento granadino tras su paso por la capital alemana y el Museo Vitra de Basilea. \u00abAedes le plante\u00f3 a Siza hacer una muestra sobre su trabajo y fue \u00e9l quien quiso limitarla a su proyecto para el atrio del conjunto nazar\u00ed. Para nosotros es una estupenda oportunidad para difundir por todo el mundo la imagen de la Alhambra del siglo XXI\u00bb, explic\u00f3 este lunes Mar\u00eda del Mar Villafranca, directora del Patronato de la Alhambra y el Generalife. Tras su paso por Granada, la muestra podr\u00e1 verse en Museo Nacional de Arte, Arquitectura y Dise\u00f1o de Oslo (Noruega) y en el Museo Aga Khan de Toronto (Canad\u00e1).<\/p>\n<p style=\"text-align: justify;\">La muestra incluye cinco audiovisuales, entre ellos un anticipo del documental <em>Dificil\u00edsimo. Puerta Nueva de la Alhambra,\u00a0<\/em>que el director Juan Sebasti\u00e1n Bolla\u00edn est\u00e1 realizando durante todo el proceso.<\/p>\n<\/div>\n<\/div>\n","protected":false},"excerpt":{"rendered":"<p>El arquitecto portugu\u00e9s muestra bocetos y maquetas del nuevo pabell\u00f3n de acceso al conjunto nazar\u00ed&#8230;<\/p>\n","protected":false},"author":1,"featured_media":0,"comment_status":"closed","ping_status":"closed","sticky":false,"template":"","format":"standard","meta":{"_coblocks_attr":"","_coblocks_dimensions":"","_coblocks_responsive_height":"","_coblocks_accordion_ie_support":"","jetpack_post_was_ever_published":false,"_jetpack_newsletter_access":"","_jetpack_dont_email_post_to_subs":false,"_jetpack_newsletter_tier_id":0,"_jetpack_memberships_contains_paywalled_content":false,"_jetpack_memberships_contains_paid_content":false,"footnotes":"","jetpack_publicize_message":"","jetpack_publicize_feature_enabled":true,"jetpack_social_post_already_shared":false,"jetpack_social_options":{"image_generator_settings":{"template":"highway","default_image_id":0,"enabled":false},"version":2}},"categories":[12],"tags":[134,138],"class_list":["post-236","post","type-post","status-publish","format-standard","hentry","category-cultura","tag-alhambra","tag-alvaro-siza"],"jetpack_publicize_connections":[],"jetpack_featured_media_url":"","jetpack_likes_enabled":true,"jetpack_sharing_enabled":true,"_links":{"self":[{"href":"https:\/\/miradordeatarfe.es\/index.php?rest_route=\/wp\/v2\/posts\/236","targetHints":{"allow":["GET"]}}],"collection":[{"href":"https:\/\/miradordeatarfe.es\/index.php?rest_route=\/wp\/v2\/posts"}],"about":[{"href":"https:\/\/miradordeatarfe.es\/index.php?rest_route=\/wp\/v2\/types\/post"}],"author":[{"embeddable":true,"href":"https:\/\/miradordeatarfe.es\/index.php?rest_route=\/wp\/v2\/users\/1"}],"replies":[{"embeddable":true,"href":"https:\/\/miradordeatarfe.es\/index.php?rest_route=%2Fwp%2Fv2%2Fcomments&post=236"}],"version-history":[{"count":1,"href":"https:\/\/miradordeatarfe.es\/index.php?rest_route=\/wp\/v2\/posts\/236\/revisions"}],"predecessor-version":[{"id":238,"href":"https:\/\/miradordeatarfe.es\/index.php?rest_route=\/wp\/v2\/posts\/236\/revisions\/238"}],"wp:attachment":[{"href":"https:\/\/miradordeatarfe.es\/index.php?rest_route=%2Fwp%2Fv2%2Fmedia&parent=236"}],"wp:term":[{"taxonomy":"category","embeddable":true,"href":"https:\/\/miradordeatarfe.es\/index.php?rest_route=%2Fwp%2Fv2%2Fcategories&post=236"},{"taxonomy":"post_tag","embeddable":true,"href":"https:\/\/miradordeatarfe.es\/index.php?rest_route=%2Fwp%2Fv2%2Ftags&post=236"}],"curies":[{"name":"wp","href":"https:\/\/api.w.org\/{rel}","templated":true}]}}