{"id":2362,"date":"2015-06-15T06:55:10","date_gmt":"2015-06-15T06:55:10","guid":{"rendered":"http:\/\/miradordeatarfe.es\/?p=2362"},"modified":"2015-06-16T08:49:57","modified_gmt":"2015-06-16T08:49:57","slug":"partido-popular-y-psoe-recuperan-apoyos-tras-el-24m","status":"publish","type":"post","link":"https:\/\/miradordeatarfe.es\/?p=2362","title":{"rendered":"Partido Popular y PSOE recuperan apoyos tras el 24M"},"content":{"rendered":"<div class=\"subtitle bkn mce sk2\">\n<p>El PP es la fuerza m\u00e1s votada con el 30,1% de los votos, seg\u00fan el bar\u00f3metro de junio elaborado por Celeste-tel para eldiario.es.\u00a0 Los socialistas obtienen la segunda posici\u00f3n con el 27,2%, seguidos de Podemos (13,2%) y Ciudadanos (10,5%).\u00a0 El sondeo se\u00f1ala que la suma de PSOE y PP llega al 57,3%, 5,2 puntos m\u00e1s de lo cosechado por ambas formaciones en las municipales del 24M<\/p>\n<\/div>\n<p><!--more--><\/p>\n<p class=\"mce\"><a href=\"https:\/\/i0.wp.com\/miradordeatarfe.es\/wp-content\/uploads\/2015\/06\/main.png?ssl=1\"><img data-recalc-dims=\"1\" loading=\"lazy\" decoding=\"async\" class=\"alignnone size-full wp-image-2363\" src=\"https:\/\/i0.wp.com\/miradordeatarfe.es\/wp-content\/uploads\/2015\/06\/main.png?resize=627%2C984&#038;ssl=1\" alt=\"main\" width=\"627\" height=\"984\" srcset=\"https:\/\/i0.wp.com\/miradordeatarfe.es\/wp-content\/uploads\/2015\/06\/main.png?w=627&amp;ssl=1 627w, https:\/\/i0.wp.com\/miradordeatarfe.es\/wp-content\/uploads\/2015\/06\/main.png?resize=191%2C300&amp;ssl=1 191w, https:\/\/i0.wp.com\/miradordeatarfe.es\/wp-content\/uploads\/2015\/06\/main.png?resize=600%2C942&amp;ssl=1 600w\" sizes=\"auto, (max-width: 627px) 100vw, 627px\" \/><\/a><\/p>\n<p class=\"mce\">El Partido Popular y el PSOE remontan ligeramente sus expectativas de voto tras las municipales del 24M. El bar\u00f3metro de junio elaborado por Celeste-tel para eldiario.es se\u00f1ala que en caso de celebrarse hoy elecciones generales, el PP ser\u00eda el vencedor con el 30,1% de los votos lo que le otorgar\u00eda entre 134 y 138 esca\u00f1os. El PSOE, en segunda posici\u00f3n, se har\u00eda con el 27,2% de los votos y obtendr\u00eda entre 118 y 125 esca\u00f1os.<\/p>\n<p class=\"mce\">La mejor\u00eda de los dos principales partidos con respecto a los resultados de las elecciones municipales es de 5,2 puntos. Sumados los porcentajes de voto, PP y PSOE obtendr\u00edan conjuntamente el 57,3% de los sufragios.<\/p>\n<p class=\"mce\">Podemos es, seg\u00fan Celeste-tel, la tercera opci\u00f3n preferida. Los de Pablo Iglesias obtienen el 13,2% de los votos, lo que le situar\u00eda entre 31 y 35 esca\u00f1os en el Parlamento.<\/p>\n<p class=\"mce\">Por detr\u00e1s de Podemos, Ciudadanos cuenta con el 10,5% y ocupar\u00eda entre 20 y 22 esca\u00f1os en el Congreso de los Diputados.<\/p>\n<p class=\"mce\">La suma de porcentajes de PP m\u00e1s Ciudadanos (40,6%) y PSOE m\u00e1s Podemos (40,4%) ofrece la foto fija del empate y pocas pistas para intuir qui\u00e9n ocupar\u00eda La Moncloa en caso de que los resultados de la encuesta se confirmasen en unas elecciones.<\/p>\n<p class=\"mce\">Izquierda Unida se mantiene como quinta fuerza con un 4,7%, lo que le dar\u00eda entre 4 y 6 actas de diputado. CiU, con el 2,6% (entre 10 y 11 diputados) y ERC, con el 1,9% (entre 8 y 9 diputados) siguen a los de Lara y Garz\u00f3n en porcentaje pero les superar\u00edan en esca\u00f1os por la concentraci\u00f3n de su electorado.<\/p>\n<p class=\"mce\">Si comparamos los datos de la encuesta con con el resultado de las \u00faltimas generales se constata un retroceso del PP de 15,2 puntos, lo que llevar\u00eda a los de Rajoy a perder entre 48 y 52 de los esca\u00f1os que actualmente tienen. UPyD e IU caen 3,8 y 2,3 puntos. El PSOE tambi\u00e9n pierde apoyos con respecto a 2011, con un descenso de 1,9 puntos.<\/p>\n<div class=\"tableauPlaceholder\">\u00a0<a href=\"https:\/\/i0.wp.com\/miradordeatarfe.es\/wp-content\/uploads\/2015\/06\/evolucion.png?ssl=1\"><img data-recalc-dims=\"1\" loading=\"lazy\" decoding=\"async\" class=\"alignnone size-full wp-image-2364\" src=\"https:\/\/i0.wp.com\/miradordeatarfe.es\/wp-content\/uploads\/2015\/06\/evolucion.png?resize=627%2C583&#038;ssl=1\" alt=\"evolucion\" width=\"627\" height=\"583\" srcset=\"https:\/\/i0.wp.com\/miradordeatarfe.es\/wp-content\/uploads\/2015\/06\/evolucion.png?w=627&amp;ssl=1 627w, https:\/\/i0.wp.com\/miradordeatarfe.es\/wp-content\/uploads\/2015\/06\/evolucion.png?resize=300%2C279&amp;ssl=1 300w, https:\/\/i0.wp.com\/miradordeatarfe.es\/wp-content\/uploads\/2015\/06\/evolucion.png?resize=600%2C558&amp;ssl=1 600w\" sizes=\"auto, (max-width: 627px) 100vw, 627px\" \/><\/a><\/div>\n<div class=\"tableauPlaceholder\">La actual expectativa de participaci\u00f3n es la m\u00e1s alta en los \u00faltimos tres a\u00f1os de sondeos, situ\u00e1ndose en el 65,9%, pero todav\u00eda est\u00e1 tres puntos por debajo de la registrada en las elecciones generales de 2011. El repunte en la movilizaci\u00f3n electoral comenz\u00f3 el pasado mes de marzo y se ha mantenido mes a mes desde entonces.<\/div>\n<div class=\"cp-tools md cf\">\n<p class=\"bkn dateline fl\"><small class=\"byline\"> <a href=\"https:\/\/i0.wp.com\/miradordeatarfe.es\/wp-content\/uploads\/2015\/06\/por-edad.png?ssl=1\"><img data-recalc-dims=\"1\" loading=\"lazy\" decoding=\"async\" class=\"alignnone size-full wp-image-2365\" src=\"https:\/\/i0.wp.com\/miradordeatarfe.es\/wp-content\/uploads\/2015\/06\/por-edad.png?resize=627%2C584&#038;ssl=1\" alt=\"por edad\" width=\"627\" height=\"584\" srcset=\"https:\/\/i0.wp.com\/miradordeatarfe.es\/wp-content\/uploads\/2015\/06\/por-edad.png?w=627&amp;ssl=1 627w, https:\/\/i0.wp.com\/miradordeatarfe.es\/wp-content\/uploads\/2015\/06\/por-edad.png?resize=300%2C279&amp;ssl=1 300w, https:\/\/i0.wp.com\/miradordeatarfe.es\/wp-content\/uploads\/2015\/06\/por-edad.png?resize=600%2C559&amp;ssl=1 600w\" sizes=\"auto, (max-width: 627px) 100vw, 627px\" \/><\/a><br \/>\n<\/small><\/p>\n<\/div>\n<p class=\"bkn dateline fl\">\n<p class=\"bkn dateline fl\"><a href=\"https:\/\/i0.wp.com\/miradordeatarfe.es\/wp-content\/uploads\/2015\/06\/Comportamiento.png?ssl=1\"><img data-recalc-dims=\"1\" loading=\"lazy\" decoding=\"async\" class=\"alignnone size-full wp-image-2366\" src=\"https:\/\/i0.wp.com\/miradordeatarfe.es\/wp-content\/uploads\/2015\/06\/Comportamiento.png?resize=627%2C384&#038;ssl=1\" alt=\"Comportamiento\" width=\"627\" height=\"384\" srcset=\"https:\/\/i0.wp.com\/miradordeatarfe.es\/wp-content\/uploads\/2015\/06\/Comportamiento.png?w=627&amp;ssl=1 627w, https:\/\/i0.wp.com\/miradordeatarfe.es\/wp-content\/uploads\/2015\/06\/Comportamiento.png?resize=300%2C184&amp;ssl=1 300w, https:\/\/i0.wp.com\/miradordeatarfe.es\/wp-content\/uploads\/2015\/06\/Comportamiento.png?resize=600%2C367&amp;ssl=1 600w\" sizes=\"auto, (max-width: 627px) 100vw, 627px\" \/><\/a><\/p>\n<div class=\"cp-tools md cf\">\n<div class=\"md-social md cl\">\n<p class=\"mce\"><strong class=\"mce\"> Ficha T\u00e9cnica: <\/strong><\/p>\n<p class=\"mce\">Tama\u00f1o de la muestra: 1.100 entrevistas.<\/p>\n<p class=\"mce\">Trabajo de campo: cinco primeros d\u00edas laborables de junio.<\/p>\n<p class=\"mce\">Metodolog\u00eda: telef\u00f3nica.<\/p>\n<p class=\"mce\">Nivel de confianza y error muestral: para un nivel de confianza del 95,45% (dos sigmas) y para P=Q, el error es del 3,1% para el conjunto de la muestra de 1.100 entrevistas.<\/p>\n<\/div>\n<\/div>\n","protected":false},"excerpt":{"rendered":"<p>El PP es la fuerza m\u00e1s votada con el 30,1% de los votos, seg\u00fan el&#8230;<\/p>\n","protected":false},"author":1,"featured_media":2367,"comment_status":"closed","ping_status":"closed","sticky":false,"template":"","format":"standard","meta":{"_coblocks_attr":"","_coblocks_dimensions":"","_coblocks_responsive_height":"","_coblocks_accordion_ie_support":"","jetpack_post_was_ever_published":false,"_jetpack_newsletter_access":"","_jetpack_dont_email_post_to_subs":false,"_jetpack_newsletter_tier_id":0,"_jetpack_memberships_contains_paywalled_content":false,"_jetpack_memberships_contains_paid_content":false,"footnotes":"","jetpack_publicize_message":"","jetpack_publicize_feature_enabled":true,"jetpack_social_post_already_shared":false,"jetpack_social_options":{"image_generator_settings":{"template":"highway","default_image_id":0,"enabled":false},"version":2}},"categories":[186,15],"tags":[171,853],"class_list":["post-2362","post","type-post","status-publish","format-standard","has-post-thumbnail","hentry","category-instituciones","category-ultimas-noticias","tag-elecciones","tag-intencion-de-voto"],"jetpack_publicize_connections":[],"jetpack_featured_media_url":"https:\/\/i0.wp.com\/miradordeatarfe.es\/wp-content\/uploads\/2015\/06\/PER.jpg?fit=389%2C129&ssl=1","jetpack_likes_enabled":true,"jetpack_sharing_enabled":true,"_links":{"self":[{"href":"https:\/\/miradordeatarfe.es\/index.php?rest_route=\/wp\/v2\/posts\/2362","targetHints":{"allow":["GET"]}}],"collection":[{"href":"https:\/\/miradordeatarfe.es\/index.php?rest_route=\/wp\/v2\/posts"}],"about":[{"href":"https:\/\/miradordeatarfe.es\/index.php?rest_route=\/wp\/v2\/types\/post"}],"author":[{"embeddable":true,"href":"https:\/\/miradordeatarfe.es\/index.php?rest_route=\/wp\/v2\/users\/1"}],"replies":[{"embeddable":true,"href":"https:\/\/miradordeatarfe.es\/index.php?rest_route=%2Fwp%2Fv2%2Fcomments&post=2362"}],"version-history":[{"count":1,"href":"https:\/\/miradordeatarfe.es\/index.php?rest_route=\/wp\/v2\/posts\/2362\/revisions"}],"predecessor-version":[{"id":2368,"href":"https:\/\/miradordeatarfe.es\/index.php?rest_route=\/wp\/v2\/posts\/2362\/revisions\/2368"}],"wp:featuredmedia":[{"embeddable":true,"href":"https:\/\/miradordeatarfe.es\/index.php?rest_route=\/wp\/v2\/media\/2367"}],"wp:attachment":[{"href":"https:\/\/miradordeatarfe.es\/index.php?rest_route=%2Fwp%2Fv2%2Fmedia&parent=2362"}],"wp:term":[{"taxonomy":"category","embeddable":true,"href":"https:\/\/miradordeatarfe.es\/index.php?rest_route=%2Fwp%2Fv2%2Fcategories&post=2362"},{"taxonomy":"post_tag","embeddable":true,"href":"https:\/\/miradordeatarfe.es\/index.php?rest_route=%2Fwp%2Fv2%2Ftags&post=2362"}],"curies":[{"name":"wp","href":"https:\/\/api.w.org\/{rel}","templated":true}]}}