{"id":2375,"date":"2015-06-22T08:16:16","date_gmt":"2015-06-22T08:16:16","guid":{"rendered":"http:\/\/miradordeatarfe.es\/?p=2375"},"modified":"2015-06-23T07:17:30","modified_gmt":"2015-06-23T07:17:30","slug":"plan-chipe-cali-de-intervencion-con-alumnado-gitano","status":"publish","type":"post","link":"https:\/\/miradordeatarfe.es\/?p=2375","title":{"rendered":"PLAN CHIP\u00c9 CAL\u00cd de intervenci\u00f3n con alumnado gitano."},"content":{"rendered":"<p><em>Sinar sistilo \u00e9 sinar rom\u2026<\/em><\/p>\n<p><em>\u2026si\u00e9ntete orgulloso de ser gitano\u2026<\/em><!--more--><\/p>\n<p>Desde hace muchos a\u00f1os\u2026desde siempre (se lleva en la sangre, en el coraz\u00f3n, en el alma\u2026tatuado a fuego lento en el ser) mi opci\u00f3n profesional, vocacional, vital\u2026ha sido por los j\u00f3venes, especialmente los m\u00e1s desfavorecidos\u2026los que est\u00e1n en peligro y peligrosos\u2026Desde el ser educador de calle, t\u00e9cnico de reforma juvenil, animador sociocultural, orientador educativo\u2026siempre los menores infractores, los que est\u00e1n en riesgo, los que est\u00e1n en peligro y peligrosos\u2026los \u00faltimos\u2026Y de manera m\u00e1s especial los chavorrillos\u2026el alumnado gitano.<\/p>\n<p>Tras unos a\u00f1os deambulando por Ronda, Sevilla, Benal\u00faa, Guadix, Granada\u2026en centros educativos donde la minor\u00eda \u00e9tnica gitana es mayor\u00eda, y comprendiendo desde mis propias ra\u00edces, desde mi propia experiencia vital, como un crisol de experiencias alternativas y creciente metodolog\u00edas inclusivas\u2026y materializados proyectos en beneficio de la comunidad gitana que obtuvieron grandes y \u00f3ptimos resultados\u2026este a\u00f1o, el servicio de Ordenaci\u00f3n educativa de la Delegaci\u00f3n Territorial de Educaci\u00f3n, Cultura y Deporte, me ha confiado la tarea y misi\u00f3n de intervenir con la poblaci\u00f3n gitana de determinadas localidad de la provincia, con el fin de mejorar los rendimientos acad\u00e9micos del alumnado gitano, su promoci\u00f3n , mejorando su trayectoria vital y acad\u00e9mica y reduciendo el absentismo.<\/p>\n<p>Es en este contexto donde me nace la idea de elaborar un plan de intervenci\u00f3n real con el alumnado gitano, estableciendo varios par\u00e1metros de actuaci\u00f3n y l\u00edneas claras de intervenci\u00f3n: asesoramiento real en la frontera; intervenci\u00f3n directa e inmersi\u00f3n educativa en la vida del centro; formaci\u00f3n espec\u00edfica del profesorado y agentes sociales que intervienen; intervenci\u00f3n en el contexto familiar y social y una metodolog\u00eda y enfoque renovado de la educaci\u00f3n compensatoria. El resultado: PLAN CHIP\u00c9 CAL\u00cd, de intervenci\u00f3n con alumnado gitano. El nombre hace referencia a la expresi\u00f3n popular: esto es \u201cla verdad\u201d, en este caso, \u201cverdad gitana\u201d.<\/p>\n<p>Este plan se est\u00e1 ya ejecutando en diversos centros de los cuatro puntos cardinales de la provincia\u2026y mi casa\u2026es cada centro, mi equipo, cada claustro y mi coche, el carro libre y n\u00f3mada del pueblo gitano. El plan contempla las siguientes dimensiones:<\/p>\n<p>&nbsp;<\/p>\n<p><em>DIMENSI\u00d3N 1:<\/em><em> <strong>PROYECTO CAMELO NAQUERAR (QUIERO CAMINAR<\/strong>)<\/em>. <strong><em><u>Mejora de las competencias sociales<\/u><\/em><\/strong>: habilidades sociales, resoluci\u00f3n de conflictos y autocontrol emocional. Desarrollo de talleres pr\u00e1cticos con el alumnado de los centros educativos para mejorar de manera asertiva la resoluci\u00f3n de problemas y la mejora de las habilidades necesarias para desenvolverse en la vida, adquiriendo un equilibrio emocional necesario para ser felices y desenvolverse en la sociedad.<\/p>\n<p><em>DIMENSI\u00d3N 2:<\/em><em> <strong>PROYECTO UJARIP\u00c9N (ESPERANZA):<\/strong><\/em> <strong><em><u>Educaci\u00f3n en valores<\/u><\/em><\/strong>: Programa mensual de educaci\u00f3n en valores en el marco de la acci\u00f3n tutorial, sistematizada, global, unificada para todo el alumnado del centro educativo.<\/p>\n<p><em>DIMENSI\u00d3N 3:<\/em><em> <strong>PROYECTO SARSAL\u00c9 (ACOMPA\u00d1AMIENTO<\/strong>)<\/em>. <strong><em><u>FORMACI\u00d3N ESPEC\u00cdFICA<\/u><\/em><\/strong> para directivos, docentes, agentes sociales, sobre cultura gitana y t\u00e9cnicas creativas para trabajar con el alumnado de etnia gitana.<\/p>\n<p><em>DIMENSI\u00d3N 4:<\/em><em> <strong>PROYECTO NEBIF\u00c9 (CALLE) <\/strong><\/em><strong><em>.<\/em><\/strong> <strong><em><u>INTERVENCI\u00d3N COMUNITARIA Y EDUCACI\u00d3N DESDE LA CALLE. INTERVENCI\u00d3N EN Y DESDE EL CONTEXO. <\/u><\/em><\/strong> Visitas domiciliarias, encuentros familiares y trabajo de calle con minor\u00edas \u00e9tnicas. Seguimiento educativo, encuentro interpersonal e interfamiliar.<\/p>\n<p><em> DIMENSI\u00d3N 5<\/em><em> <strong>PROYECTO COMPENS-ARTE (COMPEN-SOR\u00cd: ARTE Y COMPENSATORIA)<\/strong> <\/em><strong><em><u>El mundo del ARTE COMO PLATAFORMA de EDUCACI\u00d3N EN COMPETENCIAS en Educaci\u00f3n Compensatoria.<\/u><\/em><\/strong> El mundo del arte: teatro, cine, pintura, baile, m\u00fasica, magia, como cimientos y centros de inter\u00e9s para trabajar las competencias y objetivos m\u00ednimos de etapa.<\/p>\n<p>DIMENSI\u00d3N 6<strong><em>: PROYECTO DROM (CAMINO).<\/em><\/strong> <strong><u>PUESTA EN MARCHA DE OTRA CONVIVENCIA POSITIVA EN EL CENTRO.<\/u><\/strong> El aula de convivencia como ambiente m\u00e1s que como lugar f\u00edsico. El aula de convivencia como lugar de encuentro y vivencia de valores. Un camino por hacer entre todos.<\/p>\n<p>Y la metodolog\u00eda se basa en el empoderamiento y tutorizaci\u00f3n del profesorado, del alumnado y de todos los agentes que intervienen en estas realidades. Como podr\u00e9is ver en las fotos, se trata de otra realidad, de otra visi\u00f3n y \u00f3ptica. Aunque forme parte del Equipo T\u00e9cnico Provincial de Orientaci\u00f3n Educativa y Profesional de la Delegaci\u00f3n, la silla se encuentra en los centros donde paso pr\u00e1cticamente todos los d\u00edas y donde desarrollo mi labor profesional. La metodolog\u00eda se concreta en uno de los principios clave de la interacci\u00f3n: plantear un reto; inquietar las emociones; dialogar en equipo; priorizar la intervenci\u00f3n; seleccionar las actuaciones; presentar los retos a toda la comunidad; intervenci\u00f3n en la acci\u00f3n; evaluaci\u00f3n y seguimiento.<\/p>\n<p>Ver c\u00f3mo se van motivando, contagiando, animando, so\u00f1ando&#8230;muchos docentes\u2026y c\u00f3mo se genera en la mirada del alumnado la renovaci\u00f3n de expectativas, de sue\u00f1os, de deseos, de esperanza y de resultados\u2026.no tiene precio.<\/p>\n<p>&nbsp;<\/p>\n<p><em>MIGUEL \u00c1NGEL CABALLERO MARISCAL<\/em><\/p>\n<p><em>COORDINADOR \u00c1REA DE ORIENTACI\u00d3N PROFESIONAL<\/em><\/p>\n<p><em>Y MINOR\u00cdA \u00c9TNICA GITANA<\/em><\/p>\n<p><em>EQUIPO T\u00c9CNICO PROVINCIAL DE ORIENTACI\u00d3N EDUCATIVA Y PROFESIONAL<\/em><\/p>\n<p><em>DELEGACI\u00d3N TERRITORIAL DE EDUCACI\u00d3N, CULTURA Y DEPORTE DE GRANADA.<\/em><\/p>\n<p><em>JUNTA DE ANDALUC\u00cdA.<\/em><\/p>\n<p><strong><em>\u00a0<\/em><\/strong><\/p>\n<p>&nbsp;<\/p>\n","protected":false},"excerpt":{"rendered":"<p>Sinar sistilo \u00e9 sinar rom\u2026 \u2026si\u00e9ntete orgulloso de ser gitano\u2026<\/p>\n","protected":false},"author":1,"featured_media":2376,"comment_status":"closed","ping_status":"closed","sticky":false,"template":"","format":"standard","meta":{"_coblocks_attr":"","_coblocks_dimensions":"","_coblocks_responsive_height":"","_coblocks_accordion_ie_support":"","jetpack_post_was_ever_published":false,"_jetpack_newsletter_access":"","_jetpack_dont_email_post_to_subs":false,"_jetpack_newsletter_tier_id":0,"_jetpack_memberships_contains_paywalled_content":false,"_jetpack_memberships_contains_paid_content":false,"footnotes":"","jetpack_publicize_message":"","jetpack_publicize_feature_enabled":true,"jetpack_social_post_already_shared":false,"jetpack_social_options":{"image_generator_settings":{"template":"highway","default_image_id":0,"enabled":false},"version":2}},"categories":[187,9,15],"tags":[856,378],"class_list":["post-2375","post","type-post","status-publish","format-standard","has-post-thumbnail","hentry","category-centros-educativos","category-medio-ambiente","category-ultimas-noticias","tag-comunidad-gitana","tag-proyectos"],"jetpack_publicize_connections":[],"jetpack_featured_media_url":"https:\/\/i0.wp.com\/miradordeatarfe.es\/wp-content\/uploads\/2015\/06\/gitana.jpg?fit=275%2C184&ssl=1","jetpack_likes_enabled":true,"jetpack_sharing_enabled":true,"_links":{"self":[{"href":"https:\/\/miradordeatarfe.es\/index.php?rest_route=\/wp\/v2\/posts\/2375","targetHints":{"allow":["GET"]}}],"collection":[{"href":"https:\/\/miradordeatarfe.es\/index.php?rest_route=\/wp\/v2\/posts"}],"about":[{"href":"https:\/\/miradordeatarfe.es\/index.php?rest_route=\/wp\/v2\/types\/post"}],"author":[{"embeddable":true,"href":"https:\/\/miradordeatarfe.es\/index.php?rest_route=\/wp\/v2\/users\/1"}],"replies":[{"embeddable":true,"href":"https:\/\/miradordeatarfe.es\/index.php?rest_route=%2Fwp%2Fv2%2Fcomments&post=2375"}],"version-history":[{"count":1,"href":"https:\/\/miradordeatarfe.es\/index.php?rest_route=\/wp\/v2\/posts\/2375\/revisions"}],"predecessor-version":[{"id":2377,"href":"https:\/\/miradordeatarfe.es\/index.php?rest_route=\/wp\/v2\/posts\/2375\/revisions\/2377"}],"wp:featuredmedia":[{"embeddable":true,"href":"https:\/\/miradordeatarfe.es\/index.php?rest_route=\/wp\/v2\/media\/2376"}],"wp:attachment":[{"href":"https:\/\/miradordeatarfe.es\/index.php?rest_route=%2Fwp%2Fv2%2Fmedia&parent=2375"}],"wp:term":[{"taxonomy":"category","embeddable":true,"href":"https:\/\/miradordeatarfe.es\/index.php?rest_route=%2Fwp%2Fv2%2Fcategories&post=2375"},{"taxonomy":"post_tag","embeddable":true,"href":"https:\/\/miradordeatarfe.es\/index.php?rest_route=%2Fwp%2Fv2%2Ftags&post=2375"}],"curies":[{"name":"wp","href":"https:\/\/api.w.org\/{rel}","templated":true}]}}