{"id":2384,"date":"2015-06-16T08:20:20","date_gmt":"2015-06-16T08:20:20","guid":{"rendered":"http:\/\/miradordeatarfe.es\/?p=2384"},"modified":"2015-06-17T07:42:21","modified_gmt":"2015-06-17T07:42:21","slug":"el-catastro-del-marques-de-la-ensenada-en-atarfe-por-jose-enrique-granados","status":"publish","type":"post","link":"https:\/\/miradordeatarfe.es\/?p=2384","title":{"rendered":"El Catastro del Marqu\u00e9s de la Ensenada en Atarfe por Jos\u00e9 Enrique Granados"},"content":{"rendered":"<div id=\"u_ps_jsonp_6_0_2\" class=\"_4-u2 mbm _5jmm _5pat _5v3q _4-u8\" data-ft=\"{&quot;top_level_post_id&quot;:&quot;838458319573518&quot;,&quot;fbfeed_location&quot;:36}\" data-time=\"1434123279\">\n<div class=\"userContentWrapper _5pcr _3ccb\" data-gt=\"{&quot;type&quot;:&quot;click2canvas&quot;,&quot;fbstory&quot;:&quot;S:_I732817910137560:838458319573518:0&quot;,&quot;fbsource&quot;:703,&quot;ref&quot;:&quot;nf_generic&quot;}\">\n<div class=\"_5pbx userContent\" data-ft=\"{&quot;tn&quot;:&quot;K&quot;}\">\n<div id=\"id_557e9adf127d07945347597\" class=\"text_exposed_root text_exposed\">\n<p>El Catastro del Marqu\u00e9s de la Ensenada constituye la m\u00e1s antigua y exhaustiva encuesta disponible sobre los pueblos de la Corona de Castilla a mediados del siglo XVIII. Fue puesta en marcha por Real Decreto de Fernando VI, como paso previo a una reforma fiscal, que sustituyera las complicadas rentas.<\/p>\n<p><!--more--><\/p>\n<p>Entre 1750 y 1754 todas las poblaciones de \u00ablas Castillas\u00bb fueron sometidas a un interrogatorio de 40 preguntas, entre las que se inclu\u00eda el nombre de la poblaci\u00f3n; jurisdicci\u00f3n<span class=\"text_exposed_show\">; extensi\u00f3n y l\u00edmites; tipos de tierras; \u00e1rboles; tabernas, mesones, tiendas, panader\u00edas, carnicer\u00edas, mercados y ferias, hospitales, tenderos, m\u00e9dicos, cirujanos, boticarios, escribanos, arrieros; alba\u00f1iles, canteros, alb\u00e9itares, herreros o zapateros.<\/span><\/p>\n<div class=\"text_exposed_show\">\n<p>Para la villa de Caparacena, anejo del lugar de Pinos de la Puente, el 11 de abril de 1752 se nombr\u00f3 para tal fin a Don Nicol\u00e1s L\u00f3pez de Ballesteros, veinte y cuatro de la Ciudad de Granada, juez subdelegado por el muy Ilustre se\u00f1or Marques de Campoverde, intendente corregidor y superintendente general de ella y su provincia. Ante \u00e9l comparecieron el p\u00e1rroco de esta villa, as\u00ed como Gabriel Mart\u00edn, alcalde y \u00fanico oficial de su concejo, Juan de Arantave, juez de hechos en ella y dos peritos nombrados por dicho alcalde, Lucas Ram\u00edrez y Mat\u00edas Jim\u00e9nez. Antes de nada, y en presencia de Don Juan de Medina cura de su iglesia juran por Dios nuestro se\u00f1or y ante una cruz seg\u00fan derecho decir verdad.<\/p>\n<p>A la primera pregunta dijeron que esta villa le llaman de Caparacena, siendo jurisdicci\u00f3n del se\u00f1or Marques de los Trujillos, partido de la tierra de Elvira. Todos los vecinos pagan sus rentas al due\u00f1o de las mismas.<\/p>\n<p>El territorio que ocupa este lugar desde levante a poniente es poco m\u00e1s de media legua y del norte del sur otra media legua y que circunferencia tres leguas a corta diferencia; linda por poniente con la jurisdicci\u00f3n del lugar de Pinos de la Puente y tierras del se\u00f1or Duque de Abrahantes, por levante con el t\u00e9rmino de la villa de Albolote, por el norte con t\u00e9rmino de la villa de Moclin y dicho lugar de Pinos y por el sur con el lugar del Atarfe.<\/p>\n<p>Las especies de tierra de que se compone esta villa y su t\u00e9rmino son de regad\u00edo y secano para sembradura y una vi\u00f1a que se compone de ciento y cinco marjales. Dos pedazos de monte y matorrales y diferentes \u00e1lamos y mimbres con otros \u00e1rboles infruct\u00edferos que se hallan en la ribera de los r\u00edos que riegan las tierras de regad\u00edo. El n\u00famero de vecinos de que se compone esta poblaci\u00f3n es de diez y ocho, los catorce dentro de ella y los cuatro restantes en las casas de campo de su t\u00e9rmino que son el cortijo de Armengol, el de Silva, Vat\u00e1n y molino harinero. Estos son algunos datos al respecto.<\/p>\n<p>Curiosidades elvirenses.<\/p>\n<\/div>\n<\/div>\n<\/div>\n<div>\n<div data-ft=\"{&quot;tn&quot;:&quot;H&quot;}\">\n<div class=\"mtm\">\n<div class=\"_5cq3\" data-ft=\"{&quot;tn&quot;:&quot;E&quot;}\">\n<div id=\"u_ps_jsonp_6_0_b\" class=\"uiScaledImageContainer _4-ep\"><img loading=\"lazy\" decoding=\"async\" class=\"scaledImageFitHeight img\" src=\"https:\/\/scontent-mad1-1.xx.fbcdn.net\/hphotos-xfa1\/v\/t1.0-9\/s526x395\/10447138_838458319573518_7712769258323799031_n.jpg?oh=a8f515b5dd21976ccd2fbf8dd92f4bc8&amp;oe=5631441D\" alt=\"Foto de Gacetilla y curiosidades elvirenses.\" width=\"384\" height=\"394\" \/><\/div>\n<\/div>\n<\/div>\n<\/div>\n<\/div>\n<div id=\"u_ps_jsonp_6_0_x\"><\/div>\n<\/div>\n<\/div>\n","protected":false},"excerpt":{"rendered":"<p>El Catastro del Marqu\u00e9s de la Ensenada constituye la m\u00e1s antigua y exhaustiva encuesta disponible&#8230;<\/p>\n","protected":false},"author":1,"featured_media":2385,"comment_status":"closed","ping_status":"closed","sticky":false,"template":"","format":"standard","meta":{"_coblocks_attr":"","_coblocks_dimensions":"","_coblocks_responsive_height":"","_coblocks_accordion_ie_support":"","jetpack_post_was_ever_published":false,"_jetpack_newsletter_access":"","_jetpack_dont_email_post_to_subs":false,"_jetpack_newsletter_tier_id":0,"_jetpack_memberships_contains_paywalled_content":false,"_jetpack_memberships_contains_paid_content":false,"footnotes":"","jetpack_publicize_message":"","jetpack_publicize_feature_enabled":true,"jetpack_social_post_already_shared":false,"jetpack_social_options":{"image_generator_settings":{"template":"highway","default_image_id":0,"enabled":false},"version":2}},"categories":[2,38,15],"tags":[862,861],"class_list":["post-2384","post","type-post","status-publish","format-standard","has-post-thumbnail","hentry","category-atarfe","category-opinion-de-jose-enrique-granados","category-ultimas-noticias","tag-catastro","tag-marques-de-la-ensenada"],"jetpack_publicize_connections":[],"jetpack_featured_media_url":"https:\/\/i0.wp.com\/miradordeatarfe.es\/wp-content\/uploads\/2015\/06\/10447138_838458319573518_7712769258323799031_n.jpg?fit=935%2C960&ssl=1","jetpack_likes_enabled":true,"jetpack_sharing_enabled":true,"_links":{"self":[{"href":"https:\/\/miradordeatarfe.es\/index.php?rest_route=\/wp\/v2\/posts\/2384","targetHints":{"allow":["GET"]}}],"collection":[{"href":"https:\/\/miradordeatarfe.es\/index.php?rest_route=\/wp\/v2\/posts"}],"about":[{"href":"https:\/\/miradordeatarfe.es\/index.php?rest_route=\/wp\/v2\/types\/post"}],"author":[{"embeddable":true,"href":"https:\/\/miradordeatarfe.es\/index.php?rest_route=\/wp\/v2\/users\/1"}],"replies":[{"embeddable":true,"href":"https:\/\/miradordeatarfe.es\/index.php?rest_route=%2Fwp%2Fv2%2Fcomments&post=2384"}],"version-history":[{"count":1,"href":"https:\/\/miradordeatarfe.es\/index.php?rest_route=\/wp\/v2\/posts\/2384\/revisions"}],"predecessor-version":[{"id":2386,"href":"https:\/\/miradordeatarfe.es\/index.php?rest_route=\/wp\/v2\/posts\/2384\/revisions\/2386"}],"wp:featuredmedia":[{"embeddable":true,"href":"https:\/\/miradordeatarfe.es\/index.php?rest_route=\/wp\/v2\/media\/2385"}],"wp:attachment":[{"href":"https:\/\/miradordeatarfe.es\/index.php?rest_route=%2Fwp%2Fv2%2Fmedia&parent=2384"}],"wp:term":[{"taxonomy":"category","embeddable":true,"href":"https:\/\/miradordeatarfe.es\/index.php?rest_route=%2Fwp%2Fv2%2Fcategories&post=2384"},{"taxonomy":"post_tag","embeddable":true,"href":"https:\/\/miradordeatarfe.es\/index.php?rest_route=%2Fwp%2Fv2%2Ftags&post=2384"}],"curies":[{"name":"wp","href":"https:\/\/api.w.org\/{rel}","templated":true}]}}