{"id":2390,"date":"2015-06-16T06:04:08","date_gmt":"2015-06-16T06:04:08","guid":{"rendered":"http:\/\/miradordeatarfe.es\/?p=2390"},"modified":"2015-06-20T10:10:02","modified_gmt":"2015-06-20T10:10:02","slug":"carmena-queremos-gobernar-escuchando-que-nos-llamen-por-el-nombre-de-pila","status":"publish","type":"post","link":"https:\/\/miradordeatarfe.es\/?p=2390","title":{"rendered":"Carmena: \u00abQueremos gobernar escuchando, que nos llamen por el nombre de pila\u00bb"},"content":{"rendered":"<p>Emoci\u00f3n en el Palacio de Cibeles. La alcaldesa de Madrid, Manuela Carmena, ha avanzado en sus primeras palabras como regidora que pilotar\u00e1 \u00abuna pol\u00edtica diferente\u00bb, \u00abgobernando escuchando\u00bb y con la intenci\u00f3n de que los vecinos se dirijan al Gobierno \u00abpor el nombre de pila\u00bb, que les tuteen, y todo ello enfocado desde una \u00abpol\u00edtica de los cuidados\u00bb, que no es otra cosa que \u00abla cultura de las mujeres\u00bb y la importancia dada al valor social.<!--more--><\/p>\n<p>Carmena, que ha rechazado hacer un discurso de investidura al uso porque cree que en el sal\u00f3n de plenos hay \u00abdemasiados discursos y pocas palabras\u00bb, ha querido arrancar su mandato dando las gracias a la ciudadan\u00eda. \u00abMe llena de ilusi\u00f3n y esperanza. Somos servidores de ciudadanos de Madrid, no podemos olvidar que estamos a su servicio\u00bb, ha lanzado.<\/p>\n<p>\u00abQueremos gobernar escuchando, que nos llamen por el nombre de pila, que nos tuteen y siempre en la l\u00ednea que ellos nos digan\u00bb, ha remachado la nueva regidora. El reto ser\u00e1 \u00abintentar seducir con propuestas\u00bb a aquellos que no les votaron, con medidas de \u00abequidad e igualdad, honestidad p\u00fablica, estructuras de participaci\u00f3n real y captaci\u00f3n de inversi\u00f3n nueva y renovada\u00bb, ha dicho.<\/p>\n<p>Carmena ha avanzado que siempre tendr\u00e1 en primer plano a \u00ablas personas que sufren\u00bb, aquellas que se han quedado sin empleo y que no pueden pagar el alquiler o la hipoteca y que \u00abviven con angustia\u00bb. \u00abNos dedicaremos a mejorar su situaci\u00f3n\u00bb, ha prometido.<\/p>\n<p>Esto le ha llevado a contar el caso de una sexagenaria, Julia, con la que se encontr\u00f3 ayer en el Metro, cuando iba de Lavapi\u00e9s \u00aba Sol porque a nadie le gusta el apellido\u00bb, en referencia a la estaci\u00f3n de Sol Vodafone. \u00abQueremos que Sol se siga llamando Sol\u00bb, ha advertido.<\/p>\n<p>\u00abSe acerc\u00f3 una se\u00f1ora que hab\u00eda cumplido los 60, con un vestido rosa. Me cont\u00f3 su vida. Tengo la mirada de Julia aqu\u00ed\u00bb, ha confesado la regidora. Para no olvidarse de ella y de cientos como ella van a empezar por \u00abcambiar los m\u00e9todos de trabajo\u00bb.<\/p>\n<p>Y ya advierte, en el Pleno no quiere ver \u00abni maquinitas jugando ni tel\u00e9fonos mirando mientras unos hablan\u00bb. Ha anunciado la celebraci\u00f3n de plenos monogr\u00e1ficos, con la presencia de expertos en las distintas materias y, sobre todo, muchos datos. As\u00ed, ha propuesto que la enorme pantalla de plasma del sal\u00f3n de plenos, que recoge el orden del d\u00eda, d\u00e9 paso a datos con los que debatir en las sesiones.<\/p>\n<p>&nbsp;<\/p>\n","protected":false},"excerpt":{"rendered":"<p>Emoci\u00f3n en el Palacio de Cibeles. La alcaldesa de Madrid, Manuela Carmena, ha avanzado en&#8230;<\/p>\n","protected":false},"author":1,"featured_media":2391,"comment_status":"closed","ping_status":"closed","sticky":false,"template":"","format":"standard","meta":{"_coblocks_attr":"","_coblocks_dimensions":"","_coblocks_responsive_height":"","_coblocks_accordion_ie_support":"","jetpack_post_was_ever_published":false,"_jetpack_newsletter_access":"","_jetpack_dont_email_post_to_subs":false,"_jetpack_newsletter_tier_id":0,"_jetpack_memberships_contains_paywalled_content":false,"_jetpack_memberships_contains_paid_content":false,"footnotes":"","jetpack_publicize_message":"","jetpack_publicize_feature_enabled":true,"jetpack_social_post_already_shared":false,"jetpack_social_options":{"image_generator_settings":{"template":"highway","default_image_id":0,"enabled":false},"version":2}},"categories":[186,9,15],"tags":[864,746],"class_list":["post-2390","post","type-post","status-publish","format-standard","has-post-thumbnail","hentry","category-instituciones","category-medio-ambiente","category-ultimas-noticias","tag-ayuntamiento","tag-carmena"],"jetpack_publicize_connections":[],"jetpack_featured_media_url":"https:\/\/i0.wp.com\/miradordeatarfe.es\/wp-content\/uploads\/2015\/06\/slide_418722_5336052_compressed.jpg?fit=527%2C351&ssl=1","jetpack_likes_enabled":true,"jetpack_sharing_enabled":true,"_links":{"self":[{"href":"https:\/\/miradordeatarfe.es\/index.php?rest_route=\/wp\/v2\/posts\/2390","targetHints":{"allow":["GET"]}}],"collection":[{"href":"https:\/\/miradordeatarfe.es\/index.php?rest_route=\/wp\/v2\/posts"}],"about":[{"href":"https:\/\/miradordeatarfe.es\/index.php?rest_route=\/wp\/v2\/types\/post"}],"author":[{"embeddable":true,"href":"https:\/\/miradordeatarfe.es\/index.php?rest_route=\/wp\/v2\/users\/1"}],"replies":[{"embeddable":true,"href":"https:\/\/miradordeatarfe.es\/index.php?rest_route=%2Fwp%2Fv2%2Fcomments&post=2390"}],"version-history":[{"count":2,"href":"https:\/\/miradordeatarfe.es\/index.php?rest_route=\/wp\/v2\/posts\/2390\/revisions"}],"predecessor-version":[{"id":2393,"href":"https:\/\/miradordeatarfe.es\/index.php?rest_route=\/wp\/v2\/posts\/2390\/revisions\/2393"}],"wp:featuredmedia":[{"embeddable":true,"href":"https:\/\/miradordeatarfe.es\/index.php?rest_route=\/wp\/v2\/media\/2391"}],"wp:attachment":[{"href":"https:\/\/miradordeatarfe.es\/index.php?rest_route=%2Fwp%2Fv2%2Fmedia&parent=2390"}],"wp:term":[{"taxonomy":"category","embeddable":true,"href":"https:\/\/miradordeatarfe.es\/index.php?rest_route=%2Fwp%2Fv2%2Fcategories&post=2390"},{"taxonomy":"post_tag","embeddable":true,"href":"https:\/\/miradordeatarfe.es\/index.php?rest_route=%2Fwp%2Fv2%2Ftags&post=2390"}],"curies":[{"name":"wp","href":"https:\/\/api.w.org\/{rel}","templated":true}]}}