{"id":23965,"date":"2018-06-03T07:06:44","date_gmt":"2018-06-03T05:06:44","guid":{"rendered":"http:\/\/miradordeatarfe.es\/?p=23965"},"modified":"2018-05-22T16:09:43","modified_gmt":"2018-05-22T14:09:43","slug":"desesperanza-entre-los-parados-de-mas-de-55-siete-de-cada-diez-cree-que-no-volvera-a-trabajar","status":"publish","type":"post","link":"https:\/\/miradordeatarfe.es\/?p=23965","title":{"rendered":"Desesperanza entre los parados de m\u00e1s de 55: siete de cada diez cree que no volver\u00e1 a trabajar"},"content":{"rendered":"<div class=\"pg-bd cf\">\n<div id=\"body_intext\" class=\"tx mce\">\n<p style=\"text-align: justify;\">Siete de cada diez parados mayores de 55 a\u00f1os <strong>cree que no volver\u00e1 nunca al mercado laboral<\/strong> y de los que opinan que s\u00ed lo har\u00e1, el 20% estima que tardar\u00e1 un a\u00f1o en colocarse, mientras que solo un 10% considera que estar\u00e1 trabajando en los pr\u00f3ximos 12 meses, seg\u00fan una encuesta realizada por la Fundaci\u00f3n Adecco a 1.500 desempleados mayores de 55 a\u00f1os.<!--more--><\/p>\n<p style=\"text-align: justify;\">Actualmente hay <strong>560.000 personas mayores de 55 a\u00f1os que buscan empleo en Espa\u00f1a<\/strong>, un 16% m\u00e1s que hace un lustro, cuando se contabilizaron 481.600. De ellos, casi tres cuartas partes (un 74%) lleva m\u00e1s de un a\u00f1o sin encontrar trabajo, cifra que desciende hasta el 61% para los que tienen entre 45 y 55 a\u00f1os y hasta el 54% para los parados a nivel general. Adem\u00e1s, el 61% lleva m\u00e1s de dos a\u00f1os en paro.<\/p>\n<h3 style=\"text-align: justify;\"><strong>Ni siquiera les llaman las empresas<\/strong><\/h3>\n<p style=\"text-align: justify;\">El director general de la Fundaci\u00f3n Adecco,<strong> Francisco Mesonero<\/strong>, destac\u00f3 que quedarse sin empleo a las puertas de la jubilaci\u00f3n es un problema de \u00abdimensiones may\u00fasculas\u00bb, ya que muchos parados mayores de 55 a\u00f1os pierden su trabajo con una peque\u00f1a indemnizaci\u00f3n que no les cubre hasta la edad de jubilaci\u00f3n, lo que les exige buscar un empleo que, en muchos casos, nunca llega.<\/p>\n<p style=\"text-align: justify;\">Seg\u00fan la encuesta, el 61% de los desempleados mayores de 55 a\u00f1os consultados declara <strong>no haber sido llamado para una entrevista de trabajo durante el \u00faltimo a\u00f1o<\/strong>, a pesar de que el 56% aplica a varias ofertas de empleo semanales. Por su parte, un 33% ha realizado entre 1 y 5 entrevistas y solo un 5% ha superado las cinco.<\/p>\n<h3 style=\"text-align: justify;\"><strong>Un 40% tiene hijos dependientes<\/strong><\/h3>\n<p style=\"text-align: justify;\">El 90% de los encuestados achaca esta falta de oportunidades laborales a su edad, mientras que un 10% lo asocia a otras circunstancias del mercado. Asimismo, de la encuesta se desprende que el <strong>40% sigue teniendo hijos econ\u00f3micamente dependientes<\/strong> y un 35% contin\u00faa pagando hipoteca y\/o alquiler.<\/p>\n<p style=\"text-align: justify;\">A la vista de esta realidad, la Fundaci\u00f3n Adecco propone cuatro pautas b\u00e1sicas para que este colectivo encuentre empleo lo antes posible. As\u00ed, aconseja a los parados que no escondan su edad porque si no le dan importancia, los dem\u00e1s tampoco lo har\u00e1n; que pongan en valor sus logros, que se reciclen adquiriendo formaciones nuevas y que cuiden su autoestima.<\/p>\n<p style=\"text-align: justify;\">Por \u00faltimo, la Fundaci\u00f3n Adecco asegura que durante el \u00faltimo a\u00f1o ha generado empleo para 300 personas mayores de 55 a\u00f1os, un 32% m\u00e1s que el a\u00f1o anterior. Esta cifra equivale al 21% del total de mayores de 55 a\u00f1os que han acudido a las oficinas de la Fundaci\u00f3n Adecco en el \u00faltimo a\u00f1o: un total de 1.432.<\/p>\n<\/div>\n<div id=\"taboola-below-article-thumbnails\" style=\"text-align: justify;\">\u00a0<a href=\"http:\/\/www.teinteresa.es\/empleo\/trabajo\/parados-mayores-podra-volver-trabajar_0_1813018845.html\">http:\/\/www.teinteresa.es\/empleo\/trabajo\/parados-mayores-podra-volver-trabajar_0_1813018845.html<\/a><\/div>\n<\/div>\n<p style=\"text-align: justify;\">\n","protected":false},"excerpt":{"rendered":"<p>Siete de cada diez parados mayores de 55 a\u00f1os cree que no volver\u00e1 nunca al&#8230;<\/p>\n","protected":false},"author":1,"featured_media":23966,"comment_status":"closed","ping_status":"closed","sticky":false,"template":"","format":"standard","meta":{"_coblocks_attr":"","_coblocks_dimensions":"","_coblocks_responsive_height":"","_coblocks_accordion_ie_support":"","jetpack_post_was_ever_published":false,"_jetpack_newsletter_access":"","_jetpack_dont_email_post_to_subs":false,"_jetpack_newsletter_tier_id":0,"_jetpack_memberships_contains_paywalled_content":false,"_jetpack_memberships_contains_paid_content":false,"footnotes":"","jetpack_publicize_message":"","jetpack_publicize_feature_enabled":true,"jetpack_social_post_already_shared":false,"jetpack_social_options":{"image_generator_settings":{"template":"highway","default_image_id":0,"enabled":false},"version":2}},"categories":[44,15],"tags":[5010,184,74],"class_list":["post-23965","post","type-post","status-publish","format-standard","has-post-thumbnail","hentry","category-noticias-de-hoy","category-ultimas-noticias","tag-mayores-de-55","tag-parados","tag-trabajo"],"jetpack_publicize_connections":[],"jetpack_featured_media_url":"https:\/\/i0.wp.com\/miradordeatarfe.es\/wp-content\/uploads\/2018\/05\/Mayores_TINIMA20170612_0088_21.jpg?fit=627%2C352&ssl=1","jetpack_likes_enabled":true,"jetpack_sharing_enabled":true,"_links":{"self":[{"href":"https:\/\/miradordeatarfe.es\/index.php?rest_route=\/wp\/v2\/posts\/23965","targetHints":{"allow":["GET"]}}],"collection":[{"href":"https:\/\/miradordeatarfe.es\/index.php?rest_route=\/wp\/v2\/posts"}],"about":[{"href":"https:\/\/miradordeatarfe.es\/index.php?rest_route=\/wp\/v2\/types\/post"}],"author":[{"embeddable":true,"href":"https:\/\/miradordeatarfe.es\/index.php?rest_route=\/wp\/v2\/users\/1"}],"replies":[{"embeddable":true,"href":"https:\/\/miradordeatarfe.es\/index.php?rest_route=%2Fwp%2Fv2%2Fcomments&post=23965"}],"version-history":[{"count":1,"href":"https:\/\/miradordeatarfe.es\/index.php?rest_route=\/wp\/v2\/posts\/23965\/revisions"}],"predecessor-version":[{"id":23967,"href":"https:\/\/miradordeatarfe.es\/index.php?rest_route=\/wp\/v2\/posts\/23965\/revisions\/23967"}],"wp:featuredmedia":[{"embeddable":true,"href":"https:\/\/miradordeatarfe.es\/index.php?rest_route=\/wp\/v2\/media\/23966"}],"wp:attachment":[{"href":"https:\/\/miradordeatarfe.es\/index.php?rest_route=%2Fwp%2Fv2%2Fmedia&parent=23965"}],"wp:term":[{"taxonomy":"category","embeddable":true,"href":"https:\/\/miradordeatarfe.es\/index.php?rest_route=%2Fwp%2Fv2%2Fcategories&post=23965"},{"taxonomy":"post_tag","embeddable":true,"href":"https:\/\/miradordeatarfe.es\/index.php?rest_route=%2Fwp%2Fv2%2Ftags&post=23965"}],"curies":[{"name":"wp","href":"https:\/\/api.w.org\/{rel}","templated":true}]}}