{"id":2400,"date":"2015-06-18T08:23:41","date_gmt":"2015-06-18T08:23:41","guid":{"rendered":"http:\/\/miradordeatarfe.es\/?p=2400"},"modified":"2015-06-26T07:32:01","modified_gmt":"2015-06-26T07:32:01","slug":"alumnos-de-1o-eso-del-ies-iliberis-participa-en-el-programa-profundiza","status":"publish","type":"post","link":"https:\/\/miradordeatarfe.es\/?p=2400","title":{"rendered":"Alumnos de 1\u00ba ESO del IES ILIBERIS, participa en el programa PROFUNDIZA"},"content":{"rendered":"<h2>Profundiza 2014-2015. \u00bf D\u00f3nde est\u00e1n nuestras gallinas?<\/h2>\n<p><!--more--><\/p>\n<p>El programa \u201cAndaluc\u00eda Profundiza\u201d termina su andadura este curso 2014\/15 y, como viene siendo habitual, lo celebramos con una Jornada especial de reconocimiento a los centros, al profesorado y al alumnado participante. Todos ellos realizan un trabajo excelente que va extendiendo el \u201cmodelo profundiza\u201d en las aulas y los centros de nuestra provincia, cumpliendo as\u00ed el objetivo que nos marcamos al inicio de este curso de convertir aquello que de excepcional tiene este programa: <strong>la investigaci\u00f3n, el trabajo por proyectos, el desarrollo integrado de competencias, la creatividad, etc., en una pr\u00e1ctica cotidiana.<\/strong><\/p>\n<p>Para el desarrollo de este proyecto los <strong>alumnos de 1\u00ba ESO<\/strong> han buscado\u00a0informaci\u00f3n sobre las razas de gallinas existentes en Espa\u00f1a, Andaluc\u00eda y provincia y de su ciclo reproductor. Despu\u00e9s se ha realizado un trabajo de campo i<strong>nvestigando las razas que existen actualmente en el municipio,<\/strong> para lo cual se\u00a0han ayudado de sus\u00a0familiares, amigos y conocidos de la zona. Hemos contrastado todos los datos y se han elaborado las primeras hip\u00f3tesis.<\/p>\n<p>Posteriormente se ha construido una <strong>c\u00e1mara de incubaci\u00f3n<\/strong> donde se han colocado 12 huevos \u201c<strong>de gallina andaluza<\/strong>\u201d; nos ha costado pero los hemos encontrado por fin.<\/p>\n<p>Los alumnos est\u00e1n muy ilusionados esperando <strong>la eclosi\u00f3n de los huevos<\/strong>, van todos los d\u00edas a ver si las condiciones de temperatura y posici\u00f3n del huevo son las correctas. El lunes 1 de junio hacen 21 d\u00edas los 6 primeros huevos \u201cqu\u00e9 nerviosssss\u201d \u00bfsaldr\u00e1 alg\u00fan pollito?\u2026\u2026ya os contaremos.<\/p>\n<p>Adem\u00e1s de reconocer el gran esfuerzo que han realizado estos alumnos, han sido seleccionados para <strong class=\"sigFreeImg s5_lazyload\" title=\"Click to enlarge image pprofundiza2.jpg\">representar a la provincia de Granada en la Feria de las Ciencias de Sevilla<\/strong><\/p>\n","protected":false},"excerpt":{"rendered":"<p>Profundiza 2014-2015. \u00bf D\u00f3nde est\u00e1n nuestras gallinas?<\/p>\n","protected":false},"author":1,"featured_media":2401,"comment_status":"closed","ping_status":"closed","sticky":false,"template":"","format":"standard","meta":{"_coblocks_attr":"","_coblocks_dimensions":"","_coblocks_responsive_height":"","_coblocks_accordion_ie_support":"","jetpack_post_was_ever_published":false,"_jetpack_newsletter_access":"","_jetpack_dont_email_post_to_subs":false,"_jetpack_newsletter_tier_id":0,"_jetpack_memberships_contains_paywalled_content":false,"_jetpack_memberships_contains_paid_content":false,"footnotes":"","jetpack_publicize_message":"","jetpack_publicize_feature_enabled":true,"jetpack_social_post_already_shared":false,"jetpack_social_options":{"image_generator_settings":{"template":"highway","default_image_id":0,"enabled":false},"version":2}},"categories":[2,187,15],"tags":[869,868],"class_list":["post-2400","post","type-post","status-publish","format-standard","has-post-thumbnail","hentry","category-atarfe","category-centros-educativos","category-ultimas-noticias","tag-ies-iliberis","tag-profundiza"],"jetpack_publicize_connections":[],"jetpack_featured_media_url":"https:\/\/i0.wp.com\/miradordeatarfe.es\/wp-content\/uploads\/2015\/06\/profundiza.jpg?fit=150%2C150&ssl=1","jetpack_likes_enabled":true,"jetpack_sharing_enabled":true,"_links":{"self":[{"href":"https:\/\/miradordeatarfe.es\/index.php?rest_route=\/wp\/v2\/posts\/2400","targetHints":{"allow":["GET"]}}],"collection":[{"href":"https:\/\/miradordeatarfe.es\/index.php?rest_route=\/wp\/v2\/posts"}],"about":[{"href":"https:\/\/miradordeatarfe.es\/index.php?rest_route=\/wp\/v2\/types\/post"}],"author":[{"embeddable":true,"href":"https:\/\/miradordeatarfe.es\/index.php?rest_route=\/wp\/v2\/users\/1"}],"replies":[{"embeddable":true,"href":"https:\/\/miradordeatarfe.es\/index.php?rest_route=%2Fwp%2Fv2%2Fcomments&post=2400"}],"version-history":[{"count":1,"href":"https:\/\/miradordeatarfe.es\/index.php?rest_route=\/wp\/v2\/posts\/2400\/revisions"}],"predecessor-version":[{"id":2402,"href":"https:\/\/miradordeatarfe.es\/index.php?rest_route=\/wp\/v2\/posts\/2400\/revisions\/2402"}],"wp:featuredmedia":[{"embeddable":true,"href":"https:\/\/miradordeatarfe.es\/index.php?rest_route=\/wp\/v2\/media\/2401"}],"wp:attachment":[{"href":"https:\/\/miradordeatarfe.es\/index.php?rest_route=%2Fwp%2Fv2%2Fmedia&parent=2400"}],"wp:term":[{"taxonomy":"category","embeddable":true,"href":"https:\/\/miradordeatarfe.es\/index.php?rest_route=%2Fwp%2Fv2%2Fcategories&post=2400"},{"taxonomy":"post_tag","embeddable":true,"href":"https:\/\/miradordeatarfe.es\/index.php?rest_route=%2Fwp%2Fv2%2Ftags&post=2400"}],"curies":[{"name":"wp","href":"https:\/\/api.w.org\/{rel}","templated":true}]}}