{"id":2404,"date":"2015-06-17T07:28:18","date_gmt":"2015-06-17T07:28:18","guid":{"rendered":"http:\/\/miradordeatarfe.es\/?p=2404"},"modified":"2015-06-18T08:08:52","modified_gmt":"2015-06-18T08:08:52","slug":"bolsa-de-libros-de-texto-de-la-fundacion-sierra-elvira","status":"publish","type":"post","link":"https:\/\/miradordeatarfe.es\/?p=2404","title":{"rendered":"Bolsa de libros de texto de la Fundaci\u00f3n Sierra Elvira"},"content":{"rendered":"<p>La Fundaci\u00f3n Sierra Elvira ha donado libros de texto para alumnos de aquellas etapas educativas en las que no gozan de gratuidad por parte de la administraci\u00f3n p\u00fablica. Dichos libros son devueltos, una vez concluido el curso correspondiente, bien a la Fundaci\u00f3n o pasan a dep\u00f3sito en los centros educativos de Atarfe para usos posteriores.<!--more--><\/p>\n<p>Se ha visto la conveniencia de establecer una Bolsa de Libros, especialmente de texto: Bachillerato y Ense\u00f1anzas Medias, para lo cual pedimos a las familias, cuyos hijos ya no los necesiten, que los donen a la Fundaci\u00f3n con objeto de que otros alumnos puedan utilizarlos, sin coste para sus familias (en situaci\u00f3n econ\u00f3mica precaria).\u00a0 Aquellas familias que deseen donar esos libros de texto, que ya no vayan a usar y se encuentren en buen estado de conservaci\u00f3n, pueden dirigirse directamente a la Fundaci\u00f3n para concertar la entrega.<\/p>\n<p>Aquellas otras familias que quieran acogerse a esta Bolsa de Libros, pueden presentar su <a href=\"http:\/\/www.fundacionsierraelvira.org\/soliclibros.doc\">Solicitud<\/a> a la Fundaci\u00f3n, durante el mes de junio.<\/p>\n","protected":false},"excerpt":{"rendered":"<p>La Fundaci\u00f3n Sierra Elvira ha donado libros de texto para alumnos de aquellas etapas educativas&#8230;<\/p>\n","protected":false},"author":1,"featured_media":2405,"comment_status":"closed","ping_status":"closed","sticky":false,"template":"","format":"standard","meta":{"_coblocks_attr":"","_coblocks_dimensions":"","_coblocks_responsive_height":"","_coblocks_accordion_ie_support":"","jetpack_post_was_ever_published":false,"_jetpack_newsletter_access":"","_jetpack_dont_email_post_to_subs":false,"_jetpack_newsletter_tier_id":0,"_jetpack_memberships_contains_paywalled_content":false,"_jetpack_memberships_contains_paid_content":false,"footnotes":"","jetpack_publicize_message":"","jetpack_publicize_feature_enabled":true,"jetpack_social_post_already_shared":false,"jetpack_social_options":{"image_generator_settings":{"template":"highway","default_image_id":0,"enabled":false},"version":2}},"categories":[2,15],"tags":[332],"class_list":["post-2404","post","type-post","status-publish","format-standard","has-post-thumbnail","hentry","category-atarfe","category-ultimas-noticias","tag-fundacion-sierra-elvira"],"jetpack_publicize_connections":[],"jetpack_featured_media_url":"https:\/\/i0.wp.com\/miradordeatarfe.es\/wp-content\/uploads\/2015\/06\/libr.jpg?fit=271%2C186&ssl=1","jetpack_likes_enabled":true,"jetpack_sharing_enabled":true,"_links":{"self":[{"href":"https:\/\/miradordeatarfe.es\/index.php?rest_route=\/wp\/v2\/posts\/2404","targetHints":{"allow":["GET"]}}],"collection":[{"href":"https:\/\/miradordeatarfe.es\/index.php?rest_route=\/wp\/v2\/posts"}],"about":[{"href":"https:\/\/miradordeatarfe.es\/index.php?rest_route=\/wp\/v2\/types\/post"}],"author":[{"embeddable":true,"href":"https:\/\/miradordeatarfe.es\/index.php?rest_route=\/wp\/v2\/users\/1"}],"replies":[{"embeddable":true,"href":"https:\/\/miradordeatarfe.es\/index.php?rest_route=%2Fwp%2Fv2%2Fcomments&post=2404"}],"version-history":[{"count":1,"href":"https:\/\/miradordeatarfe.es\/index.php?rest_route=\/wp\/v2\/posts\/2404\/revisions"}],"predecessor-version":[{"id":2406,"href":"https:\/\/miradordeatarfe.es\/index.php?rest_route=\/wp\/v2\/posts\/2404\/revisions\/2406"}],"wp:featuredmedia":[{"embeddable":true,"href":"https:\/\/miradordeatarfe.es\/index.php?rest_route=\/wp\/v2\/media\/2405"}],"wp:attachment":[{"href":"https:\/\/miradordeatarfe.es\/index.php?rest_route=%2Fwp%2Fv2%2Fmedia&parent=2404"}],"wp:term":[{"taxonomy":"category","embeddable":true,"href":"https:\/\/miradordeatarfe.es\/index.php?rest_route=%2Fwp%2Fv2%2Fcategories&post=2404"},{"taxonomy":"post_tag","embeddable":true,"href":"https:\/\/miradordeatarfe.es\/index.php?rest_route=%2Fwp%2Fv2%2Ftags&post=2404"}],"curies":[{"name":"wp","href":"https:\/\/api.w.org\/{rel}","templated":true}]}}