{"id":2419,"date":"2015-06-17T06:47:18","date_gmt":"2015-06-17T06:47:18","guid":{"rendered":"http:\/\/miradordeatarfe.es\/?p=2419"},"modified":"2015-06-20T10:07:59","modified_gmt":"2015-06-20T10:07:59","slug":"una-mujer-de-102-anos-recibe-el-doctorado-que-le-negaron-los-nazis","status":"publish","type":"post","link":"https:\/\/miradordeatarfe.es\/?p=2419","title":{"rendered":"Una mujer de 102 a\u00f1os recibe el doctorado que le negaron los nazis"},"content":{"rendered":"<p>Una mujer de 102 a\u00f1os ha recibido el doctorado de una universidad alemana el pasado martes, casi 80 a\u00f1os despu\u00e9s de que los nazis le prohibieran presentarse al examen para obtenerlo por ser jud\u00eda.<!--more--><\/p>\n<p>La pediatra Ingeborg Syllm-Rapoport ha sido doctorada por el centro m\u00e9dico de la Universidad UKE, en Hamburgo, a pesar de que termin\u00f3 su tesis sobre la difteria en 1938. Estudi\u00f3 medicina en la ciudad del norte de Alemania y trabaj\u00f3 en el Hospital Jud\u00edo entre 1937 y 1938, donde escribi\u00f3 su escrito.<\/p>\n<p>Para entonces, el r\u00e9gimen de Hitler se hab\u00eda impuesto, y sus restricciones legales la impidieron presentarse al examen oral y conseguir el t\u00edtulo debido a su ascendencia jud\u00eda, que le ven\u00eda de su madre, la pianista Maria Syllm. Su profesor de entonces escribi\u00f3 un certificado en el que aseguraba que habr\u00eda aprobado su tesis si las leyes se lo hubieran permitido.<\/p>\n<p>\u00abEra por principios, no por m\u00ed\u00bb, ha se\u00f1alado Syllm-Rapoport en una entrevista con <em>Tagesspiegel<\/em>. La centenaria reside en Berl\u00edn y ha agradecido la \u00abgran paciencia\u00bb que ha mostrado la universidad con ella. Para prepararse el tard\u00edo test, sus amigos buscaron en Internet los hallazgos sobre la difteria de las \u00faltimas ocho d\u00e9cadas.<\/p>\n<p>Syllm-Rapoport pas\u00f3 con \u00e9xito su examen oral en mayo y la universidad ha destacado que probablemente es la persona m\u00e1s anciana en recibir un doctorado. El decano de la facultad de Medicina de la UKE, Uwe Koch-Gromus, descubri\u00f3 el caso de la anciana en su 100\u00ba aniversario y comenz\u00f3 a indagar al respecto.<\/p>\n<p>Tras el examen, Koch-Gromus la ha descrito como \u00absimplemente brillante\u00bb. \u00abNos impresion\u00f3 su lucidez intelectual y nos quedamos sin palabras ante sus expertos conocimientos, incluso en lo referente a la medicina moderna\u00bb, ha se\u00f1alado.<\/p>\n<p>Syllm-Rapoport emigr\u00f3 a Estados Unidos en 1938, donde continu\u00f3 su carrera como pediatra. Sin el t\u00edtulo oficial, tuvo que prolongar sus estudios durante dos a\u00f1os en Filadelfia antes de ejercer. All\u00ed conoci\u00f3 a su marido, con el que tuvo cuatro hijos. La familia volvi\u00f3 a Alemania en los a\u00f1os 50, asent\u00e1ndose en Berl\u00edn Este.<\/p>\n<p>En 1969, Syllm-Rapoport ocup\u00f3 la primera c\u00e1tedra de Alemania en Neonatolog\u00eda, en el prestigioso hospital universitario de la Charit\u00e9 de Berl\u00edn.<\/p>\n<p>\u00abNo podemos borrar la injusticia que se cometi\u00f3 pero nuestras reflexiones sobre el pasado dan forma a nuestras perspectivas de futuro\u00bb, ha manifestado Burkhard Goeke, el director de Medicina de la UKE y parte del jurado que le concedi\u00f3 el doctorado.<\/p>\n<p><a href=\"http:\/\/www.huffingtonpost.es\/2015\/06\/15\/centenaria-doctorado-nazis_n_7583932.html\">http:\/\/www.huffingtonpost.es\/2015\/06\/15\/centenaria-doctorado-nazis_n_7583932.html<\/a><\/p>\n","protected":false},"excerpt":{"rendered":"<p>Una mujer de 102 a\u00f1os ha recibido el doctorado de una universidad alemana el pasado&#8230;<\/p>\n","protected":false},"author":1,"featured_media":2420,"comment_status":"closed","ping_status":"closed","sticky":false,"template":"","format":"standard","meta":{"_coblocks_attr":"","_coblocks_dimensions":"","_coblocks_responsive_height":"","_coblocks_accordion_ie_support":"","jetpack_post_was_ever_published":false,"_jetpack_newsletter_access":"","_jetpack_dont_email_post_to_subs":false,"_jetpack_newsletter_tier_id":0,"_jetpack_memberships_contains_paywalled_content":false,"_jetpack_memberships_contains_paid_content":false,"footnotes":"","jetpack_publicize_message":"","jetpack_publicize_feature_enabled":true,"jetpack_social_post_already_shared":false,"jetpack_social_options":{"image_generator_settings":{"template":"highway","default_image_id":0,"enabled":false},"version":2}},"categories":[12,186,15],"tags":[41],"class_list":["post-2419","post","type-post","status-publish","format-standard","has-post-thumbnail","hentry","category-cultura","category-instituciones","category-ultimas-noticias","tag-feminismo"],"jetpack_publicize_connections":[],"jetpack_featured_media_url":"https:\/\/i0.wp.com\/miradordeatarfe.es\/wp-content\/uploads\/2015\/06\/SEN.jpg?fit=570%2C238&ssl=1","jetpack_likes_enabled":true,"jetpack_sharing_enabled":true,"_links":{"self":[{"href":"https:\/\/miradordeatarfe.es\/index.php?rest_route=\/wp\/v2\/posts\/2419","targetHints":{"allow":["GET"]}}],"collection":[{"href":"https:\/\/miradordeatarfe.es\/index.php?rest_route=\/wp\/v2\/posts"}],"about":[{"href":"https:\/\/miradordeatarfe.es\/index.php?rest_route=\/wp\/v2\/types\/post"}],"author":[{"embeddable":true,"href":"https:\/\/miradordeatarfe.es\/index.php?rest_route=\/wp\/v2\/users\/1"}],"replies":[{"embeddable":true,"href":"https:\/\/miradordeatarfe.es\/index.php?rest_route=%2Fwp%2Fv2%2Fcomments&post=2419"}],"version-history":[{"count":1,"href":"https:\/\/miradordeatarfe.es\/index.php?rest_route=\/wp\/v2\/posts\/2419\/revisions"}],"predecessor-version":[{"id":2421,"href":"https:\/\/miradordeatarfe.es\/index.php?rest_route=\/wp\/v2\/posts\/2419\/revisions\/2421"}],"wp:featuredmedia":[{"embeddable":true,"href":"https:\/\/miradordeatarfe.es\/index.php?rest_route=\/wp\/v2\/media\/2420"}],"wp:attachment":[{"href":"https:\/\/miradordeatarfe.es\/index.php?rest_route=%2Fwp%2Fv2%2Fmedia&parent=2419"}],"wp:term":[{"taxonomy":"category","embeddable":true,"href":"https:\/\/miradordeatarfe.es\/index.php?rest_route=%2Fwp%2Fv2%2Fcategories&post=2419"},{"taxonomy":"post_tag","embeddable":true,"href":"https:\/\/miradordeatarfe.es\/index.php?rest_route=%2Fwp%2Fv2%2Ftags&post=2419"}],"curies":[{"name":"wp","href":"https:\/\/api.w.org\/{rel}","templated":true}]}}