{"id":24206,"date":"2018-06-04T11:00:36","date_gmt":"2018-06-04T09:00:36","guid":{"rendered":"http:\/\/miradordeatarfe.es\/?p=24206"},"modified":"2018-06-03T16:41:53","modified_gmt":"2018-06-03T14:41:53","slug":"el-cade-de-atarfe-organiza-una-jornada-sobre-pautas-de-gestion-financiera-de-empresas","status":"publish","type":"post","link":"https:\/\/miradordeatarfe.es\/?p=24206","title":{"rendered":"El CADE de Atarfe organiza una jornada sobre pautas de gesti\u00f3n financiera de empresas"},"content":{"rendered":"<p style=\"text-align: justify;\">El objetivo de la jornada que se celebra el 12 de junio es dar a conocer las pautas para interpretar el Balance y la Cuenta de Resultados de la empresa, la Cuenta de Tesorer\u00eda y alternativas de financiaci\u00f3n de empresas<!--more--><\/p>\n<p style=\"text-align: justify;\">El Centro Andaluz de Emprendimiento de Atarfe (CADE), perteneciente a Andaluc\u00eda Emprende Fundaci\u00f3n P\u00fablica Andaluza, celebra el martes 12 de Junio, en colaboraci\u00f3n con el Ayuntamiento de Atarfe y con la UCEIF ( Universidad de Cantabria para el Estudio y la Investigaci\u00f3n del Sector Financiero), la jornada informativa \u00abMejora la situaci\u00f3n financiera de tu empresa. Alternativas de financiaci\u00f3n\u00bb.<\/p>\n<p style=\"text-align: justify;\">El objetivo que se persigue con esta jornada es dar a conocer las pautas para interpretar el Balance y la Cuenta de Resultados de la empresa, as\u00ed como la Cuenta de Tesorer\u00eda y hablar de las diferentes alternativas que tiene una empresa para financiarse.<\/p>\n<p style=\"text-align: justify;\">Para todo ello, se contar\u00e1 con la presencia de <strong>Francisco Ricardo Quesada Barcos<\/strong> y <strong>Jos\u00e9 Antonio Montalb\u00e1n G\u00f3mez<\/strong>, director y gerente de empresas respectivamente del Banco Santander y formadores -colaboradores de la UCEIF; y\u00a0<strong>Margarita Cuadrado Carreras<\/strong>, directora de BBVA en Atarfe.<\/p>\n<p style=\"text-align: justify;\">La cita ser\u00e1 el 12 de junio en el Centro Cultural Medina Elvira, de 17:30 a 20:30 horas.<\/p>\n<p style=\"text-align: justify;\">Informaci\u00f3n e inscripciones:<\/p>\n<p style=\"text-align: justify;\">Centro Andaluz de Emprendimiento (CADE Atarfe)<br \/>\nTel: 958566039<br \/>\n<a href=\"mailto:cade.atarfe@andaluciaemprende.es\">cade.atarfe@andaluciaemprende.es<\/a><\/p>\n<p style=\"text-align: justify;\">Se adjunta a continuaci\u00f3n la hoja de inscripci\u00f3n:<\/p>\n<div class=\"post-block post-author clearfix\">\n<h3 class=\"heading-primary\" style=\"text-align: justify;\"><i class=\"fa fa-download\"><\/i>Ficheros Adjuntos<\/h3>\n<div class=\"clearfix\">\n<div class=\"img-thumbnail-ficherosadjuntos\" style=\"text-align: justify;\"><img data-recalc-dims=\"1\" decoding=\"async\" src=\"https:\/\/i0.wp.com\/www.atarfe.es\/img\/pdf2.jpg?w=640\" alt=\"\" \/><\/div>\n<p style=\"text-align: justify;\"><strong class=\"name\"><a href=\"http:\/\/www.atarfe.es\/data\/CoreFiles\/hoja-de-inscripcion.pdf\" target=\"_blank\" rel=\"noopener\">Hoja de inscripci\u00f3n para asistir a la Jornada sobre gesti\u00f3n financiera de empresas<\/a><\/strong><\/p>\n<\/div>\n<\/div>\n","protected":false},"excerpt":{"rendered":"<p>El objetivo de la jornada que se celebra el 12 de junio es dar a&#8230;<\/p>\n","protected":false},"author":1,"featured_media":0,"comment_status":"closed","ping_status":"closed","sticky":false,"template":"","format":"standard","meta":{"_coblocks_attr":"","_coblocks_dimensions":"","_coblocks_responsive_height":"","_coblocks_accordion_ie_support":"","jetpack_post_was_ever_published":false,"_jetpack_newsletter_access":"","_jetpack_dont_email_post_to_subs":false,"_jetpack_newsletter_tier_id":0,"_jetpack_memberships_contains_paywalled_content":false,"_jetpack_memberships_contains_paid_content":false,"footnotes":"","jetpack_publicize_message":"","jetpack_publicize_feature_enabled":true,"jetpack_social_post_already_shared":false,"jetpack_social_options":{"image_generator_settings":{"template":"highway","default_image_id":0,"enabled":false},"version":2}},"categories":[186,9,44,15],"tags":[4939,5059],"class_list":["post-24206","post","type-post","status-publish","format-standard","hentry","category-instituciones","category-medio-ambiente","category-noticias-de-hoy","category-ultimas-noticias","tag-cade-atarfe","tag-ursos"],"jetpack_publicize_connections":[],"jetpack_featured_media_url":"","jetpack_likes_enabled":true,"jetpack_sharing_enabled":true,"_links":{"self":[{"href":"https:\/\/miradordeatarfe.es\/index.php?rest_route=\/wp\/v2\/posts\/24206","targetHints":{"allow":["GET"]}}],"collection":[{"href":"https:\/\/miradordeatarfe.es\/index.php?rest_route=\/wp\/v2\/posts"}],"about":[{"href":"https:\/\/miradordeatarfe.es\/index.php?rest_route=\/wp\/v2\/types\/post"}],"author":[{"embeddable":true,"href":"https:\/\/miradordeatarfe.es\/index.php?rest_route=\/wp\/v2\/users\/1"}],"replies":[{"embeddable":true,"href":"https:\/\/miradordeatarfe.es\/index.php?rest_route=%2Fwp%2Fv2%2Fcomments&post=24206"}],"version-history":[{"count":1,"href":"https:\/\/miradordeatarfe.es\/index.php?rest_route=\/wp\/v2\/posts\/24206\/revisions"}],"predecessor-version":[{"id":24207,"href":"https:\/\/miradordeatarfe.es\/index.php?rest_route=\/wp\/v2\/posts\/24206\/revisions\/24207"}],"wp:attachment":[{"href":"https:\/\/miradordeatarfe.es\/index.php?rest_route=%2Fwp%2Fv2%2Fmedia&parent=24206"}],"wp:term":[{"taxonomy":"category","embeddable":true,"href":"https:\/\/miradordeatarfe.es\/index.php?rest_route=%2Fwp%2Fv2%2Fcategories&post=24206"},{"taxonomy":"post_tag","embeddable":true,"href":"https:\/\/miradordeatarfe.es\/index.php?rest_route=%2Fwp%2Fv2%2Ftags&post=24206"}],"curies":[{"name":"wp","href":"https:\/\/api.w.org\/{rel}","templated":true}]}}