{"id":2422,"date":"2015-06-17T07:46:04","date_gmt":"2015-06-17T07:46:04","guid":{"rendered":"http:\/\/miradordeatarfe.es\/?p=2422"},"modified":"2015-06-18T08:08:43","modified_gmt":"2015-06-18T08:08:43","slug":"los-nuevos-gobiernos-autonomicos-trataran-de-frenar-la-ley-wert","status":"publish","type":"post","link":"https:\/\/miradordeatarfe.es\/?p=2422","title":{"rendered":"Los nuevos gobiernos auton\u00f3micos tratar\u00e1n de frenar la ley Wert"},"content":{"rendered":"<p>La mayor\u00eda de los nuevos gobiernos auton\u00f3micos forzar\u00e1n la convocatoria de una Confeerencia Sectorial para retrasar su entrada en vigor<!--more--><\/p>\n<div id=\"cuerpo_noticia\" class=\"cuerpo_noticia estirar\">\n<p>Los resultados de las elecciones auton\u00f3micas del 24 de mayo pueden provocar <strong>la paralizaci\u00f3n de la Lomce<\/strong>, la reforma educativa del gobierno del PP. Al menos 12 de las 17 comunidades aut\u00f3nomas van a estar gobernadas por partidos que rechazan la ley Wert. Una mayor\u00eda de bloqueo que est\u00e1 teniendo ya los primeros contactos para coordinarse. Su primer objetivo podr\u00eda ser forzar la convocatoria de una Conferencia Sectorial que estudie el frenazo de la reforma en septiembre.<\/p>\n<p class=\"ademas\">El PP aprob\u00f3 en solitario la Ley Wert y estaba implant\u00e1ndola a marchas forzadas gracias a que gobernaba hasta el 24 de mayo en 11 comunidades aut\u00f3nomas. El mapa ha dado un vuelco total y ahora mismo solo va a gobernar como mucho en 5. Aprovechando esta situaci\u00f3n de minor\u00eda del PP, el resto de grupos, que se oponen a la ley est\u00e1 preparando una estrategia para frenarla. De momento ha sido la consejera de Educaci\u00f3n catalana, Irene Rigau la que ha anunciado contactos con el PSOE para provocar la convocatoria de una reuni\u00f3n de todas las Comunidades y el Ministerio para aplazar la implantaci\u00f3n de la ley el pr\u00f3ximo curso.<\/p>\n<p>Las comunidades que se oponen a la ley <strong>alegan falta de financiaci\u00f3n y de tiempo<\/strong> para que a partir de septiembre, la Lomce se implante en toda primaria y comience en la ESO y en Bachillerato. Alertan de que ser\u00eda un caos. Todos los partidos de la oposici\u00f3n se comprometieron a derogar la ley en cuento cambiara la mayor\u00eda en el Congreso. Esta nueva situaci\u00f3n se producen en medio de un vac\u00edo de poder en el Ministerio tras la salida de la secretaria de Estado, Monserrat Gomendio y la mas que probable marcha de Wert.<\/p>\n<p>Durante <strong>una entrevista en<\/strong> <strong><em>Hoy por Hoy<\/em><\/strong>, el futuro presidente de Castilla La Mancha, <strong>Emiliano Garc\u00eda-Page<\/strong>, tambi\u00e9n se ha sumado a esta voluntad de parar la ley educativa porque, seg\u00fan recuerda, \u00abest\u00e1 acarreando muchos problemas t\u00e9cnicos\u00bb.<\/p>\n<p><a href=\"http:\/\/cadenaser.com\/ser\/2015\/06\/16\/sociedad\/1434438177_884372.html\">http:\/\/cadenaser.com\/ser\/2015\/06\/16\/sociedad\/1434438177_884372.html<\/a><\/p>\n<\/div>\n","protected":false},"excerpt":{"rendered":"<p>La mayor\u00eda de los nuevos gobiernos auton\u00f3micos forzar\u00e1n la convocatoria de una Confeerencia Sectorial para&#8230;<\/p>\n","protected":false},"author":1,"featured_media":2423,"comment_status":"closed","ping_status":"closed","sticky":false,"template":"","format":"standard","meta":{"_coblocks_attr":"","_coblocks_dimensions":"","_coblocks_responsive_height":"","_coblocks_accordion_ie_support":"","jetpack_post_was_ever_published":false,"_jetpack_newsletter_access":"","_jetpack_dont_email_post_to_subs":false,"_jetpack_newsletter_tier_id":0,"_jetpack_memberships_contains_paywalled_content":false,"_jetpack_memberships_contains_paid_content":false,"footnotes":"","jetpack_publicize_message":"","jetpack_publicize_feature_enabled":true,"jetpack_social_post_already_shared":false,"jetpack_social_options":{"image_generator_settings":{"template":"highway","default_image_id":0,"enabled":false},"version":2}},"categories":[187,15],"tags":[27],"class_list":["post-2422","post","type-post","status-publish","format-standard","has-post-thumbnail","hentry","category-centros-educativos","category-ultimas-noticias","tag-educacion"],"jetpack_publicize_connections":[],"jetpack_featured_media_url":"https:\/\/i0.wp.com\/miradordeatarfe.es\/wp-content\/uploads\/2015\/06\/1434438177_884372_1434438570_noticia_normal.jpg?fit=770%2C449&ssl=1","jetpack_likes_enabled":true,"jetpack_sharing_enabled":true,"_links":{"self":[{"href":"https:\/\/miradordeatarfe.es\/index.php?rest_route=\/wp\/v2\/posts\/2422","targetHints":{"allow":["GET"]}}],"collection":[{"href":"https:\/\/miradordeatarfe.es\/index.php?rest_route=\/wp\/v2\/posts"}],"about":[{"href":"https:\/\/miradordeatarfe.es\/index.php?rest_route=\/wp\/v2\/types\/post"}],"author":[{"embeddable":true,"href":"https:\/\/miradordeatarfe.es\/index.php?rest_route=\/wp\/v2\/users\/1"}],"replies":[{"embeddable":true,"href":"https:\/\/miradordeatarfe.es\/index.php?rest_route=%2Fwp%2Fv2%2Fcomments&post=2422"}],"version-history":[{"count":1,"href":"https:\/\/miradordeatarfe.es\/index.php?rest_route=\/wp\/v2\/posts\/2422\/revisions"}],"predecessor-version":[{"id":2424,"href":"https:\/\/miradordeatarfe.es\/index.php?rest_route=\/wp\/v2\/posts\/2422\/revisions\/2424"}],"wp:featuredmedia":[{"embeddable":true,"href":"https:\/\/miradordeatarfe.es\/index.php?rest_route=\/wp\/v2\/media\/2423"}],"wp:attachment":[{"href":"https:\/\/miradordeatarfe.es\/index.php?rest_route=%2Fwp%2Fv2%2Fmedia&parent=2422"}],"wp:term":[{"taxonomy":"category","embeddable":true,"href":"https:\/\/miradordeatarfe.es\/index.php?rest_route=%2Fwp%2Fv2%2Fcategories&post=2422"},{"taxonomy":"post_tag","embeddable":true,"href":"https:\/\/miradordeatarfe.es\/index.php?rest_route=%2Fwp%2Fv2%2Ftags&post=2422"}],"curies":[{"name":"wp","href":"https:\/\/api.w.org\/{rel}","templated":true}]}}