{"id":24232,"date":"2018-06-04T13:19:57","date_gmt":"2018-06-04T11:19:57","guid":{"rendered":"http:\/\/miradordeatarfe.es\/?p=24232"},"modified":"2018-06-04T13:19:57","modified_gmt":"2018-06-04T11:19:57","slug":"atarfe-hoy-pleno-ordinario-para-tratar-asuntos-de-interes","status":"publish","type":"post","link":"https:\/\/miradordeatarfe.es\/?p=24232","title":{"rendered":"ATARFE: HOY Pleno ordinario para tratar asuntos de inter\u00e9s"},"content":{"rendered":"<div class=\"post-meta\" style=\"text-align: justify;\">La sesi\u00f3n se celebra <strong>HOY\u00a0 lunes 4 de junio, a las 7 de la tarde<\/strong>, en el sal\u00f3n de plenos.<\/div>\n<p style=\"text-align: justify;\"><!--more--><\/p>\n<div class=\"post-meta\" style=\"text-align: justify;\">\u00a0El Ayuntamiento de Atarfe celebra el <strong>lunes 4 de junio, a las 19:00 horas<\/strong>, un pleno ordinario para debatir varios asuntos de inter\u00e9s.<\/div>\n<p style=\"text-align: justify;\">Entre los temas que se abordar\u00e1n en la sesi\u00f3n del lunes figuran la petici\u00f3n de cambio de subvenci\u00f3n para destinar el dinero a la realizaci\u00f3n de una nueva pista polideportiva polivalente, la resoluci\u00f3n del recurso de reposici\u00f3n interpuesto por la mercantil Alferc\u00e1n despu\u00e9s de que el pleno aprobara recuperar de oficio la cantera que la empresa explotaba en monte p\u00fablico, cuestiones referidas a obras que se llevan a cabo con el Programa de Fomento de Empleo Agrario y dar cuenta de un recurso de alzada que guarda relaci\u00f3n con el arrendamiento de los terrenos donde se ublica el Centro de Transporte Municipal.<\/p>\n<p style=\"text-align: justify;\">Tambi\u00e9n se formalizar\u00e1 el acuerdo provisional que se alcanz\u00f3 con el Consorcio de Transporte Metropolitano a primeros de a\u00f1o para la puesta en marcha de la l\u00ednea de autob\u00fas 127. Se llevar\u00e1 a pleno el convenio con el IES Il\u00edberis para la cesi\u00f3n de uso de instalaciones municipales y se solicitar\u00e1 la aprobaci\u00f3n de los grupos para que el Ayuntamiento acceda al programa de subvenciones para la renovaci\u00f3n de las instalaciones de alumbrado exterior.<\/p>\n<p style=\"text-align: justify;\">El alcalde Francisco Rodr\u00edguez Quesada tiene previsto informar de las \u00faltimas sentencias judiciales, del informe de morosidad a proveedores correspondiente al primer trimestre de 2018 y de una modificaci\u00f3n de cr\u00e9dito.<\/p>\n<p style=\"text-align: justify;\">Se debatir\u00e1n tres mociones presentadas por el grupo municipal socialista (creaci\u00f3n de un organismo aut\u00f3nomo para la prestaci\u00f3n de servicios de empleo, una propuesta de bonificaci\u00f3n de veh\u00edculos de motor el\u00e9ctricos o h\u00edbridos y una iniciativa para instar al Gobierno central a mejorar la finanaciaci\u00f3n auton\u00f3mica) y se pasar\u00e1 al turno de ruegos y preguntas. Los vecinos que lo deseen tendr\u00e1n la palabra al final de la sesi\u00f3n.<\/p>\n<p style=\"text-align: justify;\">Al igual que en otras ocasiones, el pleno se retransmitir\u00e1 por internet.<\/p>\n","protected":false},"excerpt":{"rendered":"<p>La sesi\u00f3n se celebra HOY\u00a0 lunes 4 de junio, a las 7 de la tarde,&#8230;<\/p>\n","protected":false},"author":1,"featured_media":24233,"comment_status":"closed","ping_status":"closed","sticky":false,"template":"","format":"standard","meta":{"_coblocks_attr":"","_coblocks_dimensions":"","_coblocks_responsive_height":"","_coblocks_accordion_ie_support":"","jetpack_post_was_ever_published":false,"_jetpack_newsletter_access":"","_jetpack_dont_email_post_to_subs":false,"_jetpack_newsletter_tier_id":0,"_jetpack_memberships_contains_paywalled_content":false,"_jetpack_memberships_contains_paid_content":false,"footnotes":"","jetpack_publicize_message":"","jetpack_publicize_feature_enabled":true,"jetpack_social_post_already_shared":false,"jetpack_social_options":{"image_generator_settings":{"template":"highway","default_image_id":0,"enabled":false},"version":2}},"categories":[2,186,9,44,15],"tags":[81,4256],"class_list":["post-24232","post","type-post","status-publish","format-standard","has-post-thumbnail","hentry","category-atarfe","category-instituciones","category-medio-ambiente","category-noticias-de-hoy","category-ultimas-noticias","tag-atarfe","tag-pleno-del-ayuntamiento"],"jetpack_publicize_connections":[],"jetpack_featured_media_url":"https:\/\/i0.wp.com\/miradordeatarfe.es\/wp-content\/uploads\/2018\/06\/34337230_1803254453071750_6338372143977332736_n.jpg?fit=700%2C395&ssl=1","jetpack_likes_enabled":true,"jetpack_sharing_enabled":true,"_links":{"self":[{"href":"https:\/\/miradordeatarfe.es\/index.php?rest_route=\/wp\/v2\/posts\/24232","targetHints":{"allow":["GET"]}}],"collection":[{"href":"https:\/\/miradordeatarfe.es\/index.php?rest_route=\/wp\/v2\/posts"}],"about":[{"href":"https:\/\/miradordeatarfe.es\/index.php?rest_route=\/wp\/v2\/types\/post"}],"author":[{"embeddable":true,"href":"https:\/\/miradordeatarfe.es\/index.php?rest_route=\/wp\/v2\/users\/1"}],"replies":[{"embeddable":true,"href":"https:\/\/miradordeatarfe.es\/index.php?rest_route=%2Fwp%2Fv2%2Fcomments&post=24232"}],"version-history":[{"count":1,"href":"https:\/\/miradordeatarfe.es\/index.php?rest_route=\/wp\/v2\/posts\/24232\/revisions"}],"predecessor-version":[{"id":24234,"href":"https:\/\/miradordeatarfe.es\/index.php?rest_route=\/wp\/v2\/posts\/24232\/revisions\/24234"}],"wp:featuredmedia":[{"embeddable":true,"href":"https:\/\/miradordeatarfe.es\/index.php?rest_route=\/wp\/v2\/media\/24233"}],"wp:attachment":[{"href":"https:\/\/miradordeatarfe.es\/index.php?rest_route=%2Fwp%2Fv2%2Fmedia&parent=24232"}],"wp:term":[{"taxonomy":"category","embeddable":true,"href":"https:\/\/miradordeatarfe.es\/index.php?rest_route=%2Fwp%2Fv2%2Fcategories&post=24232"},{"taxonomy":"post_tag","embeddable":true,"href":"https:\/\/miradordeatarfe.es\/index.php?rest_route=%2Fwp%2Fv2%2Ftags&post=24232"}],"curies":[{"name":"wp","href":"https:\/\/api.w.org\/{rel}","templated":true}]}}