{"id":2432,"date":"2015-06-22T08:00:08","date_gmt":"2015-06-22T08:00:08","guid":{"rendered":"http:\/\/miradordeatarfe.es\/?p=2432"},"modified":"2015-06-23T07:17:40","modified_gmt":"2015-06-23T07:17:40","slug":"cinco-falacias-sobre-la-memoria-historica","status":"publish","type":"post","link":"https:\/\/miradordeatarfe.es\/?p=2432","title":{"rendered":"Cinco falacias sobre la memoria hist\u00f3rica"},"content":{"rendered":"<p>(En orden de aparici\u00f3n en cualquier discusi\u00f3n sobre el franquismo, los torturadores sin juzgar y el Valle de los Ca\u00eddos).<!--more--><\/p>\n<p><b>1.<\/b> <b>\u00abNo es el momento de mirar al pasado\u00bb.<\/b> Falso. Las v\u00edctimas del franquismo est\u00e1n en el presente. Siguen vivas y piden justicia. Algunas todav\u00eda buscan los cuerpos de familiares fusilados, otras padecen secuelas permanentes de las torturas de los \u00faltimos a\u00f1os del franquismo. En la transici\u00f3n se les prometi\u00f3 que esa reparaci\u00f3n llegar\u00eda m\u00e1s adelante, que era muy pronto. Ahora se les vuelve a enga\u00f1ar, diciendo que es demasiado tarde. Lo es, por eso hay que solucionarlo cuanto antes. Lo contrario de la memoria no es el futuro: es la amnesia.<\/p>\n<p><b>2.<\/b> <b>\u00abEn todas las guerras muere gente\u00bb<\/b>. S\u00ed, pero en Espa\u00f1a la gente sigui\u00f3 muriendo tras la guerra. Hubo fusilamientos masivos. Alrededor de 50.000 personas fueron ejecutadas tras la derrota de la Rep\u00fablica. El \u00faltimo campo de concentraci\u00f3n franquista se cerr\u00f3 en 1947. Y las torturas y la represi\u00f3n continuaron.<\/p>\n<p><b>3.<\/b> <b>\u00abTambi\u00e9n hubo v\u00edctimas inocentes del otro bando\u00bb<\/b>. Cierto, pero esas v\u00edctimas ya fueron reparadas. Sus familiares recibieron compensaciones econ\u00f3micas: propiedades de los derrotados, pensiones vitalicias, estancos o plazas de funcionario. Sus cad\u00e1veres fueron recordados y enterrados en un lugar donde sus familiares pudiesen llorarlos. Mientras, las v\u00edctimas de la represi\u00f3n franquista siguieron en las cunetas. Espa\u00f1a es hoy, tras Camboya, el pa\u00eds del mundo con m\u00e1s fosas comunes. Hablamos de al menos 114.000 desaparecidos.<\/p>\n<p><b>4. <\/b><b>\u00abLa prioridad es salir de la crisis y no hay dinero para estas cosas\u00bb. <\/b>Falso. El dinero para la memoria hist\u00f3rica era una cifra rid\u00edcula. El Gobierno socialista dedicaba a esta partida 6,2 millones de euros anuales. Nada m\u00e1s llegar, el PP lo dej\u00f3 en 2,5 millones y a\u00fan le pareci\u00f3 demasiado. Desde hace dos a\u00f1os es cero. Rajoy no da un duro para la memoria hist\u00f3rica, pero s\u00ed lo tiene para el Valle de los Ca\u00eddos. El 18 de julio el Gobierno aprob\u00f3 una ayuda de 214.847 euros para reparar el mausoleo del tirano.<\/p>\n<p><b>5. \u00abNo se puede juzgar el franquismo por la ley de amnist\u00eda\u00bb.<\/b> Falso. Esa ley no es muy distinta de la ley de punto final argentina, que fue derogada. El derecho internacional ha dejado m\u00e1s que claro que los cr\u00edmenes contra la humanidad no prescriben. As\u00ed lo entiende la propia ONU, que va a llevar el caso espa\u00f1ol en el 2014 ante el Consejo de Derechos Humanos de las Naciones Unidas. La ONU pide tres cosas al Gobierno: un plan estatal para localizar los cuerpos de los fusilados, derogar la ley de amnist\u00eda y juzgar las desapariciones. Es lo m\u00ednimo, lo mismo que han hecho todos los dem\u00e1s pa\u00edses democr\u00e1ticos que han sufrido una dictadura. Todos menos Espa\u00f1a.<\/p>\n<p><a href=\"http:\/\/www.elperiodico.com\/es\/noticias\/opinion\/cinco-falacias-sobre-memoria-historica-2802229\">http:\/\/www.elperiodico.com\/es\/noticias\/opinion\/cinco-falacias-sobre-memoria-historica-2802229<\/a><\/p>\n","protected":false},"excerpt":{"rendered":"<p>(En orden de aparici\u00f3n en cualquier discusi\u00f3n sobre el franquismo, los torturadores sin juzgar y&#8230;<\/p>\n","protected":false},"author":1,"featured_media":2433,"comment_status":"closed","ping_status":"closed","sticky":false,"template":"","format":"standard","meta":{"_coblocks_attr":"","_coblocks_dimensions":"","_coblocks_responsive_height":"","_coblocks_accordion_ie_support":"","jetpack_post_was_ever_published":false,"_jetpack_newsletter_access":"","_jetpack_dont_email_post_to_subs":false,"_jetpack_newsletter_tier_id":0,"_jetpack_memberships_contains_paywalled_content":false,"_jetpack_memberships_contains_paid_content":false,"footnotes":"","jetpack_publicize_message":"","jetpack_publicize_feature_enabled":true,"jetpack_social_post_already_shared":false,"jetpack_social_options":{"image_generator_settings":{"template":"highway","default_image_id":0,"enabled":false},"version":2}},"categories":[15],"tags":[764,455,619],"class_list":["post-2432","post","type-post","status-publish","format-standard","has-post-thumbnail","hentry","category-ultimas-noticias","tag-franquismo","tag-memoria-historica","tag-mentiras"],"jetpack_publicize_connections":[],"jetpack_featured_media_url":"https:\/\/i0.wp.com\/miradordeatarfe.es\/wp-content\/uploads\/2015\/06\/MEM.jpg?fit=268%2C188&ssl=1","jetpack_likes_enabled":true,"jetpack_sharing_enabled":true,"_links":{"self":[{"href":"https:\/\/miradordeatarfe.es\/index.php?rest_route=\/wp\/v2\/posts\/2432","targetHints":{"allow":["GET"]}}],"collection":[{"href":"https:\/\/miradordeatarfe.es\/index.php?rest_route=\/wp\/v2\/posts"}],"about":[{"href":"https:\/\/miradordeatarfe.es\/index.php?rest_route=\/wp\/v2\/types\/post"}],"author":[{"embeddable":true,"href":"https:\/\/miradordeatarfe.es\/index.php?rest_route=\/wp\/v2\/users\/1"}],"replies":[{"embeddable":true,"href":"https:\/\/miradordeatarfe.es\/index.php?rest_route=%2Fwp%2Fv2%2Fcomments&post=2432"}],"version-history":[{"count":1,"href":"https:\/\/miradordeatarfe.es\/index.php?rest_route=\/wp\/v2\/posts\/2432\/revisions"}],"predecessor-version":[{"id":2434,"href":"https:\/\/miradordeatarfe.es\/index.php?rest_route=\/wp\/v2\/posts\/2432\/revisions\/2434"}],"wp:featuredmedia":[{"embeddable":true,"href":"https:\/\/miradordeatarfe.es\/index.php?rest_route=\/wp\/v2\/media\/2433"}],"wp:attachment":[{"href":"https:\/\/miradordeatarfe.es\/index.php?rest_route=%2Fwp%2Fv2%2Fmedia&parent=2432"}],"wp:term":[{"taxonomy":"category","embeddable":true,"href":"https:\/\/miradordeatarfe.es\/index.php?rest_route=%2Fwp%2Fv2%2Fcategories&post=2432"},{"taxonomy":"post_tag","embeddable":true,"href":"https:\/\/miradordeatarfe.es\/index.php?rest_route=%2Fwp%2Fv2%2Ftags&post=2432"}],"curies":[{"name":"wp","href":"https:\/\/api.w.org\/{rel}","templated":true}]}}