{"id":24325,"date":"2018-06-08T10:53:27","date_gmt":"2018-06-08T08:53:27","guid":{"rendered":"http:\/\/miradordeatarfe.es\/?p=24325"},"modified":"2018-06-08T11:03:30","modified_gmt":"2018-06-08T09:03:30","slug":"entrega-de-premios-de-la-fundacion-sierra-elvira-al-alumnado-de-los-centros-educativos-de-atarfe","status":"publish","type":"post","link":"https:\/\/miradordeatarfe.es\/?p=24325","title":{"rendered":"ENTREGA DE PREMIOS DE LA FUNDACI\u00d3N SIERRA ELVIRA AL ALUMNADO DE LOS CENTROS EDUCATIVOS DE ATARFE."},"content":{"rendered":"<p>Un a\u00f1o m\u00e1s, como se viene haciendo desde el curso 2011-2012, la Fundaci\u00f3n Sierra Elvira de Atarfe ha querido condecorar al alumnado de los centros educativos de la localidad que destacan en alguno de los siguientes \u00e1mbitos: <b><i>Compa\u00f1erismo, esp\u00edritu de superaci\u00f3n o mejor ex<\/i><\/b><b><i>pediente acad\u00e9mico. <\/i><\/b>Tambi\u00e9n se entregaron los premios del concurso de poes\u00eda convocado por la Fundaci\u00f3n.<!--more--><\/p>\n<p>El acto tuvo lugar el pasado d\u00eda 14 de mayo a las 18:00 horas en el sal\u00f3n de actos del IES Il\u00edberis. La asistencia fue muy numerosa. Entre los asistentes se encontraba el alumnado galardonado de los diferentes centros, junto a sus familias, y profesorado de todos los colegios, Centro de Adultos e IES de Atarfe.<\/p>\n<p>El evento fue presentado por Sergio Granados y Ana Bel\u00e9n Henares, ambos alumnos de nuestro centro de 3\u00ba de ESO. Se inici\u00f3 con un magn\u00edfico recital del coro infantil del CEIP Medina Elvira dirigido por su profesora de M\u00fasica D\u00aa Amelia Zafra y acompa\u00f1ados al piano por D. \u00c1ngel L\u00f3pez Carre\u00f1o.<\/p>\n<p>A continuaci\u00f3n, D. Marcos Antonio Lamolda, D. Antonio M\u00aa L\u00f3pez Oca\u00f1a y D. Cecilio fueron entregando a los condecorados y condecoradas los diplomas y un libro sobre historias de Atarfe.<\/p>\n<p><a href=\"https:\/\/i0.wp.com\/miradordeatarfe.es\/wp-content\/uploads\/2018\/06\/fse1.jpg?ssl=1\"><img data-recalc-dims=\"1\" loading=\"lazy\" decoding=\"async\" class=\" wp-image-24326 aligncenter\" src=\"https:\/\/i0.wp.com\/miradordeatarfe.es\/wp-content\/uploads\/2018\/06\/fse1.jpg?resize=640%2C292&#038;ssl=1\" alt=\"\" width=\"640\" height=\"292\" srcset=\"https:\/\/i0.wp.com\/miradordeatarfe.es\/wp-content\/uploads\/2018\/06\/fse1.jpg?w=488&amp;ssl=1 488w, https:\/\/i0.wp.com\/miradordeatarfe.es\/wp-content\/uploads\/2018\/06\/fse1.jpg?resize=300%2C137&amp;ssl=1 300w\" sizes=\"auto, (max-width: 640px) 100vw, 640px\" \/><\/a><\/p>\n<p><a href=\"https:\/\/i0.wp.com\/miradordeatarfe.es\/wp-content\/uploads\/2018\/06\/presentadores.jpg?ssl=1\"><img data-recalc-dims=\"1\" loading=\"lazy\" decoding=\"async\" class=\"size-full wp-image-24327 aligncenter\" src=\"https:\/\/i0.wp.com\/miradordeatarfe.es\/wp-content\/uploads\/2018\/06\/presentadores.jpg?resize=185%2C321&#038;ssl=1\" alt=\"\" width=\"185\" height=\"321\" srcset=\"https:\/\/i0.wp.com\/miradordeatarfe.es\/wp-content\/uploads\/2018\/06\/presentadores.jpg?w=185&amp;ssl=1 185w, https:\/\/i0.wp.com\/miradordeatarfe.es\/wp-content\/uploads\/2018\/06\/presentadores.jpg?resize=173%2C300&amp;ssl=1 173w\" sizes=\"auto, (max-width: 185px) 100vw, 185px\" \/><\/a><a href=\"https:\/\/i0.wp.com\/miradordeatarfe.es\/wp-content\/uploads\/2018\/06\/fse3.jpg?ssl=1\"><img data-recalc-dims=\"1\" loading=\"lazy\" decoding=\"async\" class=\"size-full wp-image-24328 aligncenter\" src=\"https:\/\/i0.wp.com\/miradordeatarfe.es\/wp-content\/uploads\/2018\/06\/fse3.jpg?resize=165%2C221&#038;ssl=1\" alt=\"\" width=\"165\" height=\"221\" \/><\/a><\/p>\n","protected":false},"excerpt":{"rendered":"<p>Un a\u00f1o m\u00e1s, como se viene haciendo desde el curso 2011-2012, la Fundaci\u00f3n Sierra Elvira&#8230;<\/p>\n","protected":false},"author":1,"featured_media":24329,"comment_status":"closed","ping_status":"closed","sticky":false,"template":"","format":"standard","meta":{"_coblocks_attr":"","_coblocks_dimensions":"","_coblocks_responsive_height":"","_coblocks_accordion_ie_support":"","jetpack_post_was_ever_published":false,"_jetpack_newsletter_access":"","_jetpack_dont_email_post_to_subs":false,"_jetpack_newsletter_tier_id":0,"_jetpack_memberships_contains_paywalled_content":false,"_jetpack_memberships_contains_paid_content":false,"footnotes":"","jetpack_publicize_message":"","jetpack_publicize_feature_enabled":true,"jetpack_social_post_already_shared":false,"jetpack_social_options":{"image_generator_settings":{"template":"highway","default_image_id":0,"enabled":false},"version":2}},"categories":[2,187,186,44,15],"tags":[332,166],"class_list":["post-24325","post","type-post","status-publish","format-standard","has-post-thumbnail","hentry","category-atarfe","category-centros-educativos","category-instituciones","category-noticias-de-hoy","category-ultimas-noticias","tag-fundacion-sierra-elvira","tag-premios"],"jetpack_publicize_connections":[],"jetpack_featured_media_url":"https:\/\/i0.wp.com\/miradordeatarfe.es\/wp-content\/uploads\/2018\/06\/Logo-Fundacion-Sierra-Elvira-DORADO-atarfe-p.jpg?fit=386%2C413&ssl=1","jetpack_likes_enabled":true,"jetpack_sharing_enabled":true,"_links":{"self":[{"href":"https:\/\/miradordeatarfe.es\/index.php?rest_route=\/wp\/v2\/posts\/24325","targetHints":{"allow":["GET"]}}],"collection":[{"href":"https:\/\/miradordeatarfe.es\/index.php?rest_route=\/wp\/v2\/posts"}],"about":[{"href":"https:\/\/miradordeatarfe.es\/index.php?rest_route=\/wp\/v2\/types\/post"}],"author":[{"embeddable":true,"href":"https:\/\/miradordeatarfe.es\/index.php?rest_route=\/wp\/v2\/users\/1"}],"replies":[{"embeddable":true,"href":"https:\/\/miradordeatarfe.es\/index.php?rest_route=%2Fwp%2Fv2%2Fcomments&post=24325"}],"version-history":[{"count":1,"href":"https:\/\/miradordeatarfe.es\/index.php?rest_route=\/wp\/v2\/posts\/24325\/revisions"}],"predecessor-version":[{"id":24330,"href":"https:\/\/miradordeatarfe.es\/index.php?rest_route=\/wp\/v2\/posts\/24325\/revisions\/24330"}],"wp:featuredmedia":[{"embeddable":true,"href":"https:\/\/miradordeatarfe.es\/index.php?rest_route=\/wp\/v2\/media\/24329"}],"wp:attachment":[{"href":"https:\/\/miradordeatarfe.es\/index.php?rest_route=%2Fwp%2Fv2%2Fmedia&parent=24325"}],"wp:term":[{"taxonomy":"category","embeddable":true,"href":"https:\/\/miradordeatarfe.es\/index.php?rest_route=%2Fwp%2Fv2%2Fcategories&post=24325"},{"taxonomy":"post_tag","embeddable":true,"href":"https:\/\/miradordeatarfe.es\/index.php?rest_route=%2Fwp%2Fv2%2Ftags&post=24325"}],"curies":[{"name":"wp","href":"https:\/\/api.w.org\/{rel}","templated":true}]}}