{"id":24361,"date":"2018-06-09T09:12:20","date_gmt":"2018-06-09T07:12:20","guid":{"rendered":"http:\/\/miradordeatarfe.es\/?p=24361"},"modified":"2018-06-08T12:34:59","modified_gmt":"2018-06-08T10:34:59","slug":"los-retos-ministerio-a-ministerio-de-un-gobierno-que-mete-el-feminismo-en-la-agenda","status":"publish","type":"post","link":"https:\/\/miradordeatarfe.es\/?p=24361","title":{"rendered":"Los retos, ministerio a ministerio, de un Gobierno que mete el feminismo en la agenda"},"content":{"rendered":"<div class=\"articulo-encabezado-texto\">\n<div id=\"articulo-titulares\" class=\"articulo-titulares\">\n<div class=\"articulo-subtitulos\">\n<p class=\"articulo-subtitulo\" style=\"text-align: justify;\">La vicepresidenta y ministra de Igualdad, Carmen Calvo, revisar\u00e1 todos los acuerdos<\/p>\n<\/div>\n<\/div>\n<\/div>\n<p style=\"text-align: justify;\"><!--more--><\/p>\n<aside id=\"compartir_superior\" class=\"compartir\">\n<div class=\"compartir__interior\">\n<div id=\"compartir_social\" class=\"compartir-social\">\n<div id=\"cuerpo_noticia\" class=\"articulo-cuerpo\">\n<p style=\"text-align: justify;\">\u201cCon este Gobierno, el feminismo entra en la agenda pol\u00edtica\u201d, <a href=\"https:\/\/politica.elpais.com\/politica\/2018\/06\/04\/actualidad\/1528128857_737066.html\">ha dicho este jueves Carmen Calvo<\/a>, vicepresidenta \u00fanica del Ejecutivo, tras recibir su nueva cartera, que incluye ser la <em>n\u00famero dos<\/em>, llevar las relaciones con las Cortes y la igualdad. Seg\u00fan Calvo, todas las pol\u00edticas del Ejecutivo se deber\u00e1n hacer con perspectiva de g\u00e9nero. Todo pasar\u00e1 por sus manos: acuerdos, contratos, presupuestos, leyes, etc.<\/p>\n<p style=\"text-align: justify;\">Estos son los retos m\u00e1s importantes que afrontar\u00e1n cada uno de <a href=\"https:\/\/politica.elpais.com\/politica\/2018\/06\/06\/actualidad\/1528281293_900923.html\">los 17 nuevos ministerios<\/a> en sus \u00e1reas:<a name=\"sumario_1\"><\/a><\/p>\n<section id=\"sumario_1|fototextos\" class=\"sumario sumario_fototextos centro\">\n<div class=\"sumario__interior\">\n<div class=\"fototextos\" style=\"text-align: justify;\">\n<figure class=\"foto foto_w140\"><img data-recalc-dims=\"1\" loading=\"lazy\" decoding=\"async\" class=\"\" src=\"https:\/\/i0.wp.com\/ep01.epimg.net\/politica\/imagenes\/2018\/06\/07\/actualidad\/1528376362_966198_1528377517_sumariofototexto_normal.jpg?resize=212%2C210&#038;ssl=1\" srcset=\"\/\/ep01.epimg.net\/politica\/imagenes\/2018\/06\/07\/actualidad\/1528376362_966198_1528377517_sumariofototexto_normal_recorte1.jpg 280w, \/\/ep01.epimg.net\/politica\/imagenes\/2018\/06\/07\/actualidad\/1528376362_966198_1528377517_sumariofototexto_normal.jpg 140w\" width=\"212\" height=\"210\" \/><\/figure>\n<div class=\"sumario-texto\">\n<h3>ASUNTOS EXTERIORES | El futuro de la UE y de Gibraltar tras el Brexit<\/h3>\n<p>Los dos objetivos prioritarios para el nuevo ministro de Exteriores, <a href=\"https:\/\/politica.elpais.com\/politica\/2018\/06\/05\/actualidad\/1528198130_707037.html\">Jos\u00e9 Borrell<\/a>, le son muy conocidos y guardan relaci\u00f3n: el futuro de la Uni\u00f3n Europea y de Gibraltar tras el Brexit. En la carpeta de urgentes est\u00e1 la negociaci\u00f3n del presupuesto general de la UE para los pr\u00f3ximos siete a\u00f1os y donde Espa\u00f1a se juega miles de millones de euros, que deber\u00eda aclararse algo en la cumbre de los d\u00edas 28 y 29 de junio en Bruselas. Pero el tema m\u00e1s sensible, ahora mismo, es<em> Gibraltar, p<\/em>orque el anterior equipo de Exteriores estaba en un momento determinante para encontrar una salida bilateral con el Reino Unido.<\/p>\n<p>En pol\u00edtica internacional, de aqu\u00ed a finales de a\u00f1o, hay cinco citas obligadas que Borrell deber\u00e1 preparar para la asistencia del presidente Pedro S\u00e1nchez: la de la UE; la de la OTAN tambi\u00e9n en Bruselas los d\u00edas 11 y 12 de julio; la asamblea anual de la ONU el 25 de septiembre en Nueva York; la XXVI Cumbre Iberoamericana de Jefes de Estado y de Gobierno en Antigua (Guatemala) entre el 15 y 16 de noviembre y la reuni\u00f3n del G-20 este a\u00f1o el 30 de noviembre y el 1 de diciembre en Buenos Aires. En algunas de esas reuniones S\u00e1nchez se ver\u00e1 con Donald Trump. \/ <strong>JAVIER CASQUEIRO<\/strong><\/p>\n<\/div>\n<\/div>\n<div class=\"fototextos\" style=\"text-align: justify;\">\n<figure class=\"foto foto_w140\"><img data-recalc-dims=\"1\" loading=\"lazy\" decoding=\"async\" class=\"\" src=\"https:\/\/i0.wp.com\/ep01.epimg.net\/politica\/imagenes\/2018\/06\/07\/actualidad\/1528376362_966198_1528377593_sumariofototexto_normal.jpg?resize=220%2C220&#038;ssl=1\" srcset=\"\/\/ep01.epimg.net\/politica\/imagenes\/2018\/06\/07\/actualidad\/1528376362_966198_1528377593_sumariofototexto_normal_recorte1.jpg 280w, \/\/ep01.epimg.net\/politica\/imagenes\/2018\/06\/07\/actualidad\/1528376362_966198_1528377593_sumariofototexto_normal.jpg 140w\" width=\"220\" height=\"220\" \/><\/figure>\n<div class=\"sumario-texto\">\n<h3>JUSTICIA | Pacto de Estado, m\u00e1s eficacia y despolitizaci\u00f3n<\/h3>\n<p>El cambio de Gobierno se produce en plenas movilizaciones de jueces y fiscales por la pasividad del anterior Ejecutivo ante las reivindicaciones que llevaban a\u00f1os plante\u00e1ndoles. La nueva ministra de Justicia, la fiscal Dolores Delgado, ha apoyado esas reivindicaciones, a las que ahora tendr\u00e1 que dar respuesta.<\/p>\n<p>Los retos del Gobierno en materia judicial tienen tres patas:<em> un pacto de Estado, medidas para mejorar la eficacia de la Administraci\u00f3n de Justicia y medidas para acabar con la imagen de politizaci\u00f3n de la justicia extendida en la opini\u00f3n p\u00fablica.<\/em><\/p>\n<p>La primera, el pacto de Estado, se antoja dif\u00edcil ante la fragmentaci\u00f3n del Parlamento y por el previsible rechazo de PP y Ciudadanos a llegar a acuerdos con el PSOE tras la moci\u00f3n de censura. Respecto a las mejoras de la Administraci\u00f3n, las asociaciones profesionales creen que s\u00ed se pueden hacer cosas, como la conexi\u00f3n digital entre los juzgados de las comunidades aut\u00f3nomas.<\/p>\n<p>Los jueces presionar\u00e1n tambi\u00e9n para que los 12 vocales del Consejo General del Poder Judicial que deben ser jueces sean elegidos por los miembros de la carrera y no por el Parlamento.\/<strong> R. RINC\u00d3N<\/strong><\/p>\n<\/div>\n<\/div>\n<div class=\"fototextos\" style=\"text-align: justify;\">\n<figure class=\"foto foto_w140\"><img data-recalc-dims=\"1\" loading=\"lazy\" decoding=\"async\" class=\"\" src=\"https:\/\/i0.wp.com\/ep01.epimg.net\/politica\/imagenes\/2018\/06\/07\/actualidad\/1528376362_966198_1528377841_sumariofototexto_normal.jpg?resize=209%2C209&#038;ssl=1\" srcset=\"\/\/ep01.epimg.net\/politica\/imagenes\/2018\/06\/07\/actualidad\/1528376362_966198_1528377841_sumariofototexto_normal_recorte1.jpg 280w, \/\/ep01.epimg.net\/politica\/imagenes\/2018\/06\/07\/actualidad\/1528376362_966198_1528377841_sumariofototexto_normal.jpg 140w\" width=\"209\" height=\"209\" \/><\/figure>\n<div class=\"sumario-texto\">\n<h3>DEFENSA | El programa inversor y renovar el personal<\/h3>\n<p>Los retos inmediatos en Defensa empiezan por fijar y aprobar en Consejo de Ministros<em> el anunciado y ambicioso nuevo ciclo inversor, con siete programas de compras de material muy precisos, y sobre todo afrontar la renovaci\u00f3n y rejuvenecimiento del personal militar, con el despido de casi 21.000 personas mayores de 45 a\u00f1os en la pr\u00f3xima d\u00e9cada.<\/em> Las inversiones anunciadas ascender\u00edan a unos 10.800 millones de euros para los pr\u00f3ximos 15 a\u00f1os y se centrar\u00edan en los nuevos veh\u00edculos de combate sobre ruedas 8&#215;8 (VCR8x8); contratar las cinco fragatas F-110 y el nuevo submarino S-80 (que ten\u00edan que haberse aprobado ya); encarar la sustituci\u00f3n de los cazas F-18; la modernizaci\u00f3n de los helic\u00f3pteros Chinook; el segundo lote de helic\u00f3pteros NH90, la actualizaci\u00f3n del sistema de defensa a\u00e9rea y del avi\u00f3n de abastecimiento MRTT.<\/p>\n<p>Margarita Robles acudir\u00e1 el 11 y 12 de julio en Bruselas a la cumbre de la OTAN, en la que estar\u00e1 Donald Trump, y en la que se volver\u00e1 a abordar la exigencia de Estados Unidos al resto de los miembros de acercarse en inversi\u00f3n militar al 2% del PIB en 2024, algo que Espa\u00f1a est\u00e1 lejos de cumplir. \/ <strong>J.C.<\/strong><\/p>\n<\/div>\n<\/div>\n<div class=\"fototextos\" style=\"text-align: justify;\">\n<figure class=\"foto foto_w140\"><img data-recalc-dims=\"1\" loading=\"lazy\" decoding=\"async\" class=\"\" src=\"https:\/\/i0.wp.com\/ep01.epimg.net\/politica\/imagenes\/2018\/06\/07\/actualidad\/1528376362_966198_1528377943_sumariofototexto_normal.jpg?resize=222%2C222&#038;ssl=1\" srcset=\"\/\/ep01.epimg.net\/politica\/imagenes\/2018\/06\/07\/actualidad\/1528376362_966198_1528377943_sumariofototexto_normal_recorte1.jpg 280w, \/\/ep01.epimg.net\/politica\/imagenes\/2018\/06\/07\/actualidad\/1528376362_966198_1528377943_sumariofototexto_normal.jpg 140w\" width=\"222\" height=\"222\" \/><\/figure>\n<div class=\"sumario-texto\">\n<h3>HACIENDA | Fijar el techo de gasto y la financiaci\u00f3n auton\u00f3mica<\/h3>\n<p>La primera tarea que se encontrar\u00e1 la nueva ministra de Hacienda, <strong>Mar\u00eda Jes\u00fas Montero<\/strong>, ser\u00e1 <em>decidir c\u00f3mo financia el incremento de las pensiones<\/em> que el PP comprometi\u00f3 en los Presupuestos de 2018 (el 1,5% este a\u00f1o y del 1,6% el pr\u00f3ximo). Su antecesor, Crist\u00f3bal Montoro, hab\u00eda anunciado un impuesto sobre las operaciones de las grandes tecnol\u00f3gicas como Facebook, Google, Apple o Amazon para recaudar unos 600 millones de euros este a\u00f1o y otros 1.500 millones en 2019. Pero no existe ni siquiera un borrador del nuevo impuesto.<\/p>\n<p>La ministra tendr\u00e1 que <em>darse prisa para aprobar el techo de gasto antes de finales de junio,<\/em> seg\u00fan el compromiso de Espa\u00f1a con la Comisi\u00f3n Europea. Esta cifra ser\u00e1 el pistoletazo de salida para los pr\u00f3ximos Presupuestos, que Montero tendr\u00e1 que preparar tras el verano.<\/p>\n<p>Otro de los asuntos urgentes es<em> la reforma de la financiaci\u00f3n auton\u00f3mica.<\/em> La ministra tendr\u00e1 que impulsar la negociaci\u00f3n. Aunque se asume que cerrar un acuerdo es pr\u00e1cticamente imposible, por la compleja aritm\u00e9tica parlamentaria y la situaci\u00f3n de Catalu\u00f1a, s\u00ed se espera que se vayan concretando algunos puntos de acuerdo. \/ <strong>J. S. GONZ\u00c1LEZ<\/strong><\/p>\n<\/div>\n<\/div>\n<div class=\"fototextos\" style=\"text-align: justify;\">\n<figure class=\"foto foto_w140\"><img data-recalc-dims=\"1\" loading=\"lazy\" decoding=\"async\" class=\"\" src=\"https:\/\/i0.wp.com\/ep01.epimg.net\/politica\/imagenes\/2018\/06\/07\/actualidad\/1528376362_966198_1528378037_sumariofototexto_normal.jpg?resize=215%2C216&#038;ssl=1\" srcset=\"\/\/ep01.epimg.net\/politica\/imagenes\/2018\/06\/07\/actualidad\/1528376362_966198_1528378037_sumariofototexto_normal_recorte1.jpg 280w, \/\/ep01.epimg.net\/politica\/imagenes\/2018\/06\/07\/actualidad\/1528376362_966198_1528378037_sumariofototexto_normal.jpg 140w\" width=\"215\" height=\"216\" \/><\/figure>\n<div class=\"sumario-texto\">\n<h3>INTERIOR | Inmigraci\u00f3n, \u2018narcos\u2019 y la \u2018patata caliente\u2019 catalana<\/h3>\n<p>Fernando Grande-Marlaska tendr\u00e1 dos misiones fundamentales a su llegada. Una primera, tranquilizar a sus <em>huestes<\/em>: l<em>os 143.000 polic\u00edas y guardias civiles esperan que mantenga \u2014y, sobre todo, que haga efectivo\u2014 el compromiso de equiparaci\u00f3n salarial<\/em> adquirido por su predecesor y presupuestado. No podr\u00e1 demorarse demasiado en atender la<em> emergencia migratoria.<\/em> El buen tiempo del verano anima la llegada de pateras y genera situaciones complicadas en instalaciones como los Centros de Internamiento de Extranjeros (CIE) o los de menores inmigrantes, m\u00e1s que saturados. Ni tampoco podr\u00e1 eludir el <em>auge del narcotr\u00e1fico<\/em> que ha convertido los municipios del Campo de Gibraltar en una suerte de \u201cnarcociudades\u201d.<\/p>\n<p><em>La situaci\u00f3n en Catalu\u00f1a<\/em>, con el refuerzo policial en esa comunidad puesto en marcha por el Gobierno anterior, ser\u00e1 otra de las patatas calientes a tratar, ahora con m\u00e1ximo cuidado, dado el fr\u00e1gil acuerdo de los socios catalanes con los que Pedro S\u00e1nchez ha logrado echar a Mariano Rajoy de La Moncloa.<\/p>\n<p>Y la persistente amenaza terrorista del yihadismo es cuesti\u00f3n obligada, unida a las relaciones con los pa\u00edses del Sahel. \/\u00a0 <strong>P. ORTEGA DOLZ<\/strong><\/p>\n<\/div>\n<\/div>\n<div class=\"fototextos\" style=\"text-align: justify;\">\n<figure class=\"foto foto_w140\"><img data-recalc-dims=\"1\" loading=\"lazy\" decoding=\"async\" class=\"\" src=\"https:\/\/i0.wp.com\/ep01.epimg.net\/politica\/imagenes\/2018\/06\/07\/actualidad\/1528376362_966198_1528378073_sumariofototexto_normal.jpg?resize=235%2C235&#038;ssl=1\" srcset=\"\/\/ep01.epimg.net\/politica\/imagenes\/2018\/06\/07\/actualidad\/1528376362_966198_1528378073_sumariofototexto_normal_recorte1.jpg 280w, \/\/ep01.epimg.net\/politica\/imagenes\/2018\/06\/07\/actualidad\/1528376362_966198_1528378073_sumariofototexto_normal.jpg 140w\" width=\"235\" height=\"235\" \/><\/figure>\n<div class=\"sumario-texto\">\n<h3>FOMENTO | Ampliar el AVE en el Corredor Mediterr\u00e1neo<\/h3>\n<p>Jos\u00e9 Luis \u00c1balos va a tener muchas tareas al frente del Ministerio de Fomento, el departamento inversor por excelencia. Nada m\u00e1s llegar, tendr\u00e1 que <em>decidir si mantiene el Plan Extraordinario de Inversi\u00f3n en Carreteras (PIC)<\/em> que present\u00f3 Mariano Rajoy y que tiene una dotaci\u00f3n de 5.000 millones de euros.<\/p>\n<p>En materia de autopistas tiene que <em>relicitar las nueve autopistas de peaje<\/em> rescatadas y negociar con las concesionarias para decidir la compensaci\u00f3n del Estado (las empresas quieren 4.000 millones). Tambi\u00e9n debe decidir qu\u00e9 se va a hacer con las concesiones de peaje que vencen entre este a\u00f1o y 2019.<\/p>\n<p>En ferrocarriles, tendr\u00e1 que <em>gestionar la inversi\u00f3n de 3.000 millones prevista para ampliar el AVE<\/em>, con especial atenci\u00f3n al corredor mediterr\u00e1neo. Renfe ha dejado en suspenso el concurso p\u00fablico para la compra de nuevas locomotoras y trenes por una inversi\u00f3n de 1.500 que puede elevarse a 3.000 millones.<\/p>\n<p>El ministro deber\u00e1 elegir a los presidentes de Renfe, Adif, Puertos del Estado y Aena. En este \u00faltimo, el responsable tendr\u00e1 que ratificar o modificar el ambicioso plan 2018-2021 que present\u00f3 su antecesor hace un mes.\/ <strong>RAM\u00d3N MU\u00d1OZ<\/strong><\/p>\n<\/div>\n<\/div>\n<div class=\"fototextos\" style=\"text-align: justify;\">\n<figure class=\"foto foto_w140\"><img data-recalc-dims=\"1\" loading=\"lazy\" decoding=\"async\" class=\"\" src=\"https:\/\/i0.wp.com\/ep01.epimg.net\/politica\/imagenes\/2018\/06\/07\/actualidad\/1528376362_966198_1528378108_sumariofototexto_normal.jpg?resize=222%2C222&#038;ssl=1\" srcset=\"\/\/ep01.epimg.net\/politica\/imagenes\/2018\/06\/07\/actualidad\/1528376362_966198_1528378108_sumariofototexto_normal_recorte1.jpg 280w, \/\/ep01.epimg.net\/politica\/imagenes\/2018\/06\/07\/actualidad\/1528376362_966198_1528378108_sumariofototexto_normal.jpg 140w\" width=\"222\" height=\"222\" \/><\/figure>\n<div class=\"sumario-texto\">\n<h3>EDUCACI\u00d3N | Recuperar la inversi\u00f3n en Educaci\u00f3n y lograr el Pacto de Estado<\/h3>\n<p>A Isabel Cela\u00e1, ministra de Educaci\u00f3n y Formaci\u00f3n Profesional, la oposici\u00f3n le exigir\u00e1 <em>recuperar la inversi\u00f3n que ped\u00eda el PSOE \u20145% del PIB en 2025<\/em>\u2014 cuando se levant\u00f3 de la mesa de negociaci\u00f3n del Pacto de Estado educativo. Los Presupuestos que el PSOE asumi\u00f3 para lograr la moci\u00f3n de censura de Pedro S\u00e1nchez le dejan poco margen de maniobra a corto plazo. Los sindicatos CC\u00a0OO y UGT reclaman alg\u00fan gui\u00f1o que permita al menos destinar partidas como los <em>1.400 millones para ayudas fiscales en educaci\u00f3n a becas al estudio.<\/em> Esperan adem\u00e1s que <em>derogue el real decreto con el que el PP ampli\u00f3 la ratio de alumnos por aula y aument\u00f3 las horas lectivas<\/em> y que supuso la salida de 30.000 profesores del sistema, seg\u00fan UGT.<\/p>\n<p>La comunidad educativa anhela que vuelva el di\u00e1logo y que este conduzca a un <em>pacto que culmine con la derogaci\u00f3n de la LOMCE<\/em>. La ley incluye asuntos espinosos que aval\u00f3 el Constitucional, como la asignatura de religi\u00f3n evaluable, los itinerarios educativos y la segregaci\u00f3n por sexo en la concertada.\/ <strong>GLORIA RODR\u00cdGUEZ-PINA<\/strong><\/p>\n<\/div>\n<\/div>\n<div class=\"fototextos\">\n<figure class=\"foto foto_w140\" style=\"text-align: justify;\"><img data-recalc-dims=\"1\" loading=\"lazy\" decoding=\"async\" class=\"\" src=\"https:\/\/i0.wp.com\/ep01.epimg.net\/politica\/imagenes\/2018\/06\/07\/actualidad\/1528376362_966198_1528378232_sumariofototexto_normal.jpg?resize=261%2C263&#038;ssl=1\" srcset=\"\/\/ep01.epimg.net\/politica\/imagenes\/2018\/06\/07\/actualidad\/1528376362_966198_1528378232_sumariofototexto_normal_recorte1.jpg 280w, \/\/ep01.epimg.net\/politica\/imagenes\/2018\/06\/07\/actualidad\/1528376362_966198_1528378232_sumariofototexto_normal.jpg 140w\" width=\"261\" height=\"263\" \/><\/figure>\n<div class=\"sumario-texto\">\n<h3 style=\"text-align: justify;\">TRABAJO, MIGRACIONES Y SEGURIDAD SOCIAL | Pensiones, precariedad y pol\u00edticas activas, los retos<\/h3>\n<p style=\"text-align: justify;\">Tres son los retos que afronta la nueva titular de Trabajo, Magdalena Valerio: pensiones, precariedad y pol\u00edticas activas. La primera prioridad pasa por resolver la<em> precaria situaci\u00f3n financiera de la Seguridad Social,<\/em> cuyo pago est\u00e1 garantizado, pero tambi\u00e9n su d\u00e9ficit, casi 19.000 millones en 2016 y 2017.<\/p>\n<p style=\"text-align: justify;\">Para cerrarlo tendr\u00e1 que buscar el <em>consenso del Pacto de Toledo<\/em> donde deber\u00e1 <em>abordar los cambios en la revalorizaci\u00f3n de las pensiones y el factor del sostenibilidad<\/em> que tanto ha reivindicado el PSOE desde la oposici\u00f3n.<\/p>\n<p style=\"text-align: justify;\">La lucha contra la precariedad sin afectar al alto ritmo de<em> creaci\u00f3n de empleo actual<\/em> tambi\u00e9n ser\u00e1 un objetivo prioritario a tenor de las propuestas socialistas: corregir la temporalidad y la debilidad de los salarios es uno de los retos. Falta saber si Valerio conseguir\u00e1 reunir los apoyos necesarios en el Congreso para elaborar un<em> nuevo estatuto de los trabajadores o para hacer cambios parciales en la reforma laboral<\/em>. Reformar las pol\u00edticas activas y los servicios p\u00fablicos de empleo para que sean eficaces en la lucha contra el paro, y no solo a la hora de pagar prestaciones, es una reclamaci\u00f3n constante de Bruselas. \/ <strong>MANUEL V. G\u00d3MEZ<\/strong><\/p>\n<\/div>\n<\/div>\n<div class=\"fototextos\" style=\"text-align: justify;\">\n<figure class=\"foto foto_w140\"><img data-recalc-dims=\"1\" loading=\"lazy\" decoding=\"async\" class=\"\" src=\"https:\/\/i0.wp.com\/ep01.epimg.net\/politica\/imagenes\/2018\/06\/07\/actualidad\/1528376362_966198_1528378552_sumariofototexto_normal.jpg?resize=236%2C236&#038;ssl=1\" srcset=\"\/\/ep01.epimg.net\/politica\/imagenes\/2018\/06\/07\/actualidad\/1528376362_966198_1528378552_sumariofototexto_normal_recorte1.jpg 280w, \/\/ep01.epimg.net\/politica\/imagenes\/2018\/06\/07\/actualidad\/1528376362_966198_1528378552_sumariofototexto_normal.jpg 140w\" width=\"236\" height=\"236\" \/><\/figure>\n<div class=\"sumario-texto\">\n<h3>INDUSTRIA, COMERCIO Y TURISMO | La modernizaci\u00f3n del autom\u00f3vil y la telefon\u00eda<\/h3>\n<p>Con Reyes Maroto vuelve a tener ministerio propio un sector, la industria, que es clave para una econom\u00eda robusta, pero que en Espa\u00f1a ha perdido peso ante la pujanza de los servicios. <em>Una de sus patas m\u00e1s importantes es la automovil\u00edstica<\/em>, que emplea a unos 300.000 trabajadores y que se encuentra en el inicio de un proceso de cambio total, con el horizonte de la electrificaci\u00f3n o el veh\u00edculo aut\u00f3nomo. Adem\u00e1s, la ministra <em>deber\u00e1 pilotar desde mediados de julio la subasta de la banda de frecuencias 3,6-3,8 gigahercios (GHz), sobre la que se desarrollar\u00e1 la nueva generaci\u00f3n de telefon\u00eda m\u00f3vil 5G.<\/em><\/p>\n<p>En su cartera tendr\u00e1 tambi\u00e9n turismo, que representa el 11% del PIB y un porcentaje similar de empleo. Espa\u00f1a es l\u00edder mundial en competitividad en turismo y es el segundo destino preferido del mundo, con 82 millones de visitantes en 2017. En el otro lado,<em> problemas de masificaci\u00f3n y turismofobia en algunos puntos. En comercio tendr\u00e1 que lidiar con la emergencia del comercio electr\u00f3nico y sus efectos sobre el tradicional, as\u00ed como mantener el impulso internacionalizador para mejorar las exportaciones.<\/em> \/ <strong>JAVIER SALVATIERRA<\/strong><\/p>\n<\/div>\n<\/div>\n<div class=\"fototextos\" style=\"text-align: justify;\">\n<figure class=\"foto foto_w140\"><img data-recalc-dims=\"1\" loading=\"lazy\" decoding=\"async\" class=\"\" src=\"https:\/\/i0.wp.com\/ep01.epimg.net\/politica\/imagenes\/2018\/06\/07\/actualidad\/1528376362_966198_1528378659_sumariofototexto_normal.jpg?resize=256%2C256&#038;ssl=1\" srcset=\"\/\/ep01.epimg.net\/politica\/imagenes\/2018\/06\/07\/actualidad\/1528376362_966198_1528378659_sumariofototexto_normal_recorte1.jpg 280w, \/\/ep01.epimg.net\/politica\/imagenes\/2018\/06\/07\/actualidad\/1528376362_966198_1528378659_sumariofototexto_normal.jpg 140w\" width=\"256\" height=\"256\" \/><\/figure>\n<div class=\"sumario-texto\">\n<h3>AGRICULTURA, PESCA Y ALIMENTACI\u00d3N | Una complicada negociaci\u00f3n con Bruselas<\/h3>\n<p>El cambio de Gobierno llega en medio de una <em>negociaci\u00f3n trascendental sobre los fondos de la pr\u00f3xima Pol\u00edtica Agr\u00edcola Com\u00fan (PAC) para el periodo 2021-2027<\/em>. El contexto est\u00e1 lejos de ser propicio para los agricultores. El Brexit pondr\u00e1 fin a la jugosa aportaci\u00f3n brit\u00e1nica, Donald Trump sigue empe\u00f1ado en que sus aliados contribuyan m\u00e1s al esfuerzo global en Defensa, y el nuevo Ejecutivo italiano ha avisado de que no va a asumir en solitario la carga de nuevas oleadas migratorias.<\/p>\n<p>Eso se ha traducido en <em>m\u00e1s dinero comunitario para seguridad y migraci\u00f3n.<\/em> Pierde agricultura. Espa\u00f1a \u2014que es el segundo mayor receptor de fondos, tras Francia\u2014 afronta un recorte de las ayudas agr\u00edcolas del 5,4%, y puede ser mayor. Un rev\u00e9s de m\u00e1s de 2.500 millones.<\/p>\n<p>Luis Planas, el ministro de Agricultura, tiene deberes tambi\u00e9n en casa. <em>Debe cerrar el pacto del agua.<\/em> Regular las ventas a p\u00e9rdidas. Y, sobre todo, <em>acometer un plan de reordenaci\u00f3n del sector agrario para dar respuestas al desaf\u00edo del cambio clim\u00e1tico.<\/em> Aunque buena parte de su labor se concentrar\u00e1, al menos en los pr\u00f3ximos meses, en Bruselas: la Comisi\u00f3n Europea es partidaria de una reducci\u00f3n de la factura de la PAC. El comisario del ramo, Phil Hogan, ha dejado entrever que el \u00fanico modo de detener la ca\u00edda de las subvenciones es que los socios europeos aumenten sus aportaciones al presupuesto comunitario. De lo contrario, habr\u00e1 que hacer m\u00e1s con menos, una ecuaci\u00f3n que algunas canciller\u00edas no ven nada clara. El titular de Agricultura franc\u00e9s, St\u00e9phane Travert, afirm\u00f3 este martes en una reuni\u00f3n informal de ministros en Sof\u00eda que los fondos agr\u00edcolas son una red de seguridad para el campo, y admiti\u00f3 que su pa\u00eds est\u00e1 en plena b\u00fasqueda de aliados para tratar de impedir los retoques a la baja. \/ <strong>CLAUDI P\u00c9REZ \/ \u00c1LVARO S\u00c1NCHEZ, Bruselas<\/strong><\/p>\n<\/div>\n<\/div>\n<\/div>\n<\/section>\n<section id=\"sumario_2|fototextos\" class=\"sumario sumario_fototextos centro\"><a name=\"sumario_2\"><\/a><\/p>\n<div class=\"sumario__interior\">\n<div class=\"fototextos\" style=\"text-align: justify;\">\n<figure class=\"foto foto_w140\"><img data-recalc-dims=\"1\" loading=\"lazy\" decoding=\"async\" class=\"\" src=\"https:\/\/i0.wp.com\/ep01.epimg.net\/politica\/imagenes\/2018\/06\/07\/actualidad\/1528376362_966198_1528378830_sumariofototexto_normal.jpg?resize=229%2C227&#038;ssl=1\" srcset=\"\/\/ep01.epimg.net\/politica\/imagenes\/2018\/06\/07\/actualidad\/1528376362_966198_1528378830_sumariofototexto_normal_recorte1.jpg 280w, \/\/ep01.epimg.net\/politica\/imagenes\/2018\/06\/07\/actualidad\/1528376362_966198_1528378830_sumariofototexto_normal.jpg 140w\" width=\"229\" height=\"227\" \/><\/figure>\n<div class=\"sumario-texto\">\n<h3>PRESIDENCIA E IGUALDAD | Financiar el Pacto de Estado contra la violencia machista y atajar la brecha salarial<\/h3>\n<p>Adem\u00e1s de mirar todas las acciones de Gobierno con las gafas violeta, el <strong>Ejecutivo con m\u00e1s mujeres de Europa<\/strong> (y previsiblemente del mundo) tiene como primer reto<em> la puesta en marcha del Pacto de Estado contra la Violencia de G\u00e9nero.<\/em> M\u00e1s de 1.000 mujeres han sido asesinadas por sus parejas o exparejas desde 2001, seg\u00fan datos recopilados por este peri\u00f3dico desde antes incluso que existieran estad\u00edsticas oficiales. El PSOE impuls\u00f3 una moci\u00f3n para que los primeros 200 millones del pacto aparecieran en los presupuestos. Ahora tienen que conseguir aprobar las cuentas \u2014o buscar un mecanismo alternativo\u2014 para garantizar la financiaci\u00f3n que debe ir, en gran parte, a comunidades y Ayuntamientos.<\/p>\n<p>Otra de las grandes asignaturas pendientes es <em>la brecha salarial<\/em>. Las mujeres ganan un 12,7% menos por hora que los hombres en tareas similares, seg\u00fan un estudio reciente de Fedea. El nuevo Gobierno se compromete a impulsar una<em> ley de igualdad salarial,<\/em> una propuesta en la que ya hab\u00edan avanzado en el Congreso tanto el PSOE como Podemos.<\/p>\n<p>Los colectivos feministas han recibido con gran expectaci\u00f3n al nuevo Ejecutivo, nombrado por un partido que tiene mayor\u00eda de voto femenino y que ha sabido leer las claves de una movilizaci\u00f3n sin precedentes como la del 8 de Marzo. Estos colectivo<em>s reclaman tambi\u00e9n que la educaci\u00f3n en igualdad llegue a las aulas<\/em> \u2014algo que ya preve\u00eda la Ley de Igualdad de 2007\u2014, revisar el acoso en la universidad, la brecha de g\u00e9nero en las pensiones o cambios en la Ley de Dependencia. \/ <strong>PILAR \u00c1LVAREZ<\/strong><\/p>\n<\/div>\n<\/div>\n<div class=\"fototextos\" style=\"text-align: justify;\">\n<figure class=\"foto foto_w140\"><img data-recalc-dims=\"1\" loading=\"lazy\" decoding=\"async\" class=\"\" src=\"https:\/\/i0.wp.com\/ep01.epimg.net\/politica\/imagenes\/2018\/06\/07\/actualidad\/1528376362_966198_1528379040_sumariofototexto_normal.jpg?resize=215%2C216&#038;ssl=1\" srcset=\"\/\/ep01.epimg.net\/politica\/imagenes\/2018\/06\/07\/actualidad\/1528376362_966198_1528379040_sumariofototexto_normal_recorte1.jpg 280w, \/\/ep01.epimg.net\/politica\/imagenes\/2018\/06\/07\/actualidad\/1528376362_966198_1528379040_sumariofototexto_normal.jpg 140w\" width=\"215\" height=\"216\" \/><\/figure>\n<div class=\"sumario-texto\">\n<h3>POL\u00cdTICA TERRITORIAL Y FUNCI\u00d3N P\u00daBLICA | Descongelar la relaci\u00f3n con las autonom\u00edas<\/h3>\n<p>A Meritxell Batet le espera una labor ingente al frente del Ministerio de Pol\u00edtica Territorial y Funci\u00f3n P\u00fablica: el <em>enlace del Gobierno con las comunidades aut\u00f3nomas.<\/em> La crisis catalana ha dinamitado las relaciones entre el Estado y la Generalitat los \u00faltimos a\u00f1os, pero ello ha tenido un efecto rebote en otras autonom\u00edas, que tambi\u00e9n vieron paralizados traspasos previstos en sus estatutos y recurridas muchas leyes.<\/p>\n<p>El Gobierno no quiere precipitar el encuentro con el presidente catal\u00e1n a la espera de los primeros pasos que haga Quim Torra. Se tendr\u00e1n que<em> volver a poner en marcha las comisiones bilaterales Estado-Generalitat,<\/em> que no se re\u00fanen desde 2011.<\/p>\n<p>Catalu\u00f1a tiene 16 leyes recurridas o anuladas por el Tribunal Constitucional que quiere recuperar. La Comunidad Valenciana aspira a desactivar la amenaza de un recurso ante el Tribunal Supremo contra el decreto de pluriling\u00fcismo. En el Pa\u00eds Vasco tambi\u00e9n est\u00e1n judicializadas leyes como la del <em>fracking<\/em> o la de vivienda. Andaluc\u00eda tiene tambi\u00e9n problemas con recursos pendientes, pero sus demandas se extienden a cuestiones de seguridad, como la inmigraci\u00f3n irregular. \/<strong> MIQUEL NOGUER, Barcelona<\/strong><\/p>\n<\/div>\n<\/div>\n<div class=\"fototextos\" style=\"text-align: justify;\">\n<figure class=\"foto foto_w140\"><img data-recalc-dims=\"1\" loading=\"lazy\" decoding=\"async\" class=\"\" src=\"https:\/\/i0.wp.com\/ep01.epimg.net\/politica\/imagenes\/2018\/06\/07\/actualidad\/1528376362_966198_1528379084_sumariofototexto_normal.jpg?resize=213%2C212&#038;ssl=1\" srcset=\"\/\/ep01.epimg.net\/politica\/imagenes\/2018\/06\/07\/actualidad\/1528376362_966198_1528379084_sumariofototexto_normal_recorte1.jpg 280w, \/\/ep01.epimg.net\/politica\/imagenes\/2018\/06\/07\/actualidad\/1528376362_966198_1528379084_sumariofototexto_normal.jpg 140w\" width=\"213\" height=\"212\" \/><\/figure>\n<div class=\"sumario-texto\">\n<h3>TRANSICI\u00d3N ECOL\u00d3GICA | Un plan contra el cambio clim\u00e1tico<\/h3>\n<p>\u00bfSe puede dise\u00f1ar el futuro energ\u00e9tico de Espa\u00f1a para la pr\u00f3xima d\u00e9cada en los dos a\u00f1os escasos que quedan de legislatura? Y, \u00bfse puede hacer con solo 84 de los 350 diputados del Congreso? Conseguirlo es, sin duda, el gran reto de la ministra para la Transici\u00f3n Ecol\u00f3gica, Teresa Ribera, que tendr\u00e1 que trazar imprescindibles alianzas en el Congreso.<em> Espa\u00f1a debe contar con una ley de cambio clim\u00e1tico.<\/em> Porque el pa\u00eds no est\u00e1 en la senda de reducir sus emisiones de gases de efecto invernadero en la pr\u00f3xima d\u00e9cada y, por lo tanto, incumplir\u00e1 sus compromisos con la UE y el Acuerdo de Par\u00eds. Contar con esa ley \u2014para descarbonizar la econom\u00eda y trazar una ruta a largo plazo que dote al sistema energ\u00e9tico de seguridad jur\u00eddica\u2014 es una reivindicaci\u00f3n de los ecologistas y las grandes empresas, que reclaman certidumbre para sus inversiones.<\/p>\n<p>En lo concreto, deber\u00e1 <em>decidir si fija un calendario de cierre del carb\u00f3n<\/em>, <em>si se permite que las nucleares sigan operando m\u00e1s all\u00e1 de los 40 a\u00f1os, si se descarta definitivamente el cementerio nuclear de Cuenca, si se elimina el impuesto al sol&#8230; E intentar buscar el consenso para los cambios legales<\/em>. \/<strong> MANUEL PLANELLES<\/strong><\/p>\n<\/div>\n<\/div>\n<div class=\"fototextos\" style=\"text-align: justify;\">\n<figure class=\"foto foto_w140\"><img data-recalc-dims=\"1\" loading=\"lazy\" decoding=\"async\" class=\"\" src=\"https:\/\/i0.wp.com\/ep01.epimg.net\/politica\/imagenes\/2018\/06\/07\/actualidad\/1528376362_966198_1528379194_sumariofototexto_normal.jpg?resize=176%2C176&#038;ssl=1\" srcset=\"\/\/ep01.epimg.net\/politica\/imagenes\/2018\/06\/07\/actualidad\/1528376362_966198_1528379194_sumariofototexto_normal_recorte1.jpg 280w, \/\/ep01.epimg.net\/politica\/imagenes\/2018\/06\/07\/actualidad\/1528376362_966198_1528379194_sumariofototexto_normal.jpg 140w\" width=\"176\" height=\"176\" \/><\/figure>\n<div class=\"sumario-texto\">\n<h3>ECONOM\u00cdA Y EMPRESA | Ajustar el d\u00e9ficit y mejorar la competencia<\/h3>\n<p>La labor de la titular de Econom\u00eda, Nadia Calvi\u00f1o, dando la cara en Bruselas no ser\u00e1 f\u00e1cil. Los Presupuestos de Rajoy pueden dejar el d\u00e9ficit en el entorno del 2,7% del PIB, lejos del 2,2% comprometido. Este a\u00f1o la Comisi\u00f3n podr\u00eda conformarse con que baje del 3%. Pero <em>Espa\u00f1a tendr\u00e1 que ajustar unos 7.000 millones el que viene<\/em>. Y ello con solo 84 diputados. S<em>i se revisan las pensiones, la reforma laboral o la financiaci\u00f3n auton\u00f3mica, tendr\u00e1 que calibrar bien los efectos de estas medidas en las cuentas y en el empleo.<\/em> En todo ello Calvi\u00f1o deber\u00e1 demostrar que tiene el peso pol\u00edtico para imponer su criterio.<\/p>\n<p><em>Pilotar\u00e1 el proceso de privatizaci\u00f3n de Bankia<\/em> para que genere las menores p\u00e9rdidas al contribuyente. Y tiene pendiente aprobar l<em>a ley hipotecaria y la reforma de los supervisores.<\/em> Tambi\u00e9n deber\u00eda preparar a la econom\u00eda ante una subida de tipos. Y fomentar reformas que eleven el crecimiento, mejorando la competencia, la formaci\u00f3n o el capital tecnol\u00f3gico. Si se repite la incertidumbre, ser\u00e1 la imagen ante los mercados.<em> Y para proteger a Espa\u00f1a, deber\u00eda cerrar este mes un acuerdo que avance en la integraci\u00f3n de la zona euro.\/ <\/em><strong>ANTONIO MAQUEDA<\/strong><\/p>\n<\/div>\n<\/div>\n<div class=\"fototextos\" style=\"text-align: justify;\">\n<figure class=\"foto foto_w140\"><img data-recalc-dims=\"1\" loading=\"lazy\" decoding=\"async\" class=\"\" src=\"https:\/\/i0.wp.com\/ep01.epimg.net\/politica\/imagenes\/2018\/06\/07\/actualidad\/1528376362_966198_1528379495_sumariofototexto_normal.jpg?resize=219%2C219&#038;ssl=1\" srcset=\"\/\/ep01.epimg.net\/politica\/imagenes\/2018\/06\/07\/actualidad\/1528376362_966198_1528379495_sumariofototexto_normal_recorte1.jpg 280w, \/\/ep01.epimg.net\/politica\/imagenes\/2018\/06\/07\/actualidad\/1528376362_966198_1528379495_sumariofototexto_normal.jpg 140w\" width=\"219\" height=\"219\" \/><\/figure>\n<div class=\"sumario-texto\">\n<h3>SANIDAD, CONSUMO Y BIENESTAR SOCIAL | Universalidad y atenci\u00f3n a la dependencia<\/h3>\n<p>La ministra de Sanidad, Consumo y Bienestar Social, Carmen Mont\u00f3n, tiene un amplio campo de actuaci\u00f3n. Durante sus dos a\u00f1os de consejera en Valencia ha mostrado sus l\u00edneas de acci\u00f3n, y muchas son aplicables al pa\u00eds.<\/p>\n<p>Una de especial relevancia <em>es la atenci\u00f3n a la dependencia<\/em>. El Observatorio de la Dependencia indica que hay casi un mill\u00f3n de atendidos y 360.000 en la lista de espera.<\/p>\n<p>Mont\u00f3n insisti\u00f3 en su toma de posesi\u00f3n en <em>volver a una sanidad universal,<\/em> que incluya a los extranjeros en situaci\u00f3n irregular y a todos los espa\u00f1oles. Seg\u00fan los datos del padr\u00f3n, en Espa\u00f1a hay m\u00e1s de 500.000 personas sin tarjeta sanitaria. En Valencia, Mont\u00f3n ya ha revertido esta situaci\u00f3n. Tambi\u00e9n ha eliminado el copago farmac\u00e9utico de los jubilados.<\/p>\n<p style=\"text-align: justify;\">Adem\u00e1s, Sanidad enfrenta problemas end\u00e9micos: <em>las asociaciones de pacientes y profesionales critican la falta de equidad en las prestaciones, y, ligado a esto, la de transparencia<\/em>. Hay que <em>recuperar la inversi\u00f3n y el personal perdido (4.000 millones y 10.000 contratados desde 2009).<\/em> Y hay campos (salud mental, salud p\u00fablica) en los que hay que revisar las estrategias nacionales. \/ <strong>EMILIO DE BENITO<\/strong><\/p>\n<\/div>\n<\/div>\n<div class=\"fototextos\" style=\"text-align: justify;\">\n<figure class=\"foto foto_w140\" style=\"text-align: justify;\"><img data-recalc-dims=\"1\" loading=\"lazy\" decoding=\"async\" class=\"\" src=\"https:\/\/i0.wp.com\/ep01.epimg.net\/politica\/imagenes\/2018\/06\/07\/actualidad\/1528376362_966198_1528379538_sumariofototexto_normal.jpg?resize=207%2C207&#038;ssl=1\" srcset=\"\/\/ep01.epimg.net\/politica\/imagenes\/2018\/06\/07\/actualidad\/1528376362_966198_1528379538_sumariofototexto_normal_recorte1.jpg 280w, \/\/ep01.epimg.net\/politica\/imagenes\/2018\/06\/07\/actualidad\/1528376362_966198_1528379538_sumariofototexto_normal.jpg 140w\" width=\"207\" height=\"207\" \/><\/figure>\n<div class=\"sumario-texto\">\n<h3>CIENCIA, INNOVACI\u00d3N Y UNIVERSIDADES | Financiaci\u00f3n y eliminar trabas burocr\u00e1ticas<\/h3>\n<p>La ciencia en Espa\u00f1a atraviesa una tormenta perfecta. El pa\u00eds ha recortado su inversi\u00f3n en I+D+i un 9,1% entre 2009 y 2016, mientras en el mismo periodo la UE lo ha incrementado un 27,4%. Al mismo tiempo, el Gobierno de Mariano Rajoy impuso un conjunto de restricciones burocr\u00e1ticas que paralizan la actividad en los organismos p\u00fablicos de investigaci\u00f3n.<\/p>\n<p>Pedro Duque, el nuevo ministro de esta \u00e1rea, afronta el reto de revertir la tendencia en la financiaci\u00f3n. Adem\u00e1s, deber\u00e1 intentar eliminar las normativas que impiden contratar a cient\u00edficos en plazos razonables, gastar fondos de proyectos europeos o realizar compras de material con la agilidad necesaria, lo que reduce la competitividad. Especialmente importante es garantizar el futuro de la Agencia Estatal de Investigaci\u00f3n, que acumula meses de retraso en la concesi\u00f3n de los principales programas de investigaci\u00f3n nacionales, y dotarla de verdadera independencia. Con la creaci\u00f3n del Ministerio de Ciencia, Innovaci\u00f3n y Universidades se da el primer paso en este sentido.\/ <strong>NU\u00d1O DOM\u00cdNGUEZ<\/strong><\/p>\n<\/div>\n<\/div>\n<div class=\"fototextos\">\n<figure class=\"foto foto_w140\" style=\"text-align: justify;\"><img data-recalc-dims=\"1\" loading=\"lazy\" decoding=\"async\" class=\"\" src=\"https:\/\/i0.wp.com\/ep01.epimg.net\/politica\/imagenes\/2018\/06\/07\/actualidad\/1528376362_966198_1528379118_sumariofototexto_normal.jpg?resize=260%2C260&#038;ssl=1\" srcset=\"\/\/ep01.epimg.net\/politica\/imagenes\/2018\/06\/07\/actualidad\/1528376362_966198_1528379118_sumariofototexto_normal_recorte1.jpg 280w, \/\/ep01.epimg.net\/politica\/imagenes\/2018\/06\/07\/actualidad\/1528376362_966198_1528379118_sumariofototexto_normal.jpg 140w\" width=\"260\" height=\"260\" \/><\/figure>\n<div class=\"sumario-texto\">\n<h3 style=\"text-align: justify;\">CULTURA Y DEPORTE | Preservar los fondos de dos museos y bajar el IVA<\/h3>\n<p style=\"text-align: justify;\">En su toma de posesi\u00f3n de ayer, M\u00e0xim Huerta advirti\u00f3 a quienes le ped\u00edan cita: \u201cEl lunes, a partir del lunes hablamos\u201d. Se hab\u00eda reunido unos minutos con \u00cd\u00f1igo M\u00e9ndez de Vigo, titular saliente de Educaci\u00f3n y Cultura, y con Fernando Benzo, secretario de Estado de Cultura. Entre las urgencias le debieron comentar dos prioridades muse\u00edsticas. La primera, <em>cerrar un acuerdo para que la colecci\u00f3n de Ella Fontanals-Cisneros \u20143.200 cuadros de arte latinoamericano destinados a la Tabacalera de Lavapi\u00e9s\u2014 quede en Madrid<\/em>. La segunda, <em>convencer a Carmen Thyssen para que los m\u00e1s de 1.000 cuadros que le pertenecen queden en el museo.<\/em><\/p>\n<p style=\"text-align: justify;\">Tampoco habr\u00e1n olvidado <em>al Prado, que reclama una inyecci\u00f3n econ\u00f3mica y de moral para su nueva reforma con el sal\u00f3n de reinos y los fastos del centenario.<\/em> No se les habr\u00e1 pasado por alto los problemas del Instituto Nacional de Artes Esc\u00e9nicas y de la M\u00fasica, que han vivido una \u00e9poca de recortes continuos en los \u00faltimos cuatro a\u00f1os. Una aut\u00e9ntica soga al cuello que ha dado al traste con giras internacionales de sus compa\u00f1\u00edas de danza, teatro o la Orquesta Nacional. Y, por supuesto, <em>el IVA de los espect\u00e1culos.<\/em> \/ <strong>J. RUIZ MANTILLA<\/strong><\/p>\n<p style=\"text-align: justify;\">Las demandas del<em> sector deportivo giran en torno al eterno modelo de financiaci\u00f3n<\/em>, dando por sentada la obligaci\u00f3n del Estado de financiar a las federaciones, factor\u00edas de las que nacen los deportistas que ganan medallas, objetivo \u00faltimo, porque los campeones espa\u00f1oles son uno de los grades activos de la llamada marca Espa\u00f1a. Sin embargo, quiz\u00e1s el principal reto del deporte espa\u00f1ol sea el de <em>definir en qu\u00e9 consiste exactamente el valor social del deporte. A partir de ah\u00ed se justifica la necesidad de una nueva Ley del Deporte<\/em> (la actual data de 1990) que aborde y regule las deficiencias nacidas de los problemas que se aprecian: la integraci\u00f3n e igualdad de la mujer, la integraci\u00f3n de todos los deportistas que viven del deporte en el r\u00e9gimen general de la Seguridad Social, el espacio exacto que deben ocupar las federaciones (entes privados de derecho p\u00fablico y dependientes de subvenciones p\u00fablicas actualmente), su funci\u00f3n y su control.\/ <strong>CARLOS ARRIBAS<\/strong><\/p>\n<\/div>\n<\/div>\n<\/div>\n<\/section>\n<\/div>\n<\/div>\n<\/div>\n<\/aside>\n<div class=\"compartir-varios\">\n<div id=\"correo\" class=\"correo\"><\/div>\n<\/div>\n","protected":false},"excerpt":{"rendered":"<p>La vicepresidenta y ministra de Igualdad, Carmen Calvo, revisar\u00e1 todos los acuerdos<\/p>\n","protected":false},"author":1,"featured_media":24362,"comment_status":"closed","ping_status":"closed","sticky":false,"template":"","format":"standard","meta":{"_coblocks_attr":"","_coblocks_dimensions":"","_coblocks_responsive_height":"","_coblocks_accordion_ie_support":"","jetpack_post_was_ever_published":false,"_jetpack_newsletter_access":"","_jetpack_dont_email_post_to_subs":false,"_jetpack_newsletter_tier_id":0,"_jetpack_memberships_contains_paywalled_content":false,"_jetpack_memberships_contains_paid_content":false,"footnotes":"","jetpack_publicize_message":"","jetpack_publicize_feature_enabled":true,"jetpack_social_post_already_shared":false,"jetpack_social_options":{"image_generator_settings":{"template":"highway","default_image_id":0,"enabled":false},"version":2}},"categories":[186,9,44,15],"tags":[4205,2762],"class_list":["post-24361","post","type-post","status-publish","format-standard","has-post-thumbnail","hentry","category-instituciones","category-medio-ambiente","category-noticias-de-hoy","category-ultimas-noticias","tag-ministerios","tag-tareas"],"jetpack_publicize_connections":[],"jetpack_featured_media_url":"https:\/\/i0.wp.com\/miradordeatarfe.es\/wp-content\/uploads\/2018\/06\/1528376362_966198_1528437123_noticia_fotograma.jpg?fit=980%2C552&ssl=1","jetpack_likes_enabled":true,"jetpack_sharing_enabled":true,"_links":{"self":[{"href":"https:\/\/miradordeatarfe.es\/index.php?rest_route=\/wp\/v2\/posts\/24361","targetHints":{"allow":["GET"]}}],"collection":[{"href":"https:\/\/miradordeatarfe.es\/index.php?rest_route=\/wp\/v2\/posts"}],"about":[{"href":"https:\/\/miradordeatarfe.es\/index.php?rest_route=\/wp\/v2\/types\/post"}],"author":[{"embeddable":true,"href":"https:\/\/miradordeatarfe.es\/index.php?rest_route=\/wp\/v2\/users\/1"}],"replies":[{"embeddable":true,"href":"https:\/\/miradordeatarfe.es\/index.php?rest_route=%2Fwp%2Fv2%2Fcomments&post=24361"}],"version-history":[{"count":1,"href":"https:\/\/miradordeatarfe.es\/index.php?rest_route=\/wp\/v2\/posts\/24361\/revisions"}],"predecessor-version":[{"id":24363,"href":"https:\/\/miradordeatarfe.es\/index.php?rest_route=\/wp\/v2\/posts\/24361\/revisions\/24363"}],"wp:featuredmedia":[{"embeddable":true,"href":"https:\/\/miradordeatarfe.es\/index.php?rest_route=\/wp\/v2\/media\/24362"}],"wp:attachment":[{"href":"https:\/\/miradordeatarfe.es\/index.php?rest_route=%2Fwp%2Fv2%2Fmedia&parent=24361"}],"wp:term":[{"taxonomy":"category","embeddable":true,"href":"https:\/\/miradordeatarfe.es\/index.php?rest_route=%2Fwp%2Fv2%2Fcategories&post=24361"},{"taxonomy":"post_tag","embeddable":true,"href":"https:\/\/miradordeatarfe.es\/index.php?rest_route=%2Fwp%2Fv2%2Ftags&post=24361"}],"curies":[{"name":"wp","href":"https:\/\/api.w.org\/{rel}","templated":true}]}}