{"id":24413,"date":"2018-06-13T07:11:50","date_gmt":"2018-06-13T05:11:50","guid":{"rendered":"http:\/\/miradordeatarfe.es\/?p=24413"},"modified":"2018-06-12T16:15:52","modified_gmt":"2018-06-12T14:15:52","slug":"dos-menores-heridos-tras-la-colision-entre-un-ciclomotor-y-un-turismo-en-atarfe","status":"publish","type":"post","link":"https:\/\/miradordeatarfe.es\/?p=24413","title":{"rendered":"Dos menores heridos tras la colisi\u00f3n entre un ciclomotor y un turismo en Atarfe"},"content":{"rendered":"<p class=\"entradilla_noticia\">El choque ha tenido lugar en el kil\u00f3metro 424,700 de la N432 y ha obligado a la evacuaci\u00f3n a un centro m\u00e9dico de los dos accidentados<!--more--><\/p>\n<div class=\"contenedor\">\n<p>Dos menores de 15 a\u00f1os de edad han resultados heridos de diversa consideraci\u00f3n -uno grave y el otro leve- tras colisionar un ciclomotor con un turismo en la carretera N432, a la altura del municipio granadino de <strong>Atarfe<\/strong>.<\/p>\n<p>Seg\u00fan han confirmado fuentes de la Guardia Civil de Tr\u00e1fico, la colisi\u00f3n se ha producido pasadas las 19.00 horas de este lunes por alcance sin que hasta ahora hayan trascendido ni las causas ni las circunstancias del siniestro.<\/p>\n<p>El choque ha tenido lugar en el kil\u00f3metro 424,700 de la N432 y ha obligado a la evacuaci\u00f3n a un centro m\u00e9dico de los dos menores, seg\u00fan han a\u00f1adido las fuentes consultadas.<\/p>\n<p>https:\/\/www.ahoragranada.com\/noticia\/dos-menores-heridos-tras-la-colision-entre-un-ciclomotor-y-un-turismo-en-atarfe\/<\/p>\n<\/div>\n","protected":false},"excerpt":{"rendered":"<p>El choque ha tenido lugar en el kil\u00f3metro 424,700 de la N432 y ha obligado&#8230;<\/p>\n","protected":false},"author":1,"featured_media":24414,"comment_status":"closed","ping_status":"closed","sticky":false,"template":"","format":"standard","meta":{"_coblocks_attr":"","_coblocks_dimensions":"","_coblocks_responsive_height":"","_coblocks_accordion_ie_support":"","jetpack_post_was_ever_published":false,"_jetpack_newsletter_access":"","_jetpack_dont_email_post_to_subs":false,"_jetpack_newsletter_tier_id":0,"_jetpack_memberships_contains_paywalled_content":false,"_jetpack_memberships_contains_paid_content":false,"footnotes":"","jetpack_publicize_message":"","jetpack_publicize_feature_enabled":true,"jetpack_social_post_already_shared":false,"jetpack_social_options":{"image_generator_settings":{"template":"highway","default_image_id":0,"enabled":false},"version":2}},"categories":[2,9,44,15,10],"tags":[275,81],"class_list":["post-24413","post","type-post","status-publish","format-standard","has-post-thumbnail","hentry","category-atarfe","category-medio-ambiente","category-noticias-de-hoy","category-ultimas-noticias","category-salud","tag-accidente","tag-atarfe"],"jetpack_publicize_connections":[],"jetpack_featured_media_url":"https:\/\/i0.wp.com\/miradordeatarfe.es\/wp-content\/uploads\/2018\/06\/images-1.jpg?fit=356%2C142&ssl=1","jetpack_likes_enabled":true,"jetpack_sharing_enabled":true,"_links":{"self":[{"href":"https:\/\/miradordeatarfe.es\/index.php?rest_route=\/wp\/v2\/posts\/24413","targetHints":{"allow":["GET"]}}],"collection":[{"href":"https:\/\/miradordeatarfe.es\/index.php?rest_route=\/wp\/v2\/posts"}],"about":[{"href":"https:\/\/miradordeatarfe.es\/index.php?rest_route=\/wp\/v2\/types\/post"}],"author":[{"embeddable":true,"href":"https:\/\/miradordeatarfe.es\/index.php?rest_route=\/wp\/v2\/users\/1"}],"replies":[{"embeddable":true,"href":"https:\/\/miradordeatarfe.es\/index.php?rest_route=%2Fwp%2Fv2%2Fcomments&post=24413"}],"version-history":[{"count":2,"href":"https:\/\/miradordeatarfe.es\/index.php?rest_route=\/wp\/v2\/posts\/24413\/revisions"}],"predecessor-version":[{"id":24416,"href":"https:\/\/miradordeatarfe.es\/index.php?rest_route=\/wp\/v2\/posts\/24413\/revisions\/24416"}],"wp:featuredmedia":[{"embeddable":true,"href":"https:\/\/miradordeatarfe.es\/index.php?rest_route=\/wp\/v2\/media\/24414"}],"wp:attachment":[{"href":"https:\/\/miradordeatarfe.es\/index.php?rest_route=%2Fwp%2Fv2%2Fmedia&parent=24413"}],"wp:term":[{"taxonomy":"category","embeddable":true,"href":"https:\/\/miradordeatarfe.es\/index.php?rest_route=%2Fwp%2Fv2%2Fcategories&post=24413"},{"taxonomy":"post_tag","embeddable":true,"href":"https:\/\/miradordeatarfe.es\/index.php?rest_route=%2Fwp%2Fv2%2Ftags&post=24413"}],"curies":[{"name":"wp","href":"https:\/\/api.w.org\/{rel}","templated":true}]}}