{"id":24428,"date":"2018-06-13T07:31:39","date_gmt":"2018-06-13T05:31:39","guid":{"rendered":"http:\/\/miradordeatarfe.es\/?p=24428"},"modified":"2018-06-12T16:35:02","modified_gmt":"2018-06-12T14:35:02","slug":"los-numeros-por-los-que-urdangarin-ira-a-la-carcel","status":"publish","type":"post","link":"https:\/\/miradordeatarfe.es\/?p=24428","title":{"rendered":"Los n\u00fameros por los que Urdangarin ir\u00e1 a la c\u00e1rcel"},"content":{"rendered":"<header>\n<p style=\"text-align: justify;\">La condena firme a 5 a\u00f1os y 10 meses de c\u00e1rcel para el cu\u00f1ado del rey hacen pr\u00e1cticamente inviable que pueda evitar entrar en prisi\u00f3n: s\u00f3lo una decisi\u00f3n at\u00edpica del Tribunal Constitucional podr\u00eda retrasar su ingreso mientras resuelve recursos<\/p>\n<\/header>\n<p style=\"text-align: justify;\"><!--more--><\/p>\n<div class=\"cnt-multimedia estirar\" style=\"text-align: justify;\"><\/div>\n<aside class=\"ssnn estirar\"><\/aside>\n<div class=\"cnt-izq\">\n<div class=\"cnt-body\">\n<div id=\"cuerpo_noticia_r\" class=\"cuerpo\">\n<p style=\"text-align: justify;\">Salvo carambola de \u00faltima hora, <strong>I\u00f1aki Urdangarin<\/strong> tendr\u00e1 que cumplir condena <strong>entre rejas<\/strong>. La sentencia firme dictada este martes por el Tribunal Supremo le impone un total de <strong>5 a\u00f1os y 10 meses<\/strong> de c\u00e1rcel que hace inviable la suspensi\u00f3n de la ejecuci\u00f3n de su condena salvo una intervenci\u00f3n del <strong>Tribunal Constitucional<\/strong> que estar\u00eda muy alejada de sus directrices habituales.<\/p>\n<p style=\"text-align: justify;\">El <strong>art\u00edculo 80<\/strong> del C\u00f3digo Penal regula el sistema de ejecuci\u00f3n de sentencias y condenas penales en nuestro pa\u00eds y fija en su primer partado la l\u00ednea roja: los dos a\u00f1os. I\u00f1aki Urdangarin carece de <strong>antecedentes penales<\/strong> y ha pagado todas las multas y <strong>responsabilidades civiles<\/strong> que se le imponen en la sentencia, pero la suma de sus condenas supera ampliamente los dos a\u00f1os, y la condena por prevaricaci\u00f3n tambi\u00e9n se sit\u00faa en los dos a\u00f1os y tres meses, por lo que por esa parte la Audiencia de Palma <strong>no podr\u00e1 anular<\/strong> de ninguna manera su ingreso en prisi\u00f3n.<\/p>\n<p style=\"text-align: justify;\">Ser condenado a menos de dos a\u00f1os de c\u00e1rcel no es una garant\u00eda total de evitar el ingreso en la c\u00e1rcel: se trata de una decisi\u00f3n con un amplio <strong>margen de discrecionalidad<\/strong> por parte del tribunal sentenciador &#8211; en este caso la Audiencia de Palma &#8211; que ya en otras ocasiones ha dado en la c\u00e1rcel con otros condenados como <strong>Isabel Pantoja<\/strong> (2 a\u00f1os), <strong>Carlos Fabra<\/strong> (4 a\u00f1os y solicitado el amparo) o el propio <strong>Jaume Matas<\/strong> (9 meses de c\u00e1rcel).<\/p>\n<section id=\"sumario_2|foto\" class=\"sumario foto center\"><a id=\"sumario_2\"><\/a><\/p>\n<figure>\n<div><img data-recalc-dims=\"1\" decoding=\"async\" title=\"Urdangarin y la Infanta Cristina llegan a la Audiencia de Palma\" src=\"https:\/\/i0.wp.com\/cadenaser00.epimg.net\/ser\/imagenes\/2018\/06\/12\/tribunales\/1528803223_751308_1528807618_sumario_normal.jpg?w=640\" alt=\"Urdangarin y la Infanta Cristina llegan a la Audiencia de Palma\" \/><\/div><figcaption>Urdangarin y la Infanta Cristina llegan a la Audiencia de Palma \/ Marcelo del Pozo (REUTERS)<\/p>\n<\/figcaption><\/figure>\n<\/section>\n<p style=\"text-align: justify;\">La Audiencia de Palma, de hecho, ya ha citado para <strong>ma\u00f1ana por la ma\u00f1ana<\/strong> a Urdangarin y otros imputados para que vayan personalmente al tribunal para recoger la orden de <strong>ingreso en prisi\u00f3n<\/strong>. Seg\u00fan informa Javier \u00c1lvarez, fuentes de la Fiscal\u00eda afirman que el Ministerio P\u00fablico no apoyar\u00e1 una <strong>petici\u00f3n de suspensi\u00f3n<\/strong> de la ejecuci\u00f3n de la condena.<\/p>\n<section id=\"sumario_3|html\" class=\"sumario center\"><a id=\"sumario_3\"><\/a><\/p>\n<div class=\"cnt-iframe\"><iframe title=\"Condenas caso N\u00f3os nuevo\" src=\"https:\/\/e.infogram.com\/0b71b8ca-1336-4d0b-9753-38b21cb95a39?src=embed\" frameborder=\"0\" scrolling=\"no\" allowfullscreen=\"allowfullscreen\" data-mce-fragment=\"1\"><\/iframe><b>Las condenas confirmadas por el Supremo.<\/b><\/p>\n<\/div>\n<\/section>\n<h3 style=\"text-align: justify;\"><strong>Antecedente: Blanquerna<\/strong><\/h3>\n<p style=\"text-align: justify;\">La \u00faltima esperanza de I\u00f1aki Urdangarin para evitar el presidio es, por tanto, el <strong>Tribunal Constitucional<\/strong>, y all\u00ed los criterios se rigen por normas no escritas aunque s\u00ed plasmadas en sus resoluciones. El cu\u00f1ado del Rey <strong>Felipe VI<\/strong> podr\u00eda presentar un recurso de amparo ante el tribunal de garant\u00edas solicitando que su entrada en prisi\u00f3n &#8211; <strong>la ejecuci\u00f3n del fallo<\/strong> &#8211; quede suspendida mientras ellos dictan una sentencia definitiva.<\/p>\n<p style=\"text-align: justify;\">Ninguna ley, decreto o norma refleja que el Tribunal Constitucional no pueda <strong>suspender cautelarmente<\/strong> la ejecuci\u00f3n de una condena superior a los cinco a\u00f1os de c\u00e1rcel, pero han sido sus propios jueces los que han trazado esa difusa l\u00ednea roja en sus propias resoluciones.<\/p>\n<p style=\"text-align: justify;\">La m\u00e1s reciente es del pasado 20 de noviembre. Varios fascistas condenados por <strong>el asalto<\/strong> a la librer\u00eda Blanquerna de Madrid en la Diada de 2013, condenados a penas de hasta <strong>casi cuatro a\u00f1os de c\u00e1rcel<\/strong>, solicitaron al Constitucional suspender el ingreso en prisi\u00f3n, y los seis magistrados de la sala segunda concedieron esa pr\u00f3rroga. Una resoluci\u00f3n en la que dejaban por escrito que \u00abeste Tribunal ha adoptado como <strong>una directriz general<\/strong> que la pena se sit\u00fae por encima o por debajo de la frontera de los cinco a\u00f1os de prisi\u00f3n, por ser el l\u00edmite que ha establecido <strong>el propio legislador penal<\/strong> para diferenciar entre las penas graves y las menos graves\u00bb<\/p>\n<p style=\"text-align: justify;\"><a href=\"http:\/\/cadenaser.com\/autor\/alberto_pozas_amador\/a\/\" rel=\"nofollow\">Alberto Pozas<\/a><\/p>\n<p style=\"text-align: justify;\">http:\/\/cadenaser.com\/ser\/2018\/06\/12\/tribunales\/1528803223_751308.html<\/p>\n<\/div>\n<\/div>\n<\/div>\n","protected":false},"excerpt":{"rendered":"<p>La condena firme a 5 a\u00f1os y 10 meses de c\u00e1rcel para el cu\u00f1ado del&#8230;<\/p>\n","protected":false},"author":1,"featured_media":24429,"comment_status":"closed","ping_status":"closed","sticky":false,"template":"","format":"standard","meta":{"_coblocks_attr":"","_coblocks_dimensions":"","_coblocks_responsive_height":"","_coblocks_accordion_ie_support":"","jetpack_post_was_ever_published":false,"_jetpack_newsletter_access":"","_jetpack_dont_email_post_to_subs":false,"_jetpack_newsletter_tier_id":0,"_jetpack_memberships_contains_paywalled_content":false,"_jetpack_memberships_contains_paid_content":false,"footnotes":"","jetpack_publicize_message":"","jetpack_publicize_feature_enabled":true,"jetpack_social_post_already_shared":false,"jetpack_social_options":{"image_generator_settings":{"template":"highway","default_image_id":0,"enabled":false},"version":2}},"categories":[1161,44,15],"tags":[],"class_list":["post-24428","post","type-post","status-publish","format-standard","has-post-thumbnail","hentry","category-ciudadania","category-noticias-de-hoy","category-ultimas-noticias"],"jetpack_publicize_connections":[],"jetpack_featured_media_url":"https:\/\/i0.wp.com\/miradordeatarfe.es\/wp-content\/uploads\/2018\/06\/1528803223_751308_1528803314_noticia_normal.jpg?fit=770%2C433&ssl=1","jetpack_likes_enabled":true,"jetpack_sharing_enabled":true,"_links":{"self":[{"href":"https:\/\/miradordeatarfe.es\/index.php?rest_route=\/wp\/v2\/posts\/24428","targetHints":{"allow":["GET"]}}],"collection":[{"href":"https:\/\/miradordeatarfe.es\/index.php?rest_route=\/wp\/v2\/posts"}],"about":[{"href":"https:\/\/miradordeatarfe.es\/index.php?rest_route=\/wp\/v2\/types\/post"}],"author":[{"embeddable":true,"href":"https:\/\/miradordeatarfe.es\/index.php?rest_route=\/wp\/v2\/users\/1"}],"replies":[{"embeddable":true,"href":"https:\/\/miradordeatarfe.es\/index.php?rest_route=%2Fwp%2Fv2%2Fcomments&post=24428"}],"version-history":[{"count":1,"href":"https:\/\/miradordeatarfe.es\/index.php?rest_route=\/wp\/v2\/posts\/24428\/revisions"}],"predecessor-version":[{"id":24430,"href":"https:\/\/miradordeatarfe.es\/index.php?rest_route=\/wp\/v2\/posts\/24428\/revisions\/24430"}],"wp:featuredmedia":[{"embeddable":true,"href":"https:\/\/miradordeatarfe.es\/index.php?rest_route=\/wp\/v2\/media\/24429"}],"wp:attachment":[{"href":"https:\/\/miradordeatarfe.es\/index.php?rest_route=%2Fwp%2Fv2%2Fmedia&parent=24428"}],"wp:term":[{"taxonomy":"category","embeddable":true,"href":"https:\/\/miradordeatarfe.es\/index.php?rest_route=%2Fwp%2Fv2%2Fcategories&post=24428"},{"taxonomy":"post_tag","embeddable":true,"href":"https:\/\/miradordeatarfe.es\/index.php?rest_route=%2Fwp%2Fv2%2Ftags&post=24428"}],"curies":[{"name":"wp","href":"https:\/\/api.w.org\/{rel}","templated":true}]}}