{"id":24444,"date":"2018-06-14T11:00:50","date_gmt":"2018-06-14T09:00:50","guid":{"rendered":"http:\/\/miradordeatarfe.es\/?p=24444"},"modified":"2018-06-13T12:48:41","modified_gmt":"2018-06-13T10:48:41","slug":"atarfe-hepatitis-y-trasplante-hepatico","status":"publish","type":"post","link":"https:\/\/miradordeatarfe.es\/?p=24444","title":{"rendered":"ATARFE: HEPATITIS Y TRASPLANTE HEP\u00c1TICO"},"content":{"rendered":"<p align=\"JUSTIFY\"><span style=\"font-family: Calibri Light, serif;\"><span style=\"font-size: medium;\">La celebraci\u00f3n del D\u00eda Mundial contra la Hepatitis, establecido por la OMS, tiene por objeto fomentar la toma de conciencia sobre las hepatitis virales y las enfermedades que causan, as\u00ed como la difusi\u00f3n de conocimientos sobre ellas. <\/span><\/span><!--more--><\/p>\n<p align=\"JUSTIFY\"><span style=\"font-family: Calibri Light, serif;\"><span style=\"font-size: medium;\">Los virus A, B, C, D y E de la hepatitis causan infecciones agudas y cr\u00f3nicas e inflamaci\u00f3n del h\u00edgado, que pueden desembocar en cirrosis y c\u00e1ncer hep\u00e1tico. Esos virus representan un riesgo enorme para la salud mundial, pues hay alrededor de 350 millones de personas con infecci\u00f3n cr\u00f3nica por hepatitis B y unos 170 millones de personas infectadas cr\u00f3nicamente por el virus de la hepatitis C.<\/span><\/span><\/p>\n<p align=\"JUSTIFY\"><a href=\"https:\/\/i0.wp.com\/miradordeatarfe.es\/wp-content\/uploads\/2018\/06\/1.jpg?ssl=1\"><img data-recalc-dims=\"1\" loading=\"lazy\" decoding=\"async\" class=\"size-full wp-image-24447 aligncenter\" src=\"https:\/\/i0.wp.com\/miradordeatarfe.es\/wp-content\/uploads\/2018\/06\/1.jpg?resize=300%2C237&#038;ssl=1\" alt=\"\" width=\"300\" height=\"237\" \/><\/a><\/p>\n<p align=\"JUSTIFY\"><span style=\"font-family: Calibri Light, serif;\"><span style=\"font-size: medium;\">Teniendo en cuenta la gran importancia de este tema, y con la finalidad de que esta informaci\u00f3n llegue al mayor n\u00famero de personas posible, <\/span><\/span><span style=\"font-family: Calibri Light, serif;\"><span style=\"font-size: medium;\"><b>hemos decidido adelantar la actividad prevista al mes de Junio.<\/b><\/span><\/span><\/p>\n<p><span style=\"font-family: Times New Roman, serif;\"><span style=\"font-size: medium;\"><span style=\"color: #ff0000;\"><span style=\"font-family: Calibri, serif;\"><span style=\"font-size: large;\"><b>CHARLA : \u201c\u00bbHEPATITIS Y TRASPLANTE HEP\u00c1TICO\u00bb<\/b><\/span><\/span><\/span><\/span><\/span><\/p>\n<p><span style=\"font-family: Times New Roman, serif;\"><span style=\"font-size: medium;\"><span style=\"font-family: Calibri, serif;\"><span style=\"font-size: large;\"><b>26 DE JUNIO A LAS 18:00 EN EL CENTRO CULTURAL MEDINA ELVIRA<\/b><\/span><\/span><\/span><\/span><\/p>\n<p>A CARGO DE M. RAFAEL GARRIDO GARC\u00cdA. M\u00e9dico trasplantado de h\u00edgado y presidente de ATHEGJ.(<span style=\"color: #2672ec;\"><i><b>Asociaci\u00f3n de Enfermos y Trasplantados Hep\u00e1ticos de Granada y Ja\u00e9n)<br \/>\n<\/b><\/i><\/span><a href=\"https:\/\/i0.wp.com\/miradordeatarfe.es\/wp-content\/uploads\/2018\/06\/2.jpg?ssl=1\"><img data-recalc-dims=\"1\" loading=\"lazy\" decoding=\"async\" class=\"size-full wp-image-24446 aligncenter\" src=\"https:\/\/i0.wp.com\/miradordeatarfe.es\/wp-content\/uploads\/2018\/06\/2.jpg?resize=354%2C500&#038;ssl=1\" alt=\"\" width=\"354\" height=\"500\" srcset=\"https:\/\/i0.wp.com\/miradordeatarfe.es\/wp-content\/uploads\/2018\/06\/2.jpg?w=354&amp;ssl=1 354w, https:\/\/i0.wp.com\/miradordeatarfe.es\/wp-content\/uploads\/2018\/06\/2.jpg?resize=212%2C300&amp;ssl=1 212w\" sizes=\"auto, (max-width: 354px) 100vw, 354px\" \/><\/a><a name=\"_GoBack\"><\/a><\/p>\n<p><a name=\"_GoBack\"><\/a><\/p>\n","protected":false},"excerpt":{"rendered":"<p>La celebraci\u00f3n del D\u00eda Mundial contra la Hepatitis, establecido por la OMS, tiene por objeto&#8230;<\/p>\n","protected":false},"author":1,"featured_media":24445,"comment_status":"closed","ping_status":"closed","sticky":false,"template":"","format":"standard","meta":{"_coblocks_attr":"","_coblocks_dimensions":"","_coblocks_responsive_height":"","_coblocks_accordion_ie_support":"","jetpack_post_was_ever_published":false,"_jetpack_newsletter_access":"","_jetpack_dont_email_post_to_subs":false,"_jetpack_newsletter_tier_id":0,"_jetpack_memberships_contains_paywalled_content":false,"_jetpack_memberships_contains_paid_content":false,"footnotes":"","jetpack_publicize_message":"","jetpack_publicize_feature_enabled":true,"jetpack_social_post_already_shared":false,"jetpack_social_options":{"image_generator_settings":{"template":"highway","default_image_id":0,"enabled":false},"version":2}},"categories":[2,1161,186,44,15,10],"tags":[5094,5093],"class_list":["post-24444","post","type-post","status-publish","format-standard","has-post-thumbnail","hentry","category-atarfe","category-ciudadania","category-instituciones","category-noticias-de-hoy","category-ultimas-noticias","category-salud","tag-hepatitis","tag-transplantes-hepaticos"],"jetpack_publicize_connections":[],"jetpack_featured_media_url":"https:\/\/i0.wp.com\/miradordeatarfe.es\/wp-content\/uploads\/2018\/06\/3.png?fit=389%2C346&ssl=1","jetpack_likes_enabled":true,"jetpack_sharing_enabled":true,"_links":{"self":[{"href":"https:\/\/miradordeatarfe.es\/index.php?rest_route=\/wp\/v2\/posts\/24444","targetHints":{"allow":["GET"]}}],"collection":[{"href":"https:\/\/miradordeatarfe.es\/index.php?rest_route=\/wp\/v2\/posts"}],"about":[{"href":"https:\/\/miradordeatarfe.es\/index.php?rest_route=\/wp\/v2\/types\/post"}],"author":[{"embeddable":true,"href":"https:\/\/miradordeatarfe.es\/index.php?rest_route=\/wp\/v2\/users\/1"}],"replies":[{"embeddable":true,"href":"https:\/\/miradordeatarfe.es\/index.php?rest_route=%2Fwp%2Fv2%2Fcomments&post=24444"}],"version-history":[{"count":1,"href":"https:\/\/miradordeatarfe.es\/index.php?rest_route=\/wp\/v2\/posts\/24444\/revisions"}],"predecessor-version":[{"id":24448,"href":"https:\/\/miradordeatarfe.es\/index.php?rest_route=\/wp\/v2\/posts\/24444\/revisions\/24448"}],"wp:featuredmedia":[{"embeddable":true,"href":"https:\/\/miradordeatarfe.es\/index.php?rest_route=\/wp\/v2\/media\/24445"}],"wp:attachment":[{"href":"https:\/\/miradordeatarfe.es\/index.php?rest_route=%2Fwp%2Fv2%2Fmedia&parent=24444"}],"wp:term":[{"taxonomy":"category","embeddable":true,"href":"https:\/\/miradordeatarfe.es\/index.php?rest_route=%2Fwp%2Fv2%2Fcategories&post=24444"},{"taxonomy":"post_tag","embeddable":true,"href":"https:\/\/miradordeatarfe.es\/index.php?rest_route=%2Fwp%2Fv2%2Ftags&post=24444"}],"curies":[{"name":"wp","href":"https:\/\/api.w.org\/{rel}","templated":true}]}}