{"id":24464,"date":"2018-06-14T10:17:27","date_gmt":"2018-06-14T08:17:27","guid":{"rendered":"http:\/\/miradordeatarfe.es\/?p=24464"},"modified":"2018-06-13T13:29:53","modified_gmt":"2018-06-13T11:29:53","slug":"atarfe-abierto-el-plazo-de-matricula-en-educacion-de-adultos-para-el-curso-que-viene","status":"publish","type":"post","link":"https:\/\/miradordeatarfe.es\/?p=24464","title":{"rendered":"ATARFE: ABIERTO EL PLAZO DE MATRICULA EN EDUCACI\u00d3N DE ADULTOS PARA EL CURSO QUE VIENE"},"content":{"rendered":"<p><span id=\"fbPhotoSnowliftCaption\" class=\"fbPhotosPhotoCaption\" tabindex=\"0\" aria-live=\"polite\" data-ft=\"{&quot;tn&quot;:&quot;K&quot;}\"><span class=\"hasCaption\">El SEPER Mariana Pineda abre el plazo de matr\u00edcula de sus planes educativos para el curso 2018\/2019, dirigido a adultos. En la imagen se detallan algunas de las materias que se imparten. La sede est\u00e1 en la calle Antonio Machado y el tel\u00e9fono de informaci\u00f3n es el 958436950.<br \/>\n<\/span><\/span><!--more--><\/p>\n<p>La Educaci\u00f3n Permanente para adultos en Andaluc\u00eda est\u00e1 estructurada en varias actuaciones, que tratan de cubrir las diferentes necesidades de los alumnos seg\u00fan su formaci\u00f3n o conocimientos previos y los objetivos que quieran alcanzar. En ATARFE est\u00e1s son las actuaciones educativas que se van a impartir:<\/p>\n<p>&nbsp;<\/p>\n<p><a href=\"https:\/\/i0.wp.com\/miradordeatarfe.es\/wp-content\/uploads\/2018\/06\/35114033_1813061562091039_4674264486499057664_n.jpg?ssl=1\"><img data-recalc-dims=\"1\" loading=\"lazy\" decoding=\"async\" class=\"size-full wp-image-24465 aligncenter\" src=\"https:\/\/i0.wp.com\/miradordeatarfe.es\/wp-content\/uploads\/2018\/06\/35114033_1813061562091039_4674264486499057664_n.jpg?resize=640%2C905&#038;ssl=1\" alt=\"\" width=\"640\" height=\"905\" srcset=\"https:\/\/i0.wp.com\/miradordeatarfe.es\/wp-content\/uploads\/2018\/06\/35114033_1813061562091039_4674264486499057664_n.jpg?w=679&amp;ssl=1 679w, https:\/\/i0.wp.com\/miradordeatarfe.es\/wp-content\/uploads\/2018\/06\/35114033_1813061562091039_4674264486499057664_n.jpg?resize=212%2C300&amp;ssl=1 212w, https:\/\/i0.wp.com\/miradordeatarfe.es\/wp-content\/uploads\/2018\/06\/35114033_1813061562091039_4674264486499057664_n.jpg?resize=600%2C848&amp;ssl=1 600w\" sizes=\"auto, (max-width: 640px) 100vw, 640px\" \/><\/a><\/p>\n","protected":false},"excerpt":{"rendered":"<p>El SEPER Mariana Pineda abre el plazo de matr\u00edcula de sus planes educativos para el&#8230;<\/p>\n","protected":false},"author":1,"featured_media":24466,"comment_status":"closed","ping_status":"closed","sticky":false,"template":"","format":"standard","meta":{"_coblocks_attr":"","_coblocks_dimensions":"","_coblocks_responsive_height":"","_coblocks_accordion_ie_support":"","jetpack_post_was_ever_published":false,"_jetpack_newsletter_access":"","_jetpack_dont_email_post_to_subs":false,"_jetpack_newsletter_tier_id":0,"_jetpack_memberships_contains_paywalled_content":false,"_jetpack_memberships_contains_paid_content":false,"footnotes":"","jetpack_publicize_message":"","jetpack_publicize_feature_enabled":true,"jetpack_social_post_already_shared":false,"jetpack_social_options":{"image_generator_settings":{"template":"highway","default_image_id":0,"enabled":false},"version":2}},"categories":[2,12,187,44,15],"tags":[81,5098,3838],"class_list":["post-24464","post","type-post","status-publish","format-standard","has-post-thumbnail","hentry","category-atarfe","category-cultura","category-centros-educativos","category-noticias-de-hoy","category-ultimas-noticias","tag-atarfe","tag-centros-de-adultos","tag-seper-mariana-pineda"],"jetpack_publicize_connections":[],"jetpack_featured_media_url":"https:\/\/i0.wp.com\/miradordeatarfe.es\/wp-content\/uploads\/2018\/06\/logoEP.png?fit=1355%2C883&ssl=1","jetpack_likes_enabled":true,"jetpack_sharing_enabled":true,"_links":{"self":[{"href":"https:\/\/miradordeatarfe.es\/index.php?rest_route=\/wp\/v2\/posts\/24464","targetHints":{"allow":["GET"]}}],"collection":[{"href":"https:\/\/miradordeatarfe.es\/index.php?rest_route=\/wp\/v2\/posts"}],"about":[{"href":"https:\/\/miradordeatarfe.es\/index.php?rest_route=\/wp\/v2\/types\/post"}],"author":[{"embeddable":true,"href":"https:\/\/miradordeatarfe.es\/index.php?rest_route=\/wp\/v2\/users\/1"}],"replies":[{"embeddable":true,"href":"https:\/\/miradordeatarfe.es\/index.php?rest_route=%2Fwp%2Fv2%2Fcomments&post=24464"}],"version-history":[{"count":1,"href":"https:\/\/miradordeatarfe.es\/index.php?rest_route=\/wp\/v2\/posts\/24464\/revisions"}],"predecessor-version":[{"id":24467,"href":"https:\/\/miradordeatarfe.es\/index.php?rest_route=\/wp\/v2\/posts\/24464\/revisions\/24467"}],"wp:featuredmedia":[{"embeddable":true,"href":"https:\/\/miradordeatarfe.es\/index.php?rest_route=\/wp\/v2\/media\/24466"}],"wp:attachment":[{"href":"https:\/\/miradordeatarfe.es\/index.php?rest_route=%2Fwp%2Fv2%2Fmedia&parent=24464"}],"wp:term":[{"taxonomy":"category","embeddable":true,"href":"https:\/\/miradordeatarfe.es\/index.php?rest_route=%2Fwp%2Fv2%2Fcategories&post=24464"},{"taxonomy":"post_tag","embeddable":true,"href":"https:\/\/miradordeatarfe.es\/index.php?rest_route=%2Fwp%2Fv2%2Ftags&post=24464"}],"curies":[{"name":"wp","href":"https:\/\/api.w.org\/{rel}","templated":true}]}}