{"id":24486,"date":"2018-06-14T07:59:54","date_gmt":"2018-06-14T05:59:54","guid":{"rendered":"http:\/\/miradordeatarfe.es\/?p=24486"},"modified":"2018-06-13T18:08:06","modified_gmt":"2018-06-13T16:08:06","slug":"la-ue-repartira-pases-de-interrail-entre-15-000-jovenes-para-viajar-gratis-por-europa","status":"publish","type":"post","link":"https:\/\/miradordeatarfe.es\/?p=24486","title":{"rendered":"La UE repartir\u00e1 pases de Interrail entre 15.000 j\u00f3venes para viajar gratis por Europa"},"content":{"rendered":"<h2 class=\"headline__subtitle\" style=\"text-align: justify;\">\u00bfTienes 18 a\u00f1os? Esto te interesa&#8230;<\/h2>\n<p style=\"text-align: justify;\"><!--more--><\/p>\n<p style=\"text-align: justify;\">Cerca de 15.000 j\u00f3venes de 18 a\u00f1os ser\u00e1n seleccionados para realizar viajes gratuitos por el continente europeo este verano. Todo ello gracias a una novedosa iniciativa financiada por la <a href=\"https:\/\/www.huffingtonpost.es\/news\/ue\/\" target=\"_blank\" rel=\"noopener\" data-rapid-elm=\"context_link\" data-ylk=\"elm:context_link\" data-rapid-sec=\"{&quot;entry-text&quot;:&quot;entry-text&quot;}\" data-rapid_p=\"1\" data-v9y=\"1\">Uni\u00f3n Europea<\/a> (UE), que busca que estos chicos conozcan Europa, seg\u00fan anunci\u00f3 este viernes el Ejecutivo comunitario.<\/p>\n<p style=\"text-align: justify;\">El proyecto recibe el nombre de \u00abDescubrir la UE\u00bb (<a href=\"https:\/\/twitter.com\/search?q=%23DiscoverEU&amp;src=tyah\" target=\"_blank\" rel=\"noopener\" data-rapid-elm=\"context_link\" data-ylk=\"elm:context_link\" data-rapid-sec=\"{&quot;entry-text&quot;:&quot;entry-text&quot;}\" data-rapid_p=\"2\" data-v9y=\"1\">DiscoverEU<\/a>) y ha recibido 12 millones de euros a modo de financiaci\u00f3n. Esta inversi\u00f3n dar\u00e1 lugar a que los j\u00f3venes puedan recorrer el continente para descubrir la herencia cultural, conocer a otros ciudadanos europeos, aprender otras culturas y \u00abdescubrir lo que une Europa\u00bb, seg\u00fan la Comunidad Europea. La iniciativa fue comunicada por la Comisi\u00f3n durante el pasado mes de marzo.<\/p>\n<p style=\"text-align: justify;\">\u00abDescubrir la UE\u00bb se basar\u00e1 en un pase de <a href=\"https:\/\/www.interrail.eu\/es\" target=\"_blank\" rel=\"noopener\" data-rapid-elm=\"context_link\" data-ylk=\"elm:context_link\" data-rapid-sec=\"{&quot;entry-text&quot;:&quot;entry-text&quot;}\" data-rapid_p=\"3\" data-v9y=\"1\">Interrail<\/a> para viajar en tren por Europa con el fin de \u00abfomentar la identidad europea, reforzar valores comunes y promover el descubrimiento de lugares y culturas europeas\u00bb.<\/p>\n<h3 style=\"text-align: justify;\">Las condiciones<\/h3>\n<p style=\"text-align: justify;\">Para participar, los interesados deben cumplir las siguientes condiciones<strong>: tener 18 a\u00f1os de cara al pr\u00f3ximo 1 de julio de 2018 y ser ciudadanos de la U<\/strong>E. Un jurado ser\u00e1 el encargado de elegir a los j\u00f3venes y podr\u00e1n viajar hasta 30 d\u00edas y visitar entre uno y cuatro destinos en la Uni\u00f3n. Adem\u00e1s, podr\u00e1n participar en los numerosos eventos organizados este a\u00f1o, con motivo del A\u00f1o Europeo del Patrimonio Cultural.<\/p>\n<p style=\"text-align: justify;\">Los interesados podr\u00e1n enviar su candidatura en un per\u00edodo de dos semanas, que comenzar\u00e1 en junio mediante el portal Juventud Europea (<a href=\"https:\/\/europa.eu\/youth\/EU_en\" target=\"_blank\" rel=\"noopener\" data-rapid-elm=\"context_link\" data-ylk=\"elm:context_link\" data-rapid-sec=\"{&quot;entry-text&quot;:&quot;entry-text&quot;}\" data-rapid_p=\"5\" data-v9y=\"1\">European Youth Portal<\/a>), indic\u00f3 la Comisi\u00f3n, que explic\u00f3 que una primera ronda servir\u00e1 para seleccionar a los 15.000 primeros viajeros. Despu\u00e9s, el jurado har\u00e1 la selecci\u00f3n final.<\/p>\n<p style=\"text-align: justify;\">En el segundo semestre de este a\u00f1o podr\u00eda llevarse a cabo una nueva ronda de solicitudes sobre la base del presupuesto restante y la respuesta de los participantes durante el verano. A mitad de mayo el portal Juventud Europea dar\u00e1 m\u00e1s detalles de este proyecto. El comisario europeo de Educaci\u00f3n, Cultura y Juventud, Tibor Navracsics, y el presidente del Partido Popular Europeo, el alem\u00e1n Manfred Weber, participaron hoy en una reuni\u00f3n sobre \u00abDescubre la UE\u00bb.<\/p>\n<p style=\"text-align: justify;\"><iframe loading=\"lazy\" id=\"jr5mNH1XnNU_1525463367609\" src=\"https:\/\/widget.smartycenter.com\/webservice\/directYoutube\/10249\/jr5mNH1XnNU\/600\/338?ap=0&amp;erv=0\" width=\"600\" height=\"338\" frameborder=\"0\" scrolling=\"no\" allowfullscreen=\"allowfullscreen\" data-mce-fragment=\"1\"><\/iframe><\/p>\n<blockquote>\n<p style=\"text-align: justify;\"><strong>TAMBI\u00c9N TE PUEDE INTERESAR<\/strong><\/p>\n<\/blockquote>\n","protected":false},"excerpt":{"rendered":"<p>\u00bfTienes 18 a\u00f1os? Esto te interesa&#8230;<\/p>\n","protected":false},"author":1,"featured_media":24487,"comment_status":"closed","ping_status":"closed","sticky":false,"template":"","format":"standard","meta":{"_coblocks_attr":"","_coblocks_dimensions":"","_coblocks_responsive_height":"","_coblocks_accordion_ie_support":"","jetpack_post_was_ever_published":false,"_jetpack_newsletter_access":"","_jetpack_dont_email_post_to_subs":false,"_jetpack_newsletter_tier_id":0,"_jetpack_memberships_contains_paywalled_content":false,"_jetpack_memberships_contains_paid_content":false,"footnotes":"","jetpack_publicize_message":"","jetpack_publicize_feature_enabled":true,"jetpack_social_post_already_shared":false,"jetpack_social_options":{"image_generator_settings":{"template":"highway","default_image_id":0,"enabled":false},"version":2}},"categories":[12,1161,44,15],"tags":[1053,5101],"class_list":["post-24486","post","type-post","status-publish","format-standard","has-post-thumbnail","hentry","category-cultura","category-ciudadania","category-noticias-de-hoy","category-ultimas-noticias","tag-europa","tag-interrail"],"jetpack_publicize_connections":[],"jetpack_featured_media_url":"https:\/\/i0.wp.com\/miradordeatarfe.es\/wp-content\/uploads\/2018\/06\/http-_o.aolcdn.com_hss_storage_midas_c911da698c722dc2c91bb541cea57d89_206348766_girl-at-a-train-station-picture-id845636754.jpg?fit=630%2C315&ssl=1","jetpack_likes_enabled":true,"jetpack_sharing_enabled":true,"_links":{"self":[{"href":"https:\/\/miradordeatarfe.es\/index.php?rest_route=\/wp\/v2\/posts\/24486","targetHints":{"allow":["GET"]}}],"collection":[{"href":"https:\/\/miradordeatarfe.es\/index.php?rest_route=\/wp\/v2\/posts"}],"about":[{"href":"https:\/\/miradordeatarfe.es\/index.php?rest_route=\/wp\/v2\/types\/post"}],"author":[{"embeddable":true,"href":"https:\/\/miradordeatarfe.es\/index.php?rest_route=\/wp\/v2\/users\/1"}],"replies":[{"embeddable":true,"href":"https:\/\/miradordeatarfe.es\/index.php?rest_route=%2Fwp%2Fv2%2Fcomments&post=24486"}],"version-history":[{"count":1,"href":"https:\/\/miradordeatarfe.es\/index.php?rest_route=\/wp\/v2\/posts\/24486\/revisions"}],"predecessor-version":[{"id":24488,"href":"https:\/\/miradordeatarfe.es\/index.php?rest_route=\/wp\/v2\/posts\/24486\/revisions\/24488"}],"wp:featuredmedia":[{"embeddable":true,"href":"https:\/\/miradordeatarfe.es\/index.php?rest_route=\/wp\/v2\/media\/24487"}],"wp:attachment":[{"href":"https:\/\/miradordeatarfe.es\/index.php?rest_route=%2Fwp%2Fv2%2Fmedia&parent=24486"}],"wp:term":[{"taxonomy":"category","embeddable":true,"href":"https:\/\/miradordeatarfe.es\/index.php?rest_route=%2Fwp%2Fv2%2Fcategories&post=24486"},{"taxonomy":"post_tag","embeddable":true,"href":"https:\/\/miradordeatarfe.es\/index.php?rest_route=%2Fwp%2Fv2%2Ftags&post=24486"}],"curies":[{"name":"wp","href":"https:\/\/api.w.org\/{rel}","templated":true}]}}