{"id":2449,"date":"2015-06-21T08:28:46","date_gmt":"2015-06-21T08:28:46","guid":{"rendered":"http:\/\/miradordeatarfe.es\/?p=2449"},"modified":"2015-06-22T10:06:53","modified_gmt":"2015-06-22T10:06:53","slug":"descubren-un-nuevo-tipo-de-cancer","status":"publish","type":"post","link":"https:\/\/miradordeatarfe.es\/?p=2449","title":{"rendered":"Descubren un nuevo tipo de c\u00e1ncer"},"content":{"rendered":"<p>Un equipo de cient\u00edficos de la Cl\u00ednica Mayo en Rochester (EEUU) ha logrado identificar <strong>una nueva forma de c\u00e1ncer de un tipo bastante raro<\/strong>. El nuevo tumor forma parte de los llamados <strong>sarcomas<\/strong>, o c\u00e1nceres que afectan un tejido conjuntivo del organismo, como los huesos o los m\u00fasculos, y que suelen ser poco frecuentes.<!--more--><\/p>\n<p>El nuevo tipo de c\u00e1ncer en cuesti\u00f3n se basa en dos genes inofensivos por s\u00ed mismos: <strong>PAX3 y MAML3<\/strong>. Sin embargo, el estudio, publicado en la revista <em>Nature Genetics<\/em>, explica que<strong> si estos dos genes se combinan<\/strong> durante un desajuste anormal de cromosomas, pero de car\u00e1cter recurrente, <strong>se vuelven tremendamente peligrosos<\/strong>. El resultado de la combinaci\u00f3n de ambos genes provoca una quimera gen\u00e9tica: un gen que est\u00e1 formado por la mitad de la estructura de cada uno y que causa el sarcoma sinonasal bifenot\u00edpico. Este tumor generalmente aparece en la nariz y puede infiltrarse al resto de la cara.<\/p>\n<p><strong>La investigaci\u00f3n se remonta a 1956<\/strong>, fecha en la que consta un registro de este nuevo tipo de c\u00e1ncer. Pero habr\u00eda que esperar hasta 2009 para que se identificara formalmente. Posteriormente, en 2012, los expertos publicaron su descubrimiento, definiendo una clase de tumor que no hab\u00eda sido descrita con anterioridad. Ahora, en 2014, se produce la comunicaci\u00f3n oficial a la comunidad cient\u00edfica de la estructura gen\u00e9tica y la firma molecular de este raro tipo de <strong>c\u00e1ncer que parece atacar a las mujeres un 75% m\u00e1s que a los hombres.<\/strong><\/p>\n<p>\u201cNuestros hallazgos tambi\u00e9n pueden conducir a una mejor comprensi\u00f3n del rabdomiosarcoma alveolar, una enfermedad pedi\u00e1trica para la que, por desgracia, no existe un tratamiento espec\u00edfico\u201d, afirma Jennifer Westendorf, coautora del estudio.<\/p>\n<p><a href=\"http:\/\/www.muyinteresante.es\/salud\/articulo\/descubren-un-nuevo-tipo-de-cancer-891402476825\">http:\/\/www.muyinteresante.es\/salud\/articulo\/descubren-un-nuevo-tipo-de-cancer-891402476825<\/a><\/p>\n","protected":false},"excerpt":{"rendered":"<p>Un equipo de cient\u00edficos de la Cl\u00ednica Mayo en Rochester (EEUU) ha logrado identificar una&#8230;<\/p>\n","protected":false},"author":1,"featured_media":2450,"comment_status":"closed","ping_status":"closed","sticky":false,"template":"","format":"standard","meta":{"_coblocks_attr":"","_coblocks_dimensions":"","_coblocks_responsive_height":"","_coblocks_accordion_ie_support":"","jetpack_post_was_ever_published":false,"_jetpack_newsletter_access":"","_jetpack_dont_email_post_to_subs":false,"_jetpack_newsletter_tier_id":0,"_jetpack_memberships_contains_paywalled_content":false,"_jetpack_memberships_contains_paid_content":false,"footnotes":"","jetpack_publicize_message":"","jetpack_publicize_feature_enabled":true,"jetpack_social_post_already_shared":false,"jetpack_social_options":{"image_generator_settings":{"template":"highway","default_image_id":0,"enabled":false},"version":2}},"categories":[9,15,10],"tags":[277],"class_list":["post-2449","post","type-post","status-publish","format-standard","has-post-thumbnail","hentry","category-medio-ambiente","category-ultimas-noticias","category-salud","tag-cancer"],"jetpack_publicize_connections":[],"jetpack_featured_media_url":"https:\/\/i0.wp.com\/miradordeatarfe.es\/wp-content\/uploads\/2015\/06\/nuevo-cancer.jpg?fit=600%2C462&ssl=1","jetpack_likes_enabled":true,"jetpack_sharing_enabled":true,"_links":{"self":[{"href":"https:\/\/miradordeatarfe.es\/index.php?rest_route=\/wp\/v2\/posts\/2449","targetHints":{"allow":["GET"]}}],"collection":[{"href":"https:\/\/miradordeatarfe.es\/index.php?rest_route=\/wp\/v2\/posts"}],"about":[{"href":"https:\/\/miradordeatarfe.es\/index.php?rest_route=\/wp\/v2\/types\/post"}],"author":[{"embeddable":true,"href":"https:\/\/miradordeatarfe.es\/index.php?rest_route=\/wp\/v2\/users\/1"}],"replies":[{"embeddable":true,"href":"https:\/\/miradordeatarfe.es\/index.php?rest_route=%2Fwp%2Fv2%2Fcomments&post=2449"}],"version-history":[{"count":1,"href":"https:\/\/miradordeatarfe.es\/index.php?rest_route=\/wp\/v2\/posts\/2449\/revisions"}],"predecessor-version":[{"id":2451,"href":"https:\/\/miradordeatarfe.es\/index.php?rest_route=\/wp\/v2\/posts\/2449\/revisions\/2451"}],"wp:featuredmedia":[{"embeddable":true,"href":"https:\/\/miradordeatarfe.es\/index.php?rest_route=\/wp\/v2\/media\/2450"}],"wp:attachment":[{"href":"https:\/\/miradordeatarfe.es\/index.php?rest_route=%2Fwp%2Fv2%2Fmedia&parent=2449"}],"wp:term":[{"taxonomy":"category","embeddable":true,"href":"https:\/\/miradordeatarfe.es\/index.php?rest_route=%2Fwp%2Fv2%2Fcategories&post=2449"},{"taxonomy":"post_tag","embeddable":true,"href":"https:\/\/miradordeatarfe.es\/index.php?rest_route=%2Fwp%2Fv2%2Ftags&post=2449"}],"curies":[{"name":"wp","href":"https:\/\/api.w.org\/{rel}","templated":true}]}}