{"id":24495,"date":"2018-06-14T12:00:56","date_gmt":"2018-06-14T10:00:56","guid":{"rendered":"http:\/\/miradordeatarfe.es\/?p=24495"},"modified":"2018-06-14T15:33:22","modified_gmt":"2018-06-14T13:33:22","slug":"pedro-duque-el-conocimiento-esta-en-nuestros-maestros","status":"publish","type":"post","link":"https:\/\/miradordeatarfe.es\/?p=24495","title":{"rendered":"Pedro Duque: \u00abEl conocimiento est\u00e1 en nuestros maestros\u00bbTAT GRANADA18"},"content":{"rendered":"<div class=\"voc-detail-header\">\n<p style=\"text-align: justify;\">El ministro de Ciencia record\u00f3 su \u00faltima estancia en Granada y subray\u00f3 el valor de la universidad en verificaci\u00f3n del conocimiento que circula por las redes sociales<\/p>\n<\/div>\n<p style=\"text-align: justify;\"><!--more--><\/p>\n<p style=\"text-align: justify;\">El ministro de Ciencia, Innovaci\u00f3n y Universidades, Pedro Duque, presidi\u00f3 la inauguraci\u00f3n de TAT Granada y dedic\u00f3 su exposici\u00f3n ante el p\u00fablico a poner de relieve e<strong>l papel de los maestros y de la universidad para comprobar la informaci\u00f3n que circula por las redes sociales.<\/strong><\/p>\n<p style=\"text-align: justify;\">\u00abTengo que hablar de mi antiguo vinculaci\u00f3n con la ciudad de Granada, cuando la visit\u00e9 con la tripulaci\u00f3n del Discovery. El presidente de EE UU, Bill Clinton, convenci\u00f3 a todos mis compa\u00f1eros de que hab\u00eda que venir a esta ciudad con el resto de astronautas. Est\u00e1 en nuestro recuerdo. Tambi\u00e9n me acuerdo de que en Granada descubr\u00ed que aqu\u00ed se pod\u00edan comer frutas del \u00e1rbol. Yo soy de un barrio de Madrid (risas). Granada ha evolucionado mucho. El Parque de las Ciencias estaba en obras y es fant\u00e1stico que se mantenga y se apoye, con su gran crecimiento\u00bb.<\/p>\n<p style=\"text-align: justify;\">NOTICIAS FALSAS: \u00abHablamos mucho de las noticias falsas. Pero tambi\u00e9n habr\u00eda que hablar de las afirmaciones falsas. Hemos ganado con Twitter y las redes en general. La informaci\u00f3n est\u00e1 al alcance de todos, pero antes ten\u00edamos la capacidad de aprender el conocimiento en escuelas y universidades. Hab\u00eda menos falsedades. Una forma ahora de encontrar la verdad es buscar la marca, pero tambi\u00e9n podemos usar a nuestros maestros en la universidad. Introducirlas en el debate de qu\u00e9 es verdad y qu\u00e9 no lo es. As\u00ed resolveremos muchos problemas.<\/p>\n<p style=\"text-align: justify;\">MENTIRAS EN REDES: \u00abSi buscas algo en Google es m\u00e1s f\u00e1cil encontrar una mentira que una verdad. Pero si preguntas a alguien que usa el m\u00e9todo cient\u00edfico empezaremos mejor. Desde el gobierno de Espa\u00f1a y el sistema estatal de conocimiento, animo a que se d\u00e9 m\u00e1s importancia a lo que transmiten nuestros maestros. Lo de si la Tierra es plana&#8230; Es un debate absurdo. \u00bfOcurri\u00f3 algo en el siglo XVI? Est\u00e1 en la historia. Tenemos que utilizar bien el conocimiento y convertiremos las redes en un lugar de comentario, pero sin salirnos de los hechos reales\u00bb.<\/p>\n<p style=\"text-align: justify;\"><a class=\"voc-author\" title=\"RAFAEL LAMELAS\" href=\"http:\/\/www.ideal.es\/autor\/rafael-lamelas-364.html\">RAFAEL LAMELAS<\/a><\/p>\n<p style=\"text-align: justify;\">http:\/\/www.ideal.es\/granada\/pedro-duque-conocimiento-20180614110507-nt.html<\/p>\n","protected":false},"excerpt":{"rendered":"<p>El ministro de Ciencia record\u00f3 su \u00faltima estancia en Granada y subray\u00f3 el valor de&#8230;<\/p>\n","protected":false},"author":1,"featured_media":24496,"comment_status":"closed","ping_status":"closed","sticky":false,"template":"","format":"standard","meta":{"_coblocks_attr":"","_coblocks_dimensions":"","_coblocks_responsive_height":"","_coblocks_accordion_ie_support":"","jetpack_post_was_ever_published":false,"_jetpack_newsletter_access":"","_jetpack_dont_email_post_to_subs":false,"_jetpack_newsletter_tier_id":0,"_jetpack_memberships_contains_paywalled_content":false,"_jetpack_memberships_contains_paid_content":false,"footnotes":"","jetpack_publicize_message":"","jetpack_publicize_feature_enabled":true,"jetpack_social_post_already_shared":false,"jetpack_social_options":{"image_generator_settings":{"template":"highway","default_image_id":0,"enabled":false},"version":2}},"categories":[12,1161,186,44,15],"tags":[946,5103,5104],"class_list":["post-24495","post","type-post","status-publish","format-standard","has-post-thumbnail","hentry","category-cultura","category-ciudadania","category-instituciones","category-noticias-de-hoy","category-ultimas-noticias","tag-ministro","tag-pedro-duque","tag-tat-granada18"],"jetpack_publicize_connections":[],"jetpack_featured_media_url":"https:\/\/i0.wp.com\/miradordeatarfe.es\/wp-content\/uploads\/2018\/06\/duque-kG9F-U6038336954TuE-624x385%40Ideal.jpg?fit=624%2C385&ssl=1","jetpack_likes_enabled":true,"jetpack_sharing_enabled":true,"_links":{"self":[{"href":"https:\/\/miradordeatarfe.es\/index.php?rest_route=\/wp\/v2\/posts\/24495","targetHints":{"allow":["GET"]}}],"collection":[{"href":"https:\/\/miradordeatarfe.es\/index.php?rest_route=\/wp\/v2\/posts"}],"about":[{"href":"https:\/\/miradordeatarfe.es\/index.php?rest_route=\/wp\/v2\/types\/post"}],"author":[{"embeddable":true,"href":"https:\/\/miradordeatarfe.es\/index.php?rest_route=\/wp\/v2\/users\/1"}],"replies":[{"embeddable":true,"href":"https:\/\/miradordeatarfe.es\/index.php?rest_route=%2Fwp%2Fv2%2Fcomments&post=24495"}],"version-history":[{"count":2,"href":"https:\/\/miradordeatarfe.es\/index.php?rest_route=\/wp\/v2\/posts\/24495\/revisions"}],"predecessor-version":[{"id":24501,"href":"https:\/\/miradordeatarfe.es\/index.php?rest_route=\/wp\/v2\/posts\/24495\/revisions\/24501"}],"wp:featuredmedia":[{"embeddable":true,"href":"https:\/\/miradordeatarfe.es\/index.php?rest_route=\/wp\/v2\/media\/24496"}],"wp:attachment":[{"href":"https:\/\/miradordeatarfe.es\/index.php?rest_route=%2Fwp%2Fv2%2Fmedia&parent=24495"}],"wp:term":[{"taxonomy":"category","embeddable":true,"href":"https:\/\/miradordeatarfe.es\/index.php?rest_route=%2Fwp%2Fv2%2Fcategories&post=24495"},{"taxonomy":"post_tag","embeddable":true,"href":"https:\/\/miradordeatarfe.es\/index.php?rest_route=%2Fwp%2Fv2%2Ftags&post=24495"}],"curies":[{"name":"wp","href":"https:\/\/api.w.org\/{rel}","templated":true}]}}