{"id":24527,"date":"2018-06-20T11:00:19","date_gmt":"2018-06-20T09:00:19","guid":{"rendered":"http:\/\/miradordeatarfe.es\/?p=24527"},"modified":"2020-06-26T12:54:27","modified_gmt":"2020-06-26T10:54:27","slug":"la-ciudad-de-elvira-por-jose-enrique-granados","status":"publish","type":"post","link":"https:\/\/miradordeatarfe.es\/?p=24527","title":{"rendered":"\u00abLOS  CIUDADANOS DE ELVIRA\u00bbpor Jos\u00e9 Enrique Granados"},"content":{"rendered":"<p>Extra\u00eddo del Siglo XI en primera persona, cap\u00edtulo II: Establecimiento de los Ziries en Elvira a petici\u00f3n de sus habitantes<em>.<!--more--><\/em><\/p>\n<p style=\"text-align: justify;\"><em>\u00abLa ciudad de Elvira, situada en una llanura, se hallaba poblada por sus gentes que no pod\u00edan sufrirse unas a otras, hasta el punto de que hab\u00eda persona que se hac\u00eda construir delante de su casa un oratorio y unos ba\u00f1os para no tropezarse con su vecino.<\/em><\/p>\n<p style=\"text-align: justify;\"><em>Por un lado, no quer\u00edan someterse a nadie ni aceptar las decisiones de un gobernador; pero, de otra parte, eran las gentes m\u00e1s cobardes del mundo, y tem\u00edan por la suerte de su ciudad, ya que eran incapaces de hacer la guerra <\/em><span class=\"text_exposed_show\"><em>a nadie, aunque fuese a las moscas, de no ser asistidos por milicias (extranjeras) que los protegieran y defendieran. Viendo los conflictos que hab\u00edan surgido entre los principados de Al-\u00c1ndalus, as\u00ed como el fuego que los devoraba, y temiendo ser v\u00edctimas de alg\u00fan golpe de mano, enviaron al mencionado Zawi mensajeros que le expusiesen la cr\u00edtica situaci\u00f3n en que se hallaban con estos t\u00e9rminos: \u201csi antes de hoy vinisteis para hacer la guerra santa, nunca tendr\u00e9is mejor ocasi\u00f3n que \u00e9sta de ahora, pues no os faltan almas que devolver a la vida, casa que defender y honra que ganar. Dispuestos estamos a asociarnos a vosotros con nuestras personas y bienes, de tal suerte, que nosotros podremos el dinero y la residencia, a cambio de que nos protej\u00e1is y defend\u00e1is\u201d<\/em><\/span><\/p>\n<div class=\"text_exposed_show\">\n<p>P\u00e9simo estado de conservaci\u00f3n en el que se encuentra el hito informativo sobre Medina Elvira. Creo que mejor es que no hubiera ninguno\u2026\u2026.<\/p>\n<p><a href=\"https:\/\/i0.wp.com\/miradordeatarfe.es\/wp-content\/uploads\/2018\/06\/33566045_1765194216899919_5166598344281161728_n.jpg?ssl=1\"><img data-recalc-dims=\"1\" loading=\"lazy\" decoding=\"async\" class=\"size-full wp-image-24528 aligncenter\" src=\"https:\/\/i0.wp.com\/miradordeatarfe.es\/wp-content\/uploads\/2018\/06\/33566045_1765194216899919_5166598344281161728_n.jpg?resize=599%2C960&#038;ssl=1\" alt=\"\" width=\"599\" height=\"960\" srcset=\"https:\/\/i0.wp.com\/miradordeatarfe.es\/wp-content\/uploads\/2018\/06\/33566045_1765194216899919_5166598344281161728_n.jpg?w=599&amp;ssl=1 599w, https:\/\/i0.wp.com\/miradordeatarfe.es\/wp-content\/uploads\/2018\/06\/33566045_1765194216899919_5166598344281161728_n.jpg?resize=187%2C300&amp;ssl=1 187w\" sizes=\"auto, (max-width: 599px) 100vw, 599px\" \/><\/a><\/p>\n<p>Curiosidades elvirenses.<\/p>\n<\/div>\n","protected":false},"excerpt":{"rendered":"<p>Extra\u00eddo del Siglo XI en primera persona, cap\u00edtulo II: Establecimiento de los Ziries en Elvira&#8230;<\/p>\n","protected":false},"author":1,"featured_media":24529,"comment_status":"closed","ping_status":"closed","sticky":false,"template":"","format":"standard","meta":{"_coblocks_attr":"","_coblocks_dimensions":"","_coblocks_responsive_height":"","_coblocks_accordion_ie_support":"","jetpack_post_was_ever_published":false,"_jetpack_newsletter_access":"","_jetpack_dont_email_post_to_subs":false,"_jetpack_newsletter_tier_id":0,"_jetpack_memberships_contains_paywalled_content":false,"_jetpack_memberships_contains_paid_content":false,"footnotes":"","jetpack_publicize_message":"","jetpack_publicize_feature_enabled":true,"jetpack_social_post_already_shared":false,"jetpack_social_options":{"image_generator_settings":{"template":"highway","default_image_id":0,"enabled":false},"version":2}},"categories":[2,1225,186,38,44,15],"tags":[1125,79,5112],"class_list":["post-24527","post","type-post","status-publish","format-standard","has-post-thumbnail","hentry","category-atarfe","category-ha-de-atarfe","category-instituciones","category-opinion-de-jose-enrique-granados","category-noticias-de-hoy","category-ultimas-noticias","tag-historia","tag-medina-elvira","tag-monolito"],"jetpack_publicize_connections":[],"jetpack_featured_media_url":"https:\/\/i0.wp.com\/miradordeatarfe.es\/wp-content\/uploads\/2018\/06\/medina-elvira-3.jpg?fit=627%2C600&ssl=1","jetpack_likes_enabled":true,"jetpack_sharing_enabled":true,"_links":{"self":[{"href":"https:\/\/miradordeatarfe.es\/index.php?rest_route=\/wp\/v2\/posts\/24527","targetHints":{"allow":["GET"]}}],"collection":[{"href":"https:\/\/miradordeatarfe.es\/index.php?rest_route=\/wp\/v2\/posts"}],"about":[{"href":"https:\/\/miradordeatarfe.es\/index.php?rest_route=\/wp\/v2\/types\/post"}],"author":[{"embeddable":true,"href":"https:\/\/miradordeatarfe.es\/index.php?rest_route=\/wp\/v2\/users\/1"}],"replies":[{"embeddable":true,"href":"https:\/\/miradordeatarfe.es\/index.php?rest_route=%2Fwp%2Fv2%2Fcomments&post=24527"}],"version-history":[{"count":3,"href":"https:\/\/miradordeatarfe.es\/index.php?rest_route=\/wp\/v2\/posts\/24527\/revisions"}],"predecessor-version":[{"id":36383,"href":"https:\/\/miradordeatarfe.es\/index.php?rest_route=\/wp\/v2\/posts\/24527\/revisions\/36383"}],"wp:featuredmedia":[{"embeddable":true,"href":"https:\/\/miradordeatarfe.es\/index.php?rest_route=\/wp\/v2\/media\/24529"}],"wp:attachment":[{"href":"https:\/\/miradordeatarfe.es\/index.php?rest_route=%2Fwp%2Fv2%2Fmedia&parent=24527"}],"wp:term":[{"taxonomy":"category","embeddable":true,"href":"https:\/\/miradordeatarfe.es\/index.php?rest_route=%2Fwp%2Fv2%2Fcategories&post=24527"},{"taxonomy":"post_tag","embeddable":true,"href":"https:\/\/miradordeatarfe.es\/index.php?rest_route=%2Fwp%2Fv2%2Ftags&post=24527"}],"curies":[{"name":"wp","href":"https:\/\/api.w.org\/{rel}","templated":true}]}}