{"id":24557,"date":"2018-06-20T08:20:29","date_gmt":"2018-06-20T06:20:29","guid":{"rendered":"http:\/\/miradordeatarfe.es\/?p=24557"},"modified":"2018-06-18T11:25:57","modified_gmt":"2018-06-18T09:25:57","slug":"sofia-del-prado-la-miss-que-alzo-la-voz-contra-el-bullying","status":"publish","type":"post","link":"https:\/\/miradordeatarfe.es\/?p=24557","title":{"rendered":"Sof\u00eda del Prado, la miss que alz\u00f3 la voz contra el bullying"},"content":{"rendered":"<div class=\"voc-detail-header\">\n<figure class=\"voc-main-figure \" style=\"text-align: justify;\">\n<div class=\"voc-height-auto\">Sof\u00eda del Prado es un altavoz contra el acoso escolar. En la segunda jornada de TATGranada ha relatado su experiencia: desde las <strong>burlas que sufr\u00eda hasta que logr\u00f3 el titulo de Miss Universo Espa\u00f1a 2017 y decidi\u00f3 aprovecharlo para difundir un mensaje contra el bullying.<\/strong><\/div>\n<\/figure>\n<\/div>\n<p><!--more--><\/p>\n<p style=\"text-align: justify;\">En la charla con el presentador, I\u00f1aki Cano, ha reconocido que \u00abha sido un camino duro\u00bb. \u00abHe utilizado ese t\u00edtulo de forma positiva para contar mi experiencia. Sufr\u00ed acoso escolar, sufr\u00ed bullying y tom\u00e9 consciencia\u00bb. Pero \u00abse sale adelante, se puede superar, puedes luchar por tus sue\u00f1os y trabajar por ello\u00bb.<\/p>\n<div class=\"teads-inread sm-screen\" style=\"text-align: justify;\">\n<div><\/div>\n<\/div>\n<p style=\"text-align: justify;\">Sus compa\u00f1eros tomaron como excusa la altura para burlarse de ella, no s\u00f3lo en el colegio: tambi\u00e9n en la \u00e9poca de instituto. \u00abEra t\u00edmida y me hicieron a\u00fan m\u00e1s t\u00edmida\u00bb, ha afirmado. Luego llegaron otros insultos, \u00abte dejan sola, la toman contigo porque te ven d\u00e9bil, ven que no te defiendes, y te van haciendo m\u00e1s peque\u00f1a. Hemos visto casos extremos y situaciones que han llegado incluso al suicidio de estos ni\u00f1os\u00bb.<\/p>\n<p style=\"text-align: justify;\">Ella descubri\u00f3 el baloncesto como v\u00eda de escape, para conocer gente y enfrentarse al acoso. A d\u00eda de hoy, las componentes de su equipo siguen siendo sus amigas. A trav\u00e9s de charlas en colegios, o en las redes sociales, entre ellas Twitter, Sof\u00eda del Prado ha relatado su experiencia para que ni\u00f1os y j\u00f3venes de toda Espa\u00f1a terminen con esa lacra que es el acoso escolar.<\/p>\n<p>Javier Morales<\/p>\n<p><a href=\"http:\/\/www.ideal.es\/autor\/javier-morales-1518.html\">http:\/\/www.ideal.es\/autor\/javier-morales-1518.html<\/a><\/p>\n<p>FOTO:\u00a0<span class=\"voc-photo-author\">RAM\u00d3N L. P\u00c9REZ\u00a0Miss Universo Espa\u00f1a 2017 ha relatado en TATGranada su experiencia con el acoso escolar y c\u00f3mo lo supero<\/span><\/p>\n","protected":false},"excerpt":{"rendered":"<p>Sof\u00eda del Prado es un altavoz contra el acoso escolar. En la segunda jornada de&#8230;<\/p>\n","protected":false},"author":1,"featured_media":24558,"comment_status":"closed","ping_status":"closed","sticky":false,"template":"","format":"standard","meta":{"_coblocks_attr":"","_coblocks_dimensions":"","_coblocks_responsive_height":"","_coblocks_accordion_ie_support":"","jetpack_post_was_ever_published":false,"_jetpack_newsletter_access":"","_jetpack_dont_email_post_to_subs":false,"_jetpack_newsletter_tier_id":0,"_jetpack_memberships_contains_paywalled_content":false,"_jetpack_memberships_contains_paid_content":false,"footnotes":"","jetpack_publicize_message":"","jetpack_publicize_feature_enabled":true,"jetpack_social_post_already_shared":false,"jetpack_social_options":{"image_generator_settings":{"template":"highway","default_image_id":0,"enabled":false},"version":2}},"categories":[1161,182,186,44,15,10],"tags":[3006,5117,125],"class_list":["post-24557","post","type-post","status-publish","format-standard","has-post-thumbnail","hentry","category-ciudadania","category-deportes","category-instituciones","category-noticias-de-hoy","category-ultimas-noticias","category-salud","tag-bullying","tag-sofia-del-prado","tag-twitter"],"jetpack_publicize_connections":[],"jetpack_featured_media_url":"https:\/\/i0.wp.com\/miradordeatarfe.es\/wp-content\/uploads\/2018\/06\/sofia-prado-1-kxB-U6050408199xvD-624x385%40Ideal.jpg?fit=623%2C385&ssl=1","jetpack_likes_enabled":true,"jetpack_sharing_enabled":true,"_links":{"self":[{"href":"https:\/\/miradordeatarfe.es\/index.php?rest_route=\/wp\/v2\/posts\/24557","targetHints":{"allow":["GET"]}}],"collection":[{"href":"https:\/\/miradordeatarfe.es\/index.php?rest_route=\/wp\/v2\/posts"}],"about":[{"href":"https:\/\/miradordeatarfe.es\/index.php?rest_route=\/wp\/v2\/types\/post"}],"author":[{"embeddable":true,"href":"https:\/\/miradordeatarfe.es\/index.php?rest_route=\/wp\/v2\/users\/1"}],"replies":[{"embeddable":true,"href":"https:\/\/miradordeatarfe.es\/index.php?rest_route=%2Fwp%2Fv2%2Fcomments&post=24557"}],"version-history":[{"count":2,"href":"https:\/\/miradordeatarfe.es\/index.php?rest_route=\/wp\/v2\/posts\/24557\/revisions"}],"predecessor-version":[{"id":24560,"href":"https:\/\/miradordeatarfe.es\/index.php?rest_route=\/wp\/v2\/posts\/24557\/revisions\/24560"}],"wp:featuredmedia":[{"embeddable":true,"href":"https:\/\/miradordeatarfe.es\/index.php?rest_route=\/wp\/v2\/media\/24558"}],"wp:attachment":[{"href":"https:\/\/miradordeatarfe.es\/index.php?rest_route=%2Fwp%2Fv2%2Fmedia&parent=24557"}],"wp:term":[{"taxonomy":"category","embeddable":true,"href":"https:\/\/miradordeatarfe.es\/index.php?rest_route=%2Fwp%2Fv2%2Fcategories&post=24557"},{"taxonomy":"post_tag","embeddable":true,"href":"https:\/\/miradordeatarfe.es\/index.php?rest_route=%2Fwp%2Fv2%2Ftags&post=24557"}],"curies":[{"name":"wp","href":"https:\/\/api.w.org\/{rel}","templated":true}]}}