{"id":24576,"date":"2018-06-20T10:24:03","date_gmt":"2018-06-20T08:24:03","guid":{"rendered":"http:\/\/miradordeatarfe.es\/?p=24576"},"modified":"2018-06-18T18:30:09","modified_gmt":"2018-06-18T16:30:09","slug":"pioneros-por-almudena-grandes","status":"publish","type":"post","link":"https:\/\/miradordeatarfe.es\/?p=24576","title":{"rendered":"\u00abPioneros\u00bb por Almudena Grandes"},"content":{"rendered":"<p class=\"articulo-subtitulo\" style=\"text-align: justify;\">Para la normalizaci\u00f3n de nuestro pa\u00eds es imprescindible una derecha democr\u00e1tica y responsable, que renuncie el revanchismo<!--more--><\/p>\n<p style=\"text-align: justify;\">Ya se sabe que la mejor arma electoral posible es el Gobierno. Y que 84 diputados son muy pocos. Y que S\u00e1nchez perder\u00e1 m\u00e1s votaciones en el Congreso de las que a \u00e9l, y a m\u00ed, nos gustar\u00eda. Y que la mayor\u00eda popular en el Senado le har\u00e1 la vida imposible.<\/p>\n<p style=\"text-align: justify;\">Pero ni siquiera eso puede empa\u00f1ar lo que han significado dos semanas escasas de un Gobierno socialista que ha restaurado la sanidad universal, ha acogido a los refugiados del <em>Aquarius<\/em> y ha prometido, entre otras cosas, eliminar las concertinas, rebajar el IVA cultural, derogar los aspectos m\u00e1s lesivos de la reforma laboral, suprimir las medallas de los torturadores franquistas y ajustar las pensiones al IPC. Porque el Gobierno podr\u00e1 hacer todo lo que se propone o no, pero al anunciar estas reformas no se ha hundido la Bolsa, ni se han re\u00eddo en Bruselas, ni el BCE lo ha sancionado, ni la patronal est\u00e1 en pie de guerra. Al contrario, nos hemos enterado de que la Guardia Civil es muy partidaria de eliminar las concertinas.<\/p>\n<p style=\"text-align: justify;\">M\u00e1s all\u00e1 de la flagrante evidencia de que los recortes del PP se basaban en una agenda pol\u00edtica privatizadora y neoliberal, y no en una necesidad imprescindible para nuestra supervivencia, la satisfacci\u00f3n que me inspiran estas medidas viene envuelta en una amarga nostalgia anticipada. Ojal\u00e1 me equivoque, pero entre las anomal\u00edas de la democracia espa\u00f1ola est\u00e1 la maldici\u00f3n de los pioneros, obligados una y otra vez a subir siempre la misma cuesta, como si el progreso estuviera condenado a permanecer eternamente en estado gaseoso, sin conquistar jam\u00e1s la solidez. Para la normalizaci\u00f3n de nuestro pa\u00eds es imprescindible una derecha democr\u00e1tica y responsable, que renuncie al revanchismo. El problema es que no se divisa ninguna en el horizonte.<\/p>\n<div id=\"elpais_gpt-INTEXT\" style=\"text-align: justify;\" data-google-query-id=\"CM6NuPHP3dsCFUV00wodGgcPLQ\">\n<div id=\"google_ads_iframe_\/7811748\/elpais_web\/opinion\/intext_0__container__\"><a href=\"https:\/\/elpais.com\/elpais\/2018\/06\/16\/opinion\/1529161392_930329.html\">https:\/\/elpais.com\/elpais\/2018\/06\/16\/opinion\/1529161392_930329.html<\/a><\/div>\n<\/div>\n<p class=\"siguenos_opinion\" style=\"text-align: justify;\">\n","protected":false},"excerpt":{"rendered":"<p>Para la normalizaci\u00f3n de nuestro pa\u00eds es imprescindible una derecha democr\u00e1tica y responsable, que renuncie&#8230;<\/p>\n","protected":false},"author":1,"featured_media":24577,"comment_status":"closed","ping_status":"closed","sticky":false,"template":"","format":"standard","meta":{"_coblocks_attr":"","_coblocks_dimensions":"","_coblocks_responsive_height":"","_coblocks_accordion_ie_support":"","jetpack_post_was_ever_published":false,"_jetpack_newsletter_access":"","_jetpack_dont_email_post_to_subs":false,"_jetpack_newsletter_tier_id":0,"_jetpack_memberships_contains_paywalled_content":false,"_jetpack_memberships_contains_paid_content":false,"footnotes":"","jetpack_publicize_message":"","jetpack_publicize_feature_enabled":true,"jetpack_social_post_already_shared":false,"jetpack_social_options":{"image_generator_settings":{"template":"highway","default_image_id":0,"enabled":false},"version":2}},"categories":[1161,186,44,15],"tags":[845,3020,42],"class_list":["post-24576","post","type-post","status-publish","format-standard","has-post-thumbnail","hentry","category-ciudadania","category-instituciones","category-noticias-de-hoy","category-ultimas-noticias","tag-gobierno","tag-pedro-sanchez","tag-politica"],"jetpack_publicize_connections":[],"jetpack_featured_media_url":"https:\/\/i0.wp.com\/miradordeatarfe.es\/wp-content\/uploads\/2018\/06\/1529161392_930329_1529170657_noticia_normal_recorte1.jpg?fit=1960%2C1104&ssl=1","jetpack_likes_enabled":true,"jetpack_sharing_enabled":true,"_links":{"self":[{"href":"https:\/\/miradordeatarfe.es\/index.php?rest_route=\/wp\/v2\/posts\/24576","targetHints":{"allow":["GET"]}}],"collection":[{"href":"https:\/\/miradordeatarfe.es\/index.php?rest_route=\/wp\/v2\/posts"}],"about":[{"href":"https:\/\/miradordeatarfe.es\/index.php?rest_route=\/wp\/v2\/types\/post"}],"author":[{"embeddable":true,"href":"https:\/\/miradordeatarfe.es\/index.php?rest_route=\/wp\/v2\/users\/1"}],"replies":[{"embeddable":true,"href":"https:\/\/miradordeatarfe.es\/index.php?rest_route=%2Fwp%2Fv2%2Fcomments&post=24576"}],"version-history":[{"count":3,"href":"https:\/\/miradordeatarfe.es\/index.php?rest_route=\/wp\/v2\/posts\/24576\/revisions"}],"predecessor-version":[{"id":24580,"href":"https:\/\/miradordeatarfe.es\/index.php?rest_route=\/wp\/v2\/posts\/24576\/revisions\/24580"}],"wp:featuredmedia":[{"embeddable":true,"href":"https:\/\/miradordeatarfe.es\/index.php?rest_route=\/wp\/v2\/media\/24577"}],"wp:attachment":[{"href":"https:\/\/miradordeatarfe.es\/index.php?rest_route=%2Fwp%2Fv2%2Fmedia&parent=24576"}],"wp:term":[{"taxonomy":"category","embeddable":true,"href":"https:\/\/miradordeatarfe.es\/index.php?rest_route=%2Fwp%2Fv2%2Fcategories&post=24576"},{"taxonomy":"post_tag","embeddable":true,"href":"https:\/\/miradordeatarfe.es\/index.php?rest_route=%2Fwp%2Fv2%2Ftags&post=24576"}],"curies":[{"name":"wp","href":"https:\/\/api.w.org\/{rel}","templated":true}]}}