{"id":24633,"date":"2018-06-22T11:00:13","date_gmt":"2018-06-22T09:00:13","guid":{"rendered":"http:\/\/miradordeatarfe.es\/?p=24633"},"modified":"2018-06-20T18:58:08","modified_gmt":"2018-06-20T16:58:08","slug":"atarfe-exposicion-fin-de-curso-de-la-asociacion-artistica-y-cultural-ciudad-atarfe","status":"publish","type":"post","link":"https:\/\/miradordeatarfe.es\/?p=24633","title":{"rendered":"ATARFE: EXPOSICI\u00d3N FIN DE CURSO DE LA ASOCIACI\u00d3N ARTISTICA Y CULTURAL CIUDAD ATARFE"},"content":{"rendered":"<p>La muestra de pintura, manualidades y restauraci\u00f3n permanece abierta hasta final de mes en el <a class=\"profileLink\" href=\"https:\/\/www.facebook.com\/CentroCulturalMedinaElvira\/?fref=mentions\" data-hovercard=\"\/ajax\/hovercard\/page.php?id=579830115369795&amp;extragetparams=%7B%22fref%22%3A%22mentions%22%7D\" data-hovercard-prefer-more-content-show=\"1\">Centro Cultural Medina Elvira<\/a> en horario de ma\u00f1ana y tarde que pod\u00e9is consultar en el cartel que se adjunta. Muchos de los trabajos os sorprender\u00e1n.<!--more--><\/p>\n<p><a href=\"https:\/\/i0.wp.com\/miradordeatarfe.es\/wp-content\/uploads\/2018\/06\/35737667_1823923101004885_7977363408234217472_n.jpg?ssl=1\"><img data-recalc-dims=\"1\" loading=\"lazy\" decoding=\"async\" class=\"size-full wp-image-24634 aligncenter\" src=\"https:\/\/i0.wp.com\/miradordeatarfe.es\/wp-content\/uploads\/2018\/06\/35737667_1823923101004885_7977363408234217472_n.jpg?resize=640%2C906&#038;ssl=1\" alt=\"\" width=\"640\" height=\"906\" srcset=\"https:\/\/i0.wp.com\/miradordeatarfe.es\/wp-content\/uploads\/2018\/06\/35737667_1823923101004885_7977363408234217472_n.jpg?w=678&amp;ssl=1 678w, https:\/\/i0.wp.com\/miradordeatarfe.es\/wp-content\/uploads\/2018\/06\/35737667_1823923101004885_7977363408234217472_n.jpg?resize=212%2C300&amp;ssl=1 212w, https:\/\/i0.wp.com\/miradordeatarfe.es\/wp-content\/uploads\/2018\/06\/35737667_1823923101004885_7977363408234217472_n.jpg?resize=600%2C850&amp;ssl=1 600w\" sizes=\"auto, (max-width: 640px) 100vw, 640px\" \/><\/a><\/p>\n","protected":false},"excerpt":{"rendered":"<p>La muestra de pintura, manualidades y restauraci\u00f3n permanece abierta hasta final de mes en el&#8230;<\/p>\n","protected":false},"author":1,"featured_media":24635,"comment_status":"closed","ping_status":"closed","sticky":false,"template":"","format":"standard","meta":{"_coblocks_attr":"","_coblocks_dimensions":"","_coblocks_responsive_height":"","_coblocks_accordion_ie_support":"","jetpack_post_was_ever_published":false,"_jetpack_newsletter_access":"","_jetpack_dont_email_post_to_subs":false,"_jetpack_newsletter_tier_id":0,"_jetpack_memberships_contains_paywalled_content":false,"_jetpack_memberships_contains_paid_content":false,"footnotes":"","jetpack_publicize_message":"","jetpack_publicize_feature_enabled":true,"jetpack_social_post_already_shared":false,"jetpack_social_options":{"image_generator_settings":{"template":"highway","default_image_id":0,"enabled":false},"version":2}},"categories":[2,12,186,44,15],"tags":[5127,2693,248],"class_list":["post-24633","post","type-post","status-publish","format-standard","has-post-thumbnail","hentry","category-atarfe","category-cultura","category-instituciones","category-noticias-de-hoy","category-ultimas-noticias","tag-manualidades","tag-restauracion","tag-talleres"],"jetpack_publicize_connections":[],"jetpack_featured_media_url":"https:\/\/i0.wp.com\/miradordeatarfe.es\/wp-content\/uploads\/2018\/06\/oferta-de-cursos-y-talleres.png?fit=637%2C380&ssl=1","jetpack_likes_enabled":true,"jetpack_sharing_enabled":true,"_links":{"self":[{"href":"https:\/\/miradordeatarfe.es\/index.php?rest_route=\/wp\/v2\/posts\/24633","targetHints":{"allow":["GET"]}}],"collection":[{"href":"https:\/\/miradordeatarfe.es\/index.php?rest_route=\/wp\/v2\/posts"}],"about":[{"href":"https:\/\/miradordeatarfe.es\/index.php?rest_route=\/wp\/v2\/types\/post"}],"author":[{"embeddable":true,"href":"https:\/\/miradordeatarfe.es\/index.php?rest_route=\/wp\/v2\/users\/1"}],"replies":[{"embeddable":true,"href":"https:\/\/miradordeatarfe.es\/index.php?rest_route=%2Fwp%2Fv2%2Fcomments&post=24633"}],"version-history":[{"count":1,"href":"https:\/\/miradordeatarfe.es\/index.php?rest_route=\/wp\/v2\/posts\/24633\/revisions"}],"predecessor-version":[{"id":24636,"href":"https:\/\/miradordeatarfe.es\/index.php?rest_route=\/wp\/v2\/posts\/24633\/revisions\/24636"}],"wp:featuredmedia":[{"embeddable":true,"href":"https:\/\/miradordeatarfe.es\/index.php?rest_route=\/wp\/v2\/media\/24635"}],"wp:attachment":[{"href":"https:\/\/miradordeatarfe.es\/index.php?rest_route=%2Fwp%2Fv2%2Fmedia&parent=24633"}],"wp:term":[{"taxonomy":"category","embeddable":true,"href":"https:\/\/miradordeatarfe.es\/index.php?rest_route=%2Fwp%2Fv2%2Fcategories&post=24633"},{"taxonomy":"post_tag","embeddable":true,"href":"https:\/\/miradordeatarfe.es\/index.php?rest_route=%2Fwp%2Fv2%2Ftags&post=24633"}],"curies":[{"name":"wp","href":"https:\/\/api.w.org\/{rel}","templated":true}]}}