{"id":24648,"date":"2018-06-21T09:11:09","date_gmt":"2018-06-21T07:11:09","guid":{"rendered":"http:\/\/miradordeatarfe.es\/?p=24648"},"modified":"2018-06-20T19:14:22","modified_gmt":"2018-06-20T17:14:22","slug":"el-enigma-de-las-bases-del-pp-por-inaki-gabilondo","status":"publish","type":"post","link":"https:\/\/miradordeatarfe.es\/?p=24648","title":{"rendered":"\u00abEl enigma de las bases del PP\u00bb por I\u00f1aki Gabilondo"},"content":{"rendered":"<div class=\"cnt-multimedia estirar\">\n<div id=\"multimediaPlayer_1529478188\" class=\"cnt-youtube\" data-hj-ignore-attributes=\"\">\n<p style=\"text-align: justify;\">Lo ignoramos todo sobre el pensamiento de una militancia numeros\u00edsima cuya voz no hemos o\u00eddo nunca salvo para aclamar y que, por primera vez, va a ser decisiva<\/p>\n<\/div>\n<\/div>\n<p style=\"text-align: justify;\"><!--more--><\/p>\n<aside class=\"ssnn estirar\"><\/aside>\n<div class=\"cnt-izq\">\n<div class=\"cnt-body\">\n<div id=\"cuerpo_noticia_r\" class=\"cuerpo\" style=\"text-align: justify;\">\n<p>La decisi\u00f3n de <strong>Rajoy<\/strong> de irse sin designar sucesor ha obligado al PP a v\u00e9rselas con una asignatura que ten\u00eda colgada desde primero de carrera: la <strong>democracia interna<\/strong>. El no de <strong>N\u00fa\u00f1ez Feij\u00f3o<\/strong> acab\u00f3 con la esperanza de prolongar la tradici\u00f3n del dulce sometimiento sin debates ni disputas y ahora los populares padecen los temblores que <strong>Erich Fromm<\/strong> escribi\u00f3 en \u2018<em>El miedo a la libertad<\/em>\u2019. En efecto, como si quisiera dar la raz\u00f3n al fil\u00f3sofo alem\u00e1n, <strong>el primer movimiento del PP en su nuevo tiempo lo marc\u00f3 el miedo<\/strong>. El miedo de Feij\u00f3o a perder un confortable \u201cp\u00e1jaro en mano\u201d en Galicia a cambio de \u201cun ciento volando\u201d lleno de incertidumbres en Madrid. Y ahora toma el relevo otro miedo, el que inspira la batalla <strong>Soraya S\u00e1enz de Santamar\u00eda &#8211; Mar\u00eda Dolores de Cospedal<\/strong>, por si desgarra las costuras del partido.<\/p>\n<p>Veremos si a la luz del d\u00eda este enconad\u00edsimo enfrentamiento subterr\u00e1neo es algo de sustancia ideol\u00f3gica, entre conservadurismo y liberalismo, tiene algo de diferentes modelos de partido, o es simple lucha por el poder -y de egos desatados-. Pero <strong>har\u00edamos muy mal en circunscribirlo todo al morboso combate entre estas dos abogadas del Estado<\/strong> fuertes y curtidas porque hay m\u00e1s aspirantes, y hasta que se cierra la ventanilla a\u00fan cabe alguna sorpresa, y porque lo ignoramos todo sobre el pensamiento de una militancia numeros\u00edsima cuya voz no hemos o\u00eddo nunca salvo para aclamar y que, por primera vez, va a ser decisiva. Y en la cual, militancia, hay un porcentaje de j\u00f3venes que no sabemos c\u00f3mo piensa, no sabemos si ve a ambas, a Soraya y a Cospedal, como parte del mismo pasado, lastre que hay que soltar para mirar hacia el futuro, y deciden lanzarse al apoyo de <strong>la candidatura generacional de Pablo Casado<\/strong>. A no ser que \u00e9ste, a su vez, se vea cazado por el problema de su curr\u00edculum acad\u00e9mico. En fin, que lo sabemos casi todo sobre los elegibles pero no sabemos absolutamente nada sobre los que los han de elegir.<\/p>\n<section id=\"sumario_1|audio\" class=\"sumario audio center\"><a id=\"sumario_1\"><\/a><\/p>\n<div id=\"multimediaPlayer_1529478188_1\" data-hj-ignore-attributes=\"\"><iframe loading=\"lazy\" id=\"AudioPlayer_139901343\" src=\"http:\/\/play.cadenaser.com\/widget\/audio\/001RD010000005085864\/271?sec=widget\" width=\"100%\" height=\"102\" frameborder=\"0\" scrolling=\"no\" data-mce-fragment=\"1\"><\/iframe><\/div>\n<\/section>\n<\/div>\n<section class=\"cnt-modulo lst-keywords\">\n<ul>\n<li style=\"text-align: justify;\"><a title=\"Ver m\u00e1s noticias de [Opini\u00f3n]\" href=\"http:\/\/cadenaser.com\/tag\/opinion\/a\/\">Opini\u00f3n<\/a><\/li>\n<li style=\"text-align: justify;\"><a title=\"Ver m\u00e1s noticias de [Soraya S\u00e1enz de Santamar\u00eda]\" href=\"http:\/\/cadenaser.com\/tag\/soraya_saenz_de_santamaria\/a\/\">Soraya S<\/a><\/li>\n<\/ul>\n<\/section>\n<\/div>\n<\/div>\n","protected":false},"excerpt":{"rendered":"<p>Lo ignoramos todo sobre el pensamiento de una militancia numeros\u00edsima cuya voz no hemos o\u00eddo&#8230;<\/p>\n","protected":false},"author":1,"featured_media":24650,"comment_status":"closed","ping_status":"closed","sticky":false,"template":"","format":"standard","meta":{"_coblocks_attr":"","_coblocks_dimensions":"","_coblocks_responsive_height":"","_coblocks_accordion_ie_support":"","jetpack_post_was_ever_published":false,"_jetpack_newsletter_access":"","_jetpack_dont_email_post_to_subs":false,"_jetpack_newsletter_tier_id":0,"_jetpack_memberships_contains_paywalled_content":false,"_jetpack_memberships_contains_paid_content":false,"footnotes":"","jetpack_publicize_message":"","jetpack_publicize_feature_enabled":true,"jetpack_social_post_already_shared":false,"jetpack_social_options":{"image_generator_settings":{"template":"highway","default_image_id":0,"enabled":false},"version":2}},"categories":[1161,44,15],"tags":[3150,5129,349,3687],"class_list":["post-24648","post","type-post","status-publish","format-standard","has-post-thumbnail","hentry","category-ciudadania","category-noticias-de-hoy","category-ultimas-noticias","tag-conservadores","tag-liberalismo","tag-pp","tag-primarias"],"jetpack_publicize_connections":[],"jetpack_featured_media_url":"https:\/\/i0.wp.com\/miradordeatarfe.es\/wp-content\/uploads\/2018\/06\/candidatos-del-pp-interior-655x368.jpg?fit=655%2C368&ssl=1","jetpack_likes_enabled":true,"jetpack_sharing_enabled":true,"_links":{"self":[{"href":"https:\/\/miradordeatarfe.es\/index.php?rest_route=\/wp\/v2\/posts\/24648","targetHints":{"allow":["GET"]}}],"collection":[{"href":"https:\/\/miradordeatarfe.es\/index.php?rest_route=\/wp\/v2\/posts"}],"about":[{"href":"https:\/\/miradordeatarfe.es\/index.php?rest_route=\/wp\/v2\/types\/post"}],"author":[{"embeddable":true,"href":"https:\/\/miradordeatarfe.es\/index.php?rest_route=\/wp\/v2\/users\/1"}],"replies":[{"embeddable":true,"href":"https:\/\/miradordeatarfe.es\/index.php?rest_route=%2Fwp%2Fv2%2Fcomments&post=24648"}],"version-history":[{"count":1,"href":"https:\/\/miradordeatarfe.es\/index.php?rest_route=\/wp\/v2\/posts\/24648\/revisions"}],"predecessor-version":[{"id":24649,"href":"https:\/\/miradordeatarfe.es\/index.php?rest_route=\/wp\/v2\/posts\/24648\/revisions\/24649"}],"wp:featuredmedia":[{"embeddable":true,"href":"https:\/\/miradordeatarfe.es\/index.php?rest_route=\/wp\/v2\/media\/24650"}],"wp:attachment":[{"href":"https:\/\/miradordeatarfe.es\/index.php?rest_route=%2Fwp%2Fv2%2Fmedia&parent=24648"}],"wp:term":[{"taxonomy":"category","embeddable":true,"href":"https:\/\/miradordeatarfe.es\/index.php?rest_route=%2Fwp%2Fv2%2Fcategories&post=24648"},{"taxonomy":"post_tag","embeddable":true,"href":"https:\/\/miradordeatarfe.es\/index.php?rest_route=%2Fwp%2Fv2%2Ftags&post=24648"}],"curies":[{"name":"wp","href":"https:\/\/api.w.org\/{rel}","templated":true}]}}