{"id":24658,"date":"2018-06-21T10:11:54","date_gmt":"2018-06-21T08:11:54","guid":{"rendered":"http:\/\/miradordeatarfe.es\/?p=24658"},"modified":"2018-06-21T10:11:54","modified_gmt":"2018-06-21T08:11:54","slug":"condiciones-para-instalar-quioscos-de-helados-en-la-via-publica-durante-el-verano","status":"publish","type":"post","link":"https:\/\/miradordeatarfe.es\/?p=24658","title":{"rendered":"Condiciones para instalar quioscos de helados en la v\u00eda p\u00fablica durante el verano"},"content":{"rendered":"<div class=\"post-meta\" style=\"text-align: justify;\">Se autorizar\u00e1 la venta desde el 1 de julio hasta el 30 de septiembre. La solicitud para concursar debe presentarse en el registro municipal o a trav\u00e9s de la sede electr\u00f3nica.<\/div>\n<p style=\"text-align: justify;\"><!--more--><\/p>\n<p style=\"text-align: justify;\">El Ayuntamiento de Atarfe ha hecho p\u00fablicas las condiciones para la <strong>instalaci\u00f3n de quioscos en la v\u00eda p\u00fablica para la venta de helados desde el 1 de julio hasta el 30 de septiembre<\/strong>. Las ublicaciones propuestas son la <strong>Plaza de Espa\u00f1a<\/strong>, <strong>Plaza de Juan Carlos I<\/strong>, <strong>Plaza Salvador Allende<\/strong>, <strong>urbanizaci\u00f3n Los C\u00e1rmenes (frente al restaurante)<\/strong>, <strong>Avenida de Am\u00e9rica (confluencia con la calle Cuba)<\/strong>, <strong>Camino Albarrate (entrada Parque Corredor Verde)<\/strong> y <strong>Avenida de Am\u00e9rica (en el extremo de la rotonda de la Pir\u00e1mide)<\/strong>.<\/p>\n<p style=\"text-align: justify;\">El otorgamiento de las licencias se efectuar\u00e1 mediante procedimiento abiertio y por concurso, teniendo en cuenta como criterios la concesi\u00f3n en a\u00f1os anteriores, las cargas familiares y la condici\u00f3n de desempleado.<\/p>\n<p style=\"text-align: justify;\">Los quioscos se aportar\u00e1n por los adjudicatarios que tambi\u00e9n sufragar\u00e1n los gastos de instalaci\u00f3n, as\u00ed como los de mantenimiento y retirada.<\/p>\n<p style=\"text-align: justify;\">La solicitud para concursar debe presentarse en el <strong>registro municipal<\/strong> o a trav\u00e9s de la <a href=\"http:\/\/atarfe.sedelectronica.es\/info.0\" target=\"_blank\" rel=\"noopener\"><strong>sede electr\u00f3nica<\/strong><\/a> en los <strong>13 d\u00edas siguientes a la exposici\u00f3n del pliego de condiciones en el tabl\u00f3n de anuncios, es decir, a partir del martes 19 de junio<\/strong>.<\/p>\n<p style=\"text-align: justify;\">Consulta el pliego de condiciones para concursar en el documento en formato PDF que se adjunta a continuaci\u00f3n:<\/p>\n<div class=\"post-block post-author clearfix\">\n<h3 class=\"heading-primary\" style=\"text-align: justify;\"><i class=\"fa fa-download\"><\/i>Ficheros Adjuntos<\/h3>\n<div class=\"clearfix\">\n<div class=\"img-thumbnail-ficherosadjuntos\"><img data-recalc-dims=\"1\" decoding=\"async\" src=\"https:\/\/i0.wp.com\/www.atarfe.es\/img\/pdf2.jpg?w=640\" alt=\"\" \/><\/div>\n<p><strong class=\"name\"><a href=\"http:\/\/www.atarfe.es\/data\/CoreFiles\/pliego-de-condiciones-para-la-instalacion-quioscos-de-helado.pdf\" target=\"_blank\" rel=\"noopener\">Pliego de condiciones para la instalaci\u00f3n quioscos de helado en la v\u00eda p\u00fablica<\/a><\/strong><\/p>\n<\/div>\n<\/div>\n","protected":false},"excerpt":{"rendered":"<p>Se autorizar\u00e1 la venta desde el 1 de julio hasta el 30 de septiembre. La&#8230;<\/p>\n","protected":false},"author":1,"featured_media":24659,"comment_status":"closed","ping_status":"closed","sticky":false,"template":"","format":"standard","meta":{"_coblocks_attr":"","_coblocks_dimensions":"","_coblocks_responsive_height":"","_coblocks_accordion_ie_support":"","jetpack_post_was_ever_published":false,"_jetpack_newsletter_access":"","_jetpack_dont_email_post_to_subs":false,"_jetpack_newsletter_tier_id":0,"_jetpack_memberships_contains_paywalled_content":false,"_jetpack_memberships_contains_paid_content":false,"footnotes":"","jetpack_publicize_message":"","jetpack_publicize_feature_enabled":true,"jetpack_social_post_already_shared":false,"jetpack_social_options":{"image_generator_settings":{"template":"highway","default_image_id":0,"enabled":false},"version":2}},"categories":[2,186,9,44,15],"tags":[81,5130],"class_list":["post-24658","post","type-post","status-publish","format-standard","has-post-thumbnail","hentry","category-atarfe","category-instituciones","category-medio-ambiente","category-noticias-de-hoy","category-ultimas-noticias","tag-atarfe","tag-kioskos"],"jetpack_publicize_connections":[],"jetpack_featured_media_url":"https:\/\/i0.wp.com\/miradordeatarfe.es\/wp-content\/uploads\/2018\/06\/images-4.jpg?fit=253%2C199&ssl=1","jetpack_likes_enabled":true,"jetpack_sharing_enabled":true,"_links":{"self":[{"href":"https:\/\/miradordeatarfe.es\/index.php?rest_route=\/wp\/v2\/posts\/24658","targetHints":{"allow":["GET"]}}],"collection":[{"href":"https:\/\/miradordeatarfe.es\/index.php?rest_route=\/wp\/v2\/posts"}],"about":[{"href":"https:\/\/miradordeatarfe.es\/index.php?rest_route=\/wp\/v2\/types\/post"}],"author":[{"embeddable":true,"href":"https:\/\/miradordeatarfe.es\/index.php?rest_route=\/wp\/v2\/users\/1"}],"replies":[{"embeddable":true,"href":"https:\/\/miradordeatarfe.es\/index.php?rest_route=%2Fwp%2Fv2%2Fcomments&post=24658"}],"version-history":[{"count":1,"href":"https:\/\/miradordeatarfe.es\/index.php?rest_route=\/wp\/v2\/posts\/24658\/revisions"}],"predecessor-version":[{"id":24660,"href":"https:\/\/miradordeatarfe.es\/index.php?rest_route=\/wp\/v2\/posts\/24658\/revisions\/24660"}],"wp:featuredmedia":[{"embeddable":true,"href":"https:\/\/miradordeatarfe.es\/index.php?rest_route=\/wp\/v2\/media\/24659"}],"wp:attachment":[{"href":"https:\/\/miradordeatarfe.es\/index.php?rest_route=%2Fwp%2Fv2%2Fmedia&parent=24658"}],"wp:term":[{"taxonomy":"category","embeddable":true,"href":"https:\/\/miradordeatarfe.es\/index.php?rest_route=%2Fwp%2Fv2%2Fcategories&post=24658"},{"taxonomy":"post_tag","embeddable":true,"href":"https:\/\/miradordeatarfe.es\/index.php?rest_route=%2Fwp%2Fv2%2Ftags&post=24658"}],"curies":[{"name":"wp","href":"https:\/\/api.w.org\/{rel}","templated":true}]}}