{"id":24665,"date":"2018-06-21T19:49:59","date_gmt":"2018-06-21T17:49:59","guid":{"rendered":"http:\/\/miradordeatarfe.es\/?p=24665"},"modified":"2018-06-21T19:49:59","modified_gmt":"2018-06-21T17:49:59","slug":"he-aprobado-selectividad-y-ahora-que-tengo-que-hacer","status":"publish","type":"post","link":"https:\/\/miradordeatarfe.es\/?p=24665","title":{"rendered":"He aprobado Selectividad, \u00bfy ahora qu\u00e9 tengo qu\u00e9 hacer?"},"content":{"rendered":"<p style=\"text-align: justify;\">Aqu\u00ed puede consultar el calendario de fechas de las revisiones, presentaci\u00f3n de solicitudes de acceso a la Universidad y adjudicaci\u00f3n de plazas<!--more--><\/p>\n<div class=\"mce-body \">\n<p class=\"mce\" style=\"text-align: justify;\"><strong class=\"mce\">Unos 42.000 andaluces<\/strong> se est\u00e1n comiendo ahora mismos las u\u00f1as deseando conocer ya si han aprobado o no las Pruebas Evaluaci\u00f3n Bachillerato para Acceso a la Universidad y de Admisi\u00f3n a la Universidad (Pevau), o lo que es lo mismo, la antigua <strong class=\"mce\">Selectividad<\/strong>, ex\u00e1menes a los que se presentaron la semana pasada<\/p>\n<p class=\"mce\" style=\"text-align: justify;\">Este jueves<strong class=\"mce\"> 21 de junio,<\/strong> las universidades p\u00fablicas andaluzas dar\u00e1n a conocer los r<strong class=\"mce\">esultados de las pruebas<\/strong>. El dato de aprobado en junio supera siempre el 90%, por lo que los estudiantes pueden respirar tranquilos, no todo est\u00e1 perdido.<\/p>\n<p class=\"mce\" style=\"text-align: justify;\">Una vez se tenga la <strong class=\"mce\">nota final<\/strong>, es bueno buscarse una agenda y apuntar las diferentes fechas habilitadas para las revisiones de los ex\u00e1menes y solicitud de plazas en las diferentes universidades.<\/p>\n<div class=\"inset-auto\" style=\"text-align: justify;\">\n<figure class=\"image-holder\"><span class=\"obj-img hmedia\"> <a class=\"fn\" href=\"https:\/\/www.granadahoy.com\/2018\/06\/20\/sevilla\/Fuente-Elaboracion-Propia-Grafico-Infografia_1256285118_86165176_667x432.jpg\" rel=\"enclosure\" type=\"image\/jpeg\">Fuente: Elaboraci\u00f3n Propia. Gr\u00e1fico: Dpto. de Infograf\u00eda<\/a> <img data-recalc-dims=\"1\" loading=\"lazy\" decoding=\"async\" class=\"photo lazy\" src=\"https:\/\/i0.wp.com\/www.granadahoy.com\/2018\/06\/20\/sevilla\/Fuente-Elaboracion-Propia-Grafico-Infografia_1256285118_86165176_667x432.jpg?resize=640%2C415&#038;ssl=1\" alt=\"Fuente: Elaboraci\u00f3n Propia. Gr\u00e1fico: Dpto. de Infograf\u00eda\" width=\"640\" height=\"415\" data-src=\"\/2018\/06\/20\/sevilla\/Fuente-Elaboracion-Propia-Grafico-Infografia_1256285118_86165176_667x432.jpg\" \/><\/span><figcaption>\n<div class=\"footnote\">\n<p class=\"text\">Fuente: Elaboraci\u00f3n Propia. Gr\u00e1fico: Dpto. de Infograf\u00eda <wbr \/> \/ <span class=\"source\">Dpto. de Infograf\u00eda<\/span><\/p>\n<\/div>\n<\/figcaption><\/figure>\n<\/div>\n<p class=\"mce\" style=\"text-align: justify;\">Si uno no est\u00e1 conforme con su nota de Selectividad, tanto si se trata de un aprobado como de un suspenso, este <strong class=\"mce\">viernes 22 de junio<\/strong>, un d\u00eda despu\u00e9s de la publicaci\u00f3n de los resultados de Selectividad se abrir\u00e1 el<strong class=\"mce\"> plazo de revisi\u00f3n de ex\u00e1menes<\/strong>, que se prolongar\u00e1 hasta el 26 de junio. El<strong class=\"mce\"> examen ser\u00e1 corregido por segunda vez<\/strong> por profesor especialista diferente, y en el caso de que la diferencia con la primera correcci\u00f3n sea igual o superior a 2 puntos, se realizar\u00e1 de oficio una tercera correcci\u00f3n por un profesor diferente.<\/p>\n<p class=\"mce\" style=\"text-align: justify;\">La <strong class=\"mce\">publicaci\u00f3n de las calificaciones<\/strong> tras una segunda correcci\u00f3n se realizar\u00e1 el <strong class=\"mce\">4 de julio<\/strong>. Si uno sigue sin estar conforme, entre los d\u00edas 5 y 6 de julio podr\u00e1 solicitar ver su examen, que en caso de ser aprobado, podr\u00e1 hacerlo personalmente el 18 de julio.<\/p>\n<p class=\"mce\" style=\"text-align: justify;\">El mismo <strong class=\"mce\">d\u00eda 22 de junio<\/strong>, se abrir\u00e1 tambi\u00e9n el periodo de presentaci\u00f3n de <strong class=\"mce\">solicitudes de acceso a la Universidad<\/strong>, plazo que concluir\u00e1 el 5 de julio. La Comisi\u00f3n del Distrito \u00danico Universitario de Andaluc\u00eda recomienda formular la preinscripci\u00f3n antes de dicha fecha a todo el alumnado, aun estando suspendo, en previsi\u00f3n de que tras las oportunas revisiones consigan superar la prueba.<\/p>\n<p class=\"mce\" style=\"text-align: justify;\">La publicaci\u00f3n de la <strong class=\"mce\">primera adjudicaci\u00f3n de plazas<\/strong> tendr\u00e1 lugar el <strong class=\"mce\">17 de julio<\/strong>. En esta fecha comenzar\u00e1, adem\u00e1s, el plazo de matr\u00edcula o reserva, que se extender\u00e1 hasta el 20, as\u00ed como el plazo de tres d\u00edas previsto para presentar alegaciones o reclamaciones.<\/p>\n<p class=\"mce\" style=\"text-align: justify;\">Al igual que en a\u00f1os anteriores, la <strong class=\"mce\">preinscripci\u00f3n<\/strong> se realizar\u00e1 \u00fanicamente por v\u00eda telem\u00e1tica, que es un enlace directo a la <strong class=\"mce\"><a class=\"mce\" href=\"http:\/\/www.juntadeandalucia.es\/economiayconocimiento\/sguit\/?q=grados\" target=\"_blank\" rel=\"noopener\">web de Distrito \u00danico Andaluz <\/a><\/strong>(DUA), de forma que los alumnos no tengan que presentar documentaci\u00f3n alguna en sus universidades.<\/p>\n<p class=\"mce\" style=\"text-align: justify;\">Si uno no ha conseguido acceder a la carrera deseada y se encuentra en lista de espera, tendr\u00e1 que aguardar hasta el<strong class=\"mce\"> 26 de julio<\/strong>, fecha en la que se publicar\u00e1n las listas de la<strong class=\"mce\"> segunda adjudicaci\u00f3n<\/strong>. La tercera adjudicaci\u00f3n se har\u00e1 p\u00fablica el 5 de septiembre y la cuarta y \u00faltima el 11 de septiembre, unos d\u00edas antes de la celebraci\u00f3n de la<strong class=\"mce\"> convocatoria extraordinaria de Selectividad<\/strong>, que se celebra del <strong class=\"mce\">21 al 23 de septiembre<\/strong>.<\/p>\n<\/div>\n","protected":false},"excerpt":{"rendered":"<p>Aqu\u00ed puede consultar el calendario de fechas de las revisiones, presentaci\u00f3n de solicitudes de acceso&#8230;<\/p>\n","protected":false},"author":1,"featured_media":24666,"comment_status":"closed","ping_status":"closed","sticky":false,"template":"","format":"standard","meta":{"_coblocks_attr":"","_coblocks_dimensions":"","_coblocks_responsive_height":"","_coblocks_accordion_ie_support":"","jetpack_post_was_ever_published":false,"_jetpack_newsletter_access":"","_jetpack_dont_email_post_to_subs":false,"_jetpack_newsletter_tier_id":0,"_jetpack_memberships_contains_paywalled_content":false,"_jetpack_memberships_contains_paid_content":false,"footnotes":"","jetpack_publicize_message":"","jetpack_publicize_feature_enabled":true,"jetpack_social_post_already_shared":false,"jetpack_social_options":{"image_generator_settings":{"template":"highway","default_image_id":0,"enabled":false},"version":2}},"categories":[187,186,44,15],"tags":[5134,160,662],"class_list":["post-24665","post","type-post","status-publish","format-standard","has-post-thumbnail","hentry","category-centros-educativos","category-instituciones","category-noticias-de-hoy","category-ultimas-noticias","tag-distrito-unico","tag-nota-de-corte","tag-selectividad"],"jetpack_publicize_connections":[],"jetpack_featured_media_url":"https:\/\/i0.wp.com\/miradordeatarfe.es\/wp-content\/uploads\/2018\/06\/Estudiantes-sevillanos-prueba-Selectividad-junio_1256285050_86161987_667x375.jpg?fit=667%2C375&ssl=1","jetpack_likes_enabled":true,"jetpack_sharing_enabled":true,"_links":{"self":[{"href":"https:\/\/miradordeatarfe.es\/index.php?rest_route=\/wp\/v2\/posts\/24665","targetHints":{"allow":["GET"]}}],"collection":[{"href":"https:\/\/miradordeatarfe.es\/index.php?rest_route=\/wp\/v2\/posts"}],"about":[{"href":"https:\/\/miradordeatarfe.es\/index.php?rest_route=\/wp\/v2\/types\/post"}],"author":[{"embeddable":true,"href":"https:\/\/miradordeatarfe.es\/index.php?rest_route=\/wp\/v2\/users\/1"}],"replies":[{"embeddable":true,"href":"https:\/\/miradordeatarfe.es\/index.php?rest_route=%2Fwp%2Fv2%2Fcomments&post=24665"}],"version-history":[{"count":1,"href":"https:\/\/miradordeatarfe.es\/index.php?rest_route=\/wp\/v2\/posts\/24665\/revisions"}],"predecessor-version":[{"id":24667,"href":"https:\/\/miradordeatarfe.es\/index.php?rest_route=\/wp\/v2\/posts\/24665\/revisions\/24667"}],"wp:featuredmedia":[{"embeddable":true,"href":"https:\/\/miradordeatarfe.es\/index.php?rest_route=\/wp\/v2\/media\/24666"}],"wp:attachment":[{"href":"https:\/\/miradordeatarfe.es\/index.php?rest_route=%2Fwp%2Fv2%2Fmedia&parent=24665"}],"wp:term":[{"taxonomy":"category","embeddable":true,"href":"https:\/\/miradordeatarfe.es\/index.php?rest_route=%2Fwp%2Fv2%2Fcategories&post=24665"},{"taxonomy":"post_tag","embeddable":true,"href":"https:\/\/miradordeatarfe.es\/index.php?rest_route=%2Fwp%2Fv2%2Ftags&post=24665"}],"curies":[{"name":"wp","href":"https:\/\/api.w.org\/{rel}","templated":true}]}}