{"id":24671,"date":"2018-06-22T10:36:06","date_gmt":"2018-06-22T08:36:06","guid":{"rendered":"http:\/\/miradordeatarfe.es\/?p=24671"},"modified":"2018-06-22T09:44:09","modified_gmt":"2018-06-22T07:44:09","slug":"el-atarfe-industrial-no-quiere-pasar-apuros-la-proxima-temporada","status":"publish","type":"post","link":"https:\/\/miradordeatarfe.es\/?p=24671","title":{"rendered":"El Atarfe Industrial no quiere pasar apuros la pr\u00f3xima temporada"},"content":{"rendered":"<div class=\"bloque_big_izda\">\n<div class=\"introduccion\" style=\"text-align: justify;\">Arjona y Moi Gomez refuerzan al conjunto blanquiverde\u00a0en el segundo proyecto de Jorge Moreno<\/div>\n<\/div>\n<p style=\"text-align: justify;\"><!--more-->Moi Gomez ya se ha comprometido con el Atarfe (ATARFE INDUSTRIAL)<\/p>\n<div class=\"bloque_big_izda\">\n<div style=\"text-align: justify;\">El Atarfe Industrial ya se ha puesto manos a la obra para preparar el proyecto de la temporada 2018\/19.<\/div>\n<div style=\"text-align: justify;\"><\/div>\n<div style=\"text-align: justify;\">Los atarfe\u00f1os no quieren pasar los apuros de la pasada campa\u00f1a por lo que han optado por mantener el bloque\u00a0y reforzarlo con jugadores importantes en la categor\u00eda.<\/div>\n<div style=\"text-align: justify;\"><\/div>\n<div style=\"text-align: justify;\">En el banquillo, el Atarfe apuesta por la continuidad y Jorge Moreno seguir\u00e1 pilotando la nave metropolitana\u00a0tras lograr la permanencia la pasada temporada, la directiva comandada por Andr\u00e9s Prieto sigue confiando en el joven t\u00e9cnico.<\/div>\n<div style=\"text-align: justify;\"><\/div>\n<div style=\"text-align: justify;\">Seis son ya los jugadores \u00a0que han renovado su compromiso para la pr\u00f3xima campa\u00f1a. La columna vertebral seguir\u00e1\u00a0una temporada m\u00e1s.<\/div>\n<div style=\"text-align: justify;\"><\/div>\n<div style=\"text-align: justify;\">En la porter\u00eda, Diario Fern\u00e1ndez continuar\u00e1 poniendo el cerrojo a la meta del Atarfe. En la zona defensiva siguen\u00a0el capit\u00e1n Marcos Toro y los centrales Galvez y Fernando Santamarina. Juanan seguir\u00e1 una temporada m\u00e1s poniendo el ancla en el centro del campo y \u00c1lex Ortega he renovado\u00a0tambi\u00e9n a las ordenes de Jorge Moreno.<\/div>\n<div style=\"text-align: justify;\"><\/div>\n<div style=\"text-align: justify;\">Adem\u00e1s, el conjunto atarfe\u00f1o se est\u00e1 reforzando con jugadores muy importantes en la categor\u00eda, solo se han confirmado dos fichajes para la pr\u00f3xima campa\u00f1a y ambos llegan del Motril. Moi G\u00f3mez, que ya milit\u00f3 en el Atarfe, en el retorno del conjunto metropolitano, vuelve cuatro temporadas despu\u00e9s. El otro fichaje viene a reforzar el centro de la zaga y es uno de los centrales mas prometedores de la provincia como es Arjona.<\/div>\n<div style=\"text-align: justify;\"><\/div>\n<div style=\"text-align: justify;\">Pero el conjunto atarfe\u00f1o no se conforma con esos dos fichajes y est\u00e1 interesado en otros jugadores importantes como son Isra Pel\u00e1ez, que la pasada campa\u00f1a milit\u00f3 en el Hu\u00e9tor T\u00e1jar, Sergio Bustos, que tambi\u00e9n proviene del Motril, y Alvaro Santos, que est\u00e1 inactivo y que su ultimo equipo fue el Loja.<\/div>\n<div style=\"text-align: justify;\"><\/div>\n<div style=\"text-align: justify;\">dcontreras@granadaenjuego.com<\/div>\n<div><a href=\"http:\/\/www.granadaenjuego.com\/seccion\/Tercera-Division\/pub\/35517\/v\/-1\">http:\/\/www.granadaenjuego.com\/seccion\/Tercera-Division\/pub\/35517\/v\/-1<\/a><\/div>\n<\/div>\n<p><a href=\"https:\/\/i0.wp.com\/miradordeatarfe.es\/wp-content\/uploads\/2018\/06\/imagennoticia35517_0.jpg?ssl=1\"><img data-recalc-dims=\"1\" loading=\"lazy\" decoding=\"async\" class=\"size-full wp-image-24672 aligncenter\" src=\"https:\/\/i0.wp.com\/miradordeatarfe.es\/wp-content\/uploads\/2018\/06\/imagennoticia35517_0.jpg?resize=450%2C600&#038;ssl=1\" alt=\"\" width=\"450\" height=\"600\" srcset=\"https:\/\/i0.wp.com\/miradordeatarfe.es\/wp-content\/uploads\/2018\/06\/imagennoticia35517_0.jpg?w=450&amp;ssl=1 450w, https:\/\/i0.wp.com\/miradordeatarfe.es\/wp-content\/uploads\/2018\/06\/imagennoticia35517_0.jpg?resize=225%2C300&amp;ssl=1 225w\" sizes=\"auto, (max-width: 450px) 100vw, 450px\" \/><\/a> <a href=\"https:\/\/i0.wp.com\/miradordeatarfe.es\/wp-content\/uploads\/2018\/06\/IMG-20180621-WA0014.jpg?ssl=1\"><img data-recalc-dims=\"1\" loading=\"lazy\" decoding=\"async\" class=\"wp-image-24673 aligncenter\" src=\"https:\/\/i0.wp.com\/miradordeatarfe.es\/wp-content\/uploads\/2018\/06\/IMG-20180621-WA0014.jpg?resize=473%2C631&#038;ssl=1\" alt=\"\" width=\"473\" height=\"631\" srcset=\"https:\/\/i0.wp.com\/miradordeatarfe.es\/wp-content\/uploads\/2018\/06\/IMG-20180621-WA0014.jpg?w=1200&amp;ssl=1 1200w, https:\/\/i0.wp.com\/miradordeatarfe.es\/wp-content\/uploads\/2018\/06\/IMG-20180621-WA0014.jpg?resize=225%2C300&amp;ssl=1 225w, https:\/\/i0.wp.com\/miradordeatarfe.es\/wp-content\/uploads\/2018\/06\/IMG-20180621-WA0014.jpg?resize=768%2C1024&amp;ssl=1 768w, https:\/\/i0.wp.com\/miradordeatarfe.es\/wp-content\/uploads\/2018\/06\/IMG-20180621-WA0014.jpg?resize=600%2C800&amp;ssl=1 600w\" sizes=\"auto, (max-width: 473px) 100vw, 473px\" \/><\/a><\/p>\n","protected":false},"excerpt":{"rendered":"<p>Arjona y Moi Gomez refuerzan al conjunto blanquiverde\u00a0en el segundo proyecto de Jorge Moreno<\/p>\n","protected":false},"author":1,"featured_media":24674,"comment_status":"closed","ping_status":"closed","sticky":false,"template":"","format":"standard","meta":{"_coblocks_attr":"","_coblocks_dimensions":"","_coblocks_responsive_height":"","_coblocks_accordion_ie_support":"","jetpack_post_was_ever_published":false,"_jetpack_newsletter_access":"","_jetpack_dont_email_post_to_subs":false,"_jetpack_newsletter_tier_id":0,"_jetpack_memberships_contains_paywalled_content":false,"_jetpack_memberships_contains_paid_content":false,"footnotes":"","jetpack_publicize_message":"","jetpack_publicize_feature_enabled":true,"jetpack_social_post_already_shared":false,"jetpack_social_options":{"image_generator_settings":{"template":"highway","default_image_id":0,"enabled":false},"version":2}},"categories":[2,182,186,44,15],"tags":[667,5136,5135],"class_list":["post-24671","post","type-post","status-publish","format-standard","has-post-thumbnail","hentry","category-atarfe","category-deportes","category-instituciones","category-noticias-de-hoy","category-ultimas-noticias","tag-atarfe-industrial","tag-fichajes","tag-nueva-temporada"],"jetpack_publicize_connections":[],"jetpack_featured_media_url":"https:\/\/i0.wp.com\/miradordeatarfe.es\/wp-content\/uploads\/2018\/06\/343.jpg?fit=310%2C207&ssl=1","jetpack_likes_enabled":true,"jetpack_sharing_enabled":true,"_links":{"self":[{"href":"https:\/\/miradordeatarfe.es\/index.php?rest_route=\/wp\/v2\/posts\/24671","targetHints":{"allow":["GET"]}}],"collection":[{"href":"https:\/\/miradordeatarfe.es\/index.php?rest_route=\/wp\/v2\/posts"}],"about":[{"href":"https:\/\/miradordeatarfe.es\/index.php?rest_route=\/wp\/v2\/types\/post"}],"author":[{"embeddable":true,"href":"https:\/\/miradordeatarfe.es\/index.php?rest_route=\/wp\/v2\/users\/1"}],"replies":[{"embeddable":true,"href":"https:\/\/miradordeatarfe.es\/index.php?rest_route=%2Fwp%2Fv2%2Fcomments&post=24671"}],"version-history":[{"count":2,"href":"https:\/\/miradordeatarfe.es\/index.php?rest_route=\/wp\/v2\/posts\/24671\/revisions"}],"predecessor-version":[{"id":24676,"href":"https:\/\/miradordeatarfe.es\/index.php?rest_route=\/wp\/v2\/posts\/24671\/revisions\/24676"}],"wp:featuredmedia":[{"embeddable":true,"href":"https:\/\/miradordeatarfe.es\/index.php?rest_route=\/wp\/v2\/media\/24674"}],"wp:attachment":[{"href":"https:\/\/miradordeatarfe.es\/index.php?rest_route=%2Fwp%2Fv2%2Fmedia&parent=24671"}],"wp:term":[{"taxonomy":"category","embeddable":true,"href":"https:\/\/miradordeatarfe.es\/index.php?rest_route=%2Fwp%2Fv2%2Fcategories&post=24671"},{"taxonomy":"post_tag","embeddable":true,"href":"https:\/\/miradordeatarfe.es\/index.php?rest_route=%2Fwp%2Fv2%2Ftags&post=24671"}],"curies":[{"name":"wp","href":"https:\/\/api.w.org\/{rel}","templated":true}]}}