{"id":24689,"date":"2018-06-26T11:21:38","date_gmt":"2018-06-26T09:21:38","guid":{"rendered":"http:\/\/miradordeatarfe.es\/?p=24689"},"modified":"2018-06-25T13:31:00","modified_gmt":"2018-06-25T11:31:00","slug":"atarfe-celebra-los-dias-29-y-30-de-junio-las-fiestas-de-san-pedro-y-san-pablo","status":"publish","type":"post","link":"https:\/\/miradordeatarfe.es\/?p=24689","title":{"rendered":"Atarfe celebra los d\u00edas 29 y 30 de junio las Fiestas de San Pedro y San Pablo"},"content":{"rendered":"<div class=\"post-meta\" style=\"text-align: justify;\">La programaci\u00f3n incluye juegos populares, degustaciones, talleres, el I Certamen de Tunas de Atarfe y un concurso de sevillanas, adem\u00e1s de actuaciones musicales.<\/div>\n<p style=\"text-align: justify;\"><!--more--><\/p>\n<div class=\"post-meta\" style=\"text-align: justify;\"><\/div>\n<p style=\"text-align: justify;\">Los d\u00edas <strong>29 y 30 de junio<\/strong> se celebran en Atarfe las <strong>fiestas de San Pedro y San Pablo<\/strong> con actividades l\u00fadicas para todos los p\u00fablicos. Este a\u00f1o, como novedad, habr\u00e1 un <strong>certamen de tunas<\/strong> y un <strong>concurso de sevillanas<\/strong> en las categor\u00edas infantil y adulto.<\/p>\n<p style=\"text-align: justify;\">La programaci\u00f3n se inicia el <strong>viernes 29<\/strong>, al mediod\u00eda, con varios juegos populares organizados por la asociaci\u00f3n AINDA en la misma calle San Pedro. A continuaci\u00f3n se podr\u00e1 degustar una paella y ya por la noche, a partir de las 21 horas, se celebrar\u00e1 el <strong>I Certamen &#8216;Atarfe con la tuna&#8217;<\/strong> y cerrar\u00e1 la velada el grupo <strong>Aires de Marisma<\/strong>.<\/p>\n<p style=\"text-align: justify;\">El <strong>s\u00e1bado 30<\/strong> se realizar\u00e1n al mediod\u00eda varios talleres y una gimkhana en la Casa Azul. A partir de las 14:00 horas habr\u00e1 migas populares organizadas por el Bar Caribe y por la noche se celebrar\u00e1 el <strong>concurso de sevillanas<\/strong> que organiza la academia de baile de Nuria L\u00f3pez y Susi Campos y en el que se entregar\u00e1n varios premios por gentileza de los establecimientos colaboradores. Los vecinos interesados en participar deben inscribirse en el Centro Cultural Medina Elvira. Las fiestas finalizar\u00e1n con la actuaci\u00f3n del grupo <strong>Arco Iris<\/strong>.<\/p>\n<p style=\"text-align: justify;\">Con motivo de las Fiestas se expondr\u00e1 en el Centro de Participaci\u00f3n Activa de Personas Mayores (C\/ San Pedro, 26) la muestra <strong>&#8216;Paseando por Atarfe (Arte y sentimiento)&#8217;, una colecci\u00f3n de las mejores plumillas del artista local Antonio S\u00e1nchez L\u00f3pez<\/strong>. La exposici\u00f3n estar\u00e1 abierta del 27 al 30 de junio en horario de ma\u00f1ana (de 09:00 a 13:00 horas) y tarde (de 16:00 a 20:00 horas).<\/p>\n<p style=\"text-align: justify;\">La Concejal\u00eda de Fiestas del Ayuntamiento de Atarfe agradece a todos los vecinos y vecinas su colaboraci\u00f3n y felicita a la comisi\u00f3n de fiestas integrada por al <strong>Asociaci\u00f3n AINDA<\/strong>, el <strong>Bar Caribe<\/strong> y los propios vecinos, por su implicaci\u00f3n.<\/p>\n<p style=\"text-align: justify;\">Tambi\u00e9n hace extensible su agradecimiento a la <strong>academia de baile de Nuria L\u00f3pez y Susi Campos<\/strong> y los comercios y coletivos colaboradores: <strong>La Casa Azul<\/strong>, <strong>Rociana Lencer\u00eda y Moda<\/strong>, <strong>Panader\u00eda Santa Ana<\/strong> y <strong>Supermercado Elena<\/strong>.<\/p>\n<p style=\"text-align: justify;\">Consulta la programaci\u00f3n en el documento en formato PDF que se adjunta a continuaci\u00f3n:<\/p>\n<div class=\"post-block post-author clearfix\">\n<h3 class=\"heading-primary\" style=\"text-align: justify;\"><i class=\"fa fa-download\"><\/i>Ficheros Adjuntos<\/h3>\n<div class=\"clearfix\">\n<div class=\"img-thumbnail-ficherosadjuntos\" style=\"text-align: justify;\"><img data-recalc-dims=\"1\" decoding=\"async\" src=\"https:\/\/i0.wp.com\/www.atarfe.es\/img\/pdf2.jpg?w=640\" alt=\"\" \/><\/div>\n<p style=\"text-align: justify;\"><strong class=\"name\"><a href=\"http:\/\/www.atarfe.es\/data\/CoreFiles\/folleto-san-pedro.pdf\" target=\"_blank\" rel=\"noopener\">Atarfe celebra los d\u00edas 29 y 30 de junio las Fiestas de San Pedro y San Pablo<\/a><\/strong><\/p>\n<p style=\"text-align: justify;\">Programa de las fiestas de San Pedro y San Pablo de Atarfe &#8211; 2018<\/p>\n<\/div>\n<\/div>\n","protected":false},"excerpt":{"rendered":"<p>La programaci\u00f3n incluye juegos populares, degustaciones, talleres, el I Certamen de Tunas de Atarfe y&#8230;<\/p>\n","protected":false},"author":1,"featured_media":24690,"comment_status":"closed","ping_status":"closed","sticky":false,"template":"","format":"standard","meta":{"_coblocks_attr":"","_coblocks_dimensions":"","_coblocks_responsive_height":"","_coblocks_accordion_ie_support":"","jetpack_post_was_ever_published":false,"_jetpack_newsletter_access":"","_jetpack_dont_email_post_to_subs":false,"_jetpack_newsletter_tier_id":0,"_jetpack_memberships_contains_paywalled_content":false,"_jetpack_memberships_contains_paid_content":false,"footnotes":"","jetpack_publicize_message":"","jetpack_publicize_feature_enabled":true,"jetpack_social_post_already_shared":false,"jetpack_social_options":{"image_generator_settings":{"template":"highway","default_image_id":0,"enabled":false},"version":2}},"categories":[2,12,1161,44,15],"tags":[81,615,1333],"class_list":["post-24689","post","type-post","status-publish","format-standard","has-post-thumbnail","hentry","category-atarfe","category-cultura","category-ciudadania","category-noticias-de-hoy","category-ultimas-noticias","tag-atarfe","tag-barrios","tag-fiestas"],"jetpack_publicize_connections":[],"jetpack_featured_media_url":"https:\/\/i0.wp.com\/miradordeatarfe.es\/wp-content\/uploads\/2018\/06\/IMG_20180625_132751.jpg?fit=1275%2C890&ssl=1","jetpack_likes_enabled":true,"jetpack_sharing_enabled":true,"_links":{"self":[{"href":"https:\/\/miradordeatarfe.es\/index.php?rest_route=\/wp\/v2\/posts\/24689","targetHints":{"allow":["GET"]}}],"collection":[{"href":"https:\/\/miradordeatarfe.es\/index.php?rest_route=\/wp\/v2\/posts"}],"about":[{"href":"https:\/\/miradordeatarfe.es\/index.php?rest_route=\/wp\/v2\/types\/post"}],"author":[{"embeddable":true,"href":"https:\/\/miradordeatarfe.es\/index.php?rest_route=\/wp\/v2\/users\/1"}],"replies":[{"embeddable":true,"href":"https:\/\/miradordeatarfe.es\/index.php?rest_route=%2Fwp%2Fv2%2Fcomments&post=24689"}],"version-history":[{"count":1,"href":"https:\/\/miradordeatarfe.es\/index.php?rest_route=\/wp\/v2\/posts\/24689\/revisions"}],"predecessor-version":[{"id":24691,"href":"https:\/\/miradordeatarfe.es\/index.php?rest_route=\/wp\/v2\/posts\/24689\/revisions\/24691"}],"wp:featuredmedia":[{"embeddable":true,"href":"https:\/\/miradordeatarfe.es\/index.php?rest_route=\/wp\/v2\/media\/24690"}],"wp:attachment":[{"href":"https:\/\/miradordeatarfe.es\/index.php?rest_route=%2Fwp%2Fv2%2Fmedia&parent=24689"}],"wp:term":[{"taxonomy":"category","embeddable":true,"href":"https:\/\/miradordeatarfe.es\/index.php?rest_route=%2Fwp%2Fv2%2Fcategories&post=24689"},{"taxonomy":"post_tag","embeddable":true,"href":"https:\/\/miradordeatarfe.es\/index.php?rest_route=%2Fwp%2Fv2%2Ftags&post=24689"}],"curies":[{"name":"wp","href":"https:\/\/api.w.org\/{rel}","templated":true}]}}