{"id":24698,"date":"2018-06-26T07:45:03","date_gmt":"2018-06-26T05:45:03","guid":{"rendered":"http:\/\/miradordeatarfe.es\/?p=24698"},"modified":"2018-06-25T13:46:58","modified_gmt":"2018-06-25T11:46:58","slug":"un-jurado-popular-enjuicia-desde-este-lunes-al-acusado-de-matar-de-un-tiro-a-su-pareja-en-zona-norte","status":"publish","type":"post","link":"https:\/\/miradordeatarfe.es\/?p=24698","title":{"rendered":"Un jurado popular enjuicia desde este lunes al acusado de matar de un tiro a su pareja en zona Norte"},"content":{"rendered":"<p class=\"entradilla_noticia\" style=\"text-align: justify;\">Una concentraci\u00f3n convocada por la Plataforma contra la Violencia de G\u00e9nero 25 de Noviembre pidi\u00f3 el pasado jueves \u00absensibilidad\u00bb y que se haga \u00abjusticia\u00bb con el caso de esta vecina<!--more--><\/p>\n<div class=\"contenedor\">\n<p style=\"text-align: justify;\">La Secci\u00f3n Segunda de la Audiencia Provincial de Granada celebra desde este lunes el juicio con jurado popular contra el hombre de 38 a\u00f1os acusado de matar de un tiro a su compa\u00f1era sentimental de 34 a\u00f1os, cuyo cuerpo sin vida apareci\u00f3, a finales de noviembre de 2016, junto al portal de su casa en la zona Norte de Granada capital.<\/p>\n<p style=\"text-align: justify;\">Tambi\u00e9n enjuiciar\u00e1 al var\u00f3n de 37 a\u00f1os que le habr\u00eda ayudado a encubrir los hechos para que pareciera que la fallecida hab\u00eda sido atacada cuando sal\u00eda a sacar la basura.<\/p>\n<p style=\"text-align: justify;\">Una concentraci\u00f3n convocada por la Plataforma contra la Violencia de G\u00e9nero 25 de Noviembre, en la que participaron familiares de la v\u00edctima, pidi\u00f3 el pasado jueves \u201csensibilidad\u201d y que se haga \u201cjusticia\u201d con el caso de esta vecina.<\/p>\n<p style=\"text-align: justify;\">La Fiscal\u00eda ha pedido 16 a\u00f1os de prisi\u00f3n para el principal acusado, de iniciales S.R.A., al que se le atribuye la presunta comisi\u00f3n de un delito de homicidio, por el que se le piden 14 a\u00f1os, y otro de tenencia il\u00edcita de armas, por el que se solicita la pena de dos a\u00f1os; mientras que al segundo acusado, de iniciales I.Q.P., se le considera el supuesto autor de un delito de encubrimiento.<\/p>\n<p style=\"text-align: justify;\">Ambos est\u00e1n privados de libertad por esta causa desde el 30 de noviembre de 2016, seg\u00fan consta tambi\u00e9n en el escrito de acusaci\u00f3n provisional del Ministerio P\u00fablico, al que ha tenido acceso Europa Press.<\/p>\n<p style=\"text-align: justify;\">Los hechos, que ser\u00e1n juzgados por la Audiencia de Granada con la f\u00f3rmula del jurado popular, se desencadenan el 28 de noviembre de 2016 cuando, en torno a las 21,20 horas, la v\u00edctima y el acusado principal se encontraban en el domicilio en el que conviv\u00edan en la barriada de Almanj\u00e1yar de la zona norte de la capital granadina. Estando los dos solos, el hombre \u201csac\u00f3 un arma corta de fuego del calibre 22, para cuya tenencia carec\u00eda de la correspondiente licencia y autorizaci\u00f3n administrativa\u201d.<\/p>\n<p style=\"text-align: justify;\">Conforme a lo que agrega el escrito de la Secci\u00f3n contra la Violencia sobre la Mujer de la Fiscal\u00eda de Granada, S.R.A., \u201cen circunstancias que no han quedado acreditadas, pero siendo plenamente consciente de su acci\u00f3n, de forma intencionada, efectu\u00f3 un disparo contra ella a corta distancia con dicha arma de fuego\u201d. El proyectil penetr\u00f3 en la zona baja del abdomen, localiz\u00e1ndose posteriormente en el intestino delgado de la mujer, que ten\u00eda tres hijos menores de edad de una anterior relaci\u00f3n.<\/p>\n<p style=\"text-align: justify;\">Acto seguido, \u201cguiado por el deseo de eludir su responsabilidad\u201d y estando a\u00fan ella con vida, llam\u00f3 por tel\u00e9fono al otro acusado para que fuera a la casa. Una vez all\u00ed, ambos convinieron bajarla a la calle \u201cpara hacer creer a los dem\u00e1s\u201d que \u201chab\u00eda recibido un disparo por un desconocido mientras bajaba la basura al contenedor para, de esta forma, ocultar el crimen\u201d.<\/p>\n<h4 style=\"text-align: justify;\"><strong>Agravante de parentesco<\/strong><\/h4>\n<p style=\"text-align: justify;\">El acusado principal, al que se le suma el agravante de parentesco por la relaci\u00f3n \u201can\u00e1loga a la conyugal\u201d que manten\u00eda con la v\u00edctima, llam\u00f3 a su padre hasta en cinco ocasiones, pero no dio aviso a los servicios sanitarios hasta las 21,37 horas. La mujer fue trasladada posteriormente al Hospital Virgen de las Nieves de Granada, donde falleci\u00f3 a las 8,15 horas del d\u00eda siguiente.<\/p>\n<p style=\"text-align: justify;\">El informe forense que cita el fiscal apunta a que \u201cla causa inmediata de la muerte fue shock hipovol\u00e9mico\u201d siendo la \u201cfundamental\u201d la \u201cherida por arma de fuego derivada del disparo\u201d.<\/p>\n<p style=\"text-align: justify;\">La Secci\u00f3n Segunda de la Audiencia Provincial de Granada ha reservado para este juicio un total de cuatro jornadas, entre los pr\u00f3ximos 25 y 28 de junio.<\/p>\n<\/div>\n","protected":false},"excerpt":{"rendered":"<p>Una concentraci\u00f3n convocada por la Plataforma contra la Violencia de G\u00e9nero 25 de Noviembre pidi\u00f3&#8230;<\/p>\n","protected":false},"author":1,"featured_media":24699,"comment_status":"closed","ping_status":"closed","sticky":false,"template":"","format":"standard","meta":{"_coblocks_attr":"","_coblocks_dimensions":"","_coblocks_responsive_height":"","_coblocks_accordion_ie_support":"","jetpack_post_was_ever_published":false,"_jetpack_newsletter_access":"","_jetpack_dont_email_post_to_subs":false,"_jetpack_newsletter_tier_id":0,"_jetpack_memberships_contains_paywalled_content":false,"_jetpack_memberships_contains_paid_content":false,"footnotes":"","jetpack_publicize_message":"","jetpack_publicize_feature_enabled":true,"jetpack_social_post_already_shared":false,"jetpack_social_options":{"image_generator_settings":{"template":"highway","default_image_id":0,"enabled":false},"version":2}},"categories":[1161,14,186,44,15],"tags":[3139,1546],"class_list":["post-24698","post","type-post","status-publish","format-standard","has-post-thumbnail","hentry","category-ciudadania","category-feminismo","category-instituciones","category-noticias-de-hoy","category-ultimas-noticias","tag-jurado-popular","tag-violencia-machista"],"jetpack_publicize_connections":[],"jetpack_featured_media_url":"https:\/\/i0.wp.com\/miradordeatarfe.es\/wp-content\/uploads\/2018\/06\/Concentracion-Justicia-para-Sara-AlexCamara-1-958x539.jpg?fit=958%2C539&ssl=1","jetpack_likes_enabled":true,"jetpack_sharing_enabled":true,"_links":{"self":[{"href":"https:\/\/miradordeatarfe.es\/index.php?rest_route=\/wp\/v2\/posts\/24698","targetHints":{"allow":["GET"]}}],"collection":[{"href":"https:\/\/miradordeatarfe.es\/index.php?rest_route=\/wp\/v2\/posts"}],"about":[{"href":"https:\/\/miradordeatarfe.es\/index.php?rest_route=\/wp\/v2\/types\/post"}],"author":[{"embeddable":true,"href":"https:\/\/miradordeatarfe.es\/index.php?rest_route=\/wp\/v2\/users\/1"}],"replies":[{"embeddable":true,"href":"https:\/\/miradordeatarfe.es\/index.php?rest_route=%2Fwp%2Fv2%2Fcomments&post=24698"}],"version-history":[{"count":1,"href":"https:\/\/miradordeatarfe.es\/index.php?rest_route=\/wp\/v2\/posts\/24698\/revisions"}],"predecessor-version":[{"id":24700,"href":"https:\/\/miradordeatarfe.es\/index.php?rest_route=\/wp\/v2\/posts\/24698\/revisions\/24700"}],"wp:featuredmedia":[{"embeddable":true,"href":"https:\/\/miradordeatarfe.es\/index.php?rest_route=\/wp\/v2\/media\/24699"}],"wp:attachment":[{"href":"https:\/\/miradordeatarfe.es\/index.php?rest_route=%2Fwp%2Fv2%2Fmedia&parent=24698"}],"wp:term":[{"taxonomy":"category","embeddable":true,"href":"https:\/\/miradordeatarfe.es\/index.php?rest_route=%2Fwp%2Fv2%2Fcategories&post=24698"},{"taxonomy":"post_tag","embeddable":true,"href":"https:\/\/miradordeatarfe.es\/index.php?rest_route=%2Fwp%2Fv2%2Ftags&post=24698"}],"curies":[{"name":"wp","href":"https:\/\/api.w.org\/{rel}","templated":true}]}}