{"id":24701,"date":"2018-06-26T10:30:09","date_gmt":"2018-06-26T08:30:09","guid":{"rendered":"http:\/\/miradordeatarfe.es\/?p=24701"},"modified":"2018-06-25T13:54:58","modified_gmt":"2018-06-25T11:54:58","slug":"algunas-noticias-que-salen-en-prensa-de-atarfe-no-nos-favorecen","status":"publish","type":"post","link":"https:\/\/miradordeatarfe.es\/?p=24701","title":{"rendered":"ALGUNAS NOTICIAS QUE SALEN EN PRENSA DE ATARFE NO NOS FAVORECEN"},"content":{"rendered":"<div class=\"breves disp_float width100\">Nuestro pueblo no pasa por el buen momento de tranquilidad y seguridad. Hay noticias de robos y otros ademanes no muy poositivos para nuestro municipio. Esperemos se acabe esta racha y se pueda disfrutar de un pueblo noble y solidario. Todo el pueblo quiere que se actue contra la delincuencia.<\/div>\n<p><!--more--><\/p>\n<div class=\"columna_central\">\n<ul class=\"destacada\">\n<li id=\"noticia_117845\">\n<div class=\"bloque_texto\">\n<h3 class=\"titular\"><a title=\"Investigado en Atarfe al intervenirle gran cantidad de ropa supuestamente falsificada\" href=\"https:\/\/www.ahoragranada.com\/noticia\/investigado-en-atarfe-al-intervenirle-gran-cantidad-de-ropa-y-calzado-supuestamente-falsificados\/\">Investigado en Atarfe al intervenirle gran cantidad de ropa supuestamente falsificada<\/a><\/h3>\n<p class=\"entradilla\">Se identific\u00f3 un veh\u00edculo mixto y se encontraron en su interior 16 cajas con prendas \u00b7 La carga del coche proced\u00eda de una empresa ubicada en M\u00e1laga<\/p>\n<p><span class=\"comentarios\"><a href=\"https:\/\/www.ahoragranada.com\/noticia\/investigado-en-atarfe-al-intervenirle-gran-cantidad-de-ropa-y-calzado-supuestamente-falsificados\/\/#disqus_thread\" data-disqus-identifier=\"117845 https:\/\/www.ahoragranada.com\/?post_type=noticias&amp;p=117845\">Comenta la noticia<\/a><\/span><\/div>\n<\/li>\n<li id=\"noticia_117787\">\n<div class=\"imagen\"><a title=\"Detenidos dos j\u00f3venes en Atarfe al robar supuestamente dos extintores de una gasolinera\" href=\"https:\/\/www.ahoragranada.com\/noticia\/detenidos-dos-jovenes-en-atarfe-al-robar-supuestamente-dos-extintores-de-una-gasolinera\/\"><img data-recalc-dims=\"1\" loading=\"lazy\" decoding=\"async\" class=\"attachment-large size-large wp-post-image\" src=\"https:\/\/i0.wp.com\/www.ahoragranada.com\/web\/wp-content\/uploads\/2017\/06\/DSCF2845-958x538.jpg?resize=640%2C359&#038;ssl=1\" sizes=\"auto, (max-width: 958px) 100vw, 958px\" srcset=\"https:\/\/www.ahoragranada.com\/web\/wp-content\/uploads\/2017\/06\/DSCF2845-958x538.jpg 958w, https:\/\/www.ahoragranada.com\/web\/wp-content\/uploads\/2017\/06\/DSCF2845-257x145.jpg 257w, https:\/\/www.ahoragranada.com\/web\/wp-content\/uploads\/2017\/06\/DSCF2845-552x310.jpg 552w, https:\/\/www.ahoragranada.com\/web\/wp-content\/uploads\/2017\/06\/DSCF2845-768x432.jpg 768w, https:\/\/www.ahoragranada.com\/web\/wp-content\/uploads\/2017\/06\/DSCF2845-600x337.jpg 600w, https:\/\/www.ahoragranada.com\/web\/wp-content\/uploads\/2017\/06\/DSCF2845.jpg 970w\" alt=\"\" width=\"640\" height=\"359\" \/><\/a><\/div>\n<div class=\"bloque_texto\"><span class=\"categoria \"> Atarfe <\/span><\/p>\n<h3 class=\"titular\"><a title=\"Detenidos dos j\u00f3venes en Atarfe al robar supuestamente dos extintores de una gasolinera\" href=\"https:\/\/www.ahoragranada.com\/noticia\/detenidos-dos-jovenes-en-atarfe-al-robar-supuestamente-dos-extintores-de-una-gasolinera\/\">Detenidos dos j\u00f3venes en Atarfe al robar supuestamente dos extintores de una gasolinera<\/a><\/h3>\n<p class=\"entradilla\">La Guardia Civil contin\u00faa con las gestiones a la espera de poder localizar los dos objetos sustraidos<\/p>\n<\/div>\n<\/li>\n<\/ul>\n<ul class=\"normal\">\n<li id=\"noticia_117786\" class=\"apertura\">\n<div class=\"imagen\"><a title=\"Dos investigados por comprar un mismo tel\u00e9fono m\u00f3vil que robaron cuatro encapuchados\" href=\"https:\/\/www.ahoragranada.com\/noticia\/dos-investigados-por-la-receptacion-de-un-mismo-telefono-movil-que-robaron-cuatro-encapuchados\/\"><img data-recalc-dims=\"1\" loading=\"lazy\" decoding=\"async\" class=\"attachment-large size-large wp-post-image\" src=\"https:\/\/i0.wp.com\/www.ahoragranada.com\/web\/wp-content\/uploads\/2015\/03\/Desalojo-Pinos-Puente-LFR-15-958x538.jpg?resize=640%2C359&#038;ssl=1\" sizes=\"auto, (max-width: 958px) 100vw, 958px\" srcset=\"https:\/\/www.ahoragranada.com\/web\/wp-content\/uploads\/2015\/03\/Desalojo-Pinos-Puente-LFR-15-958x538.jpg 958w, https:\/\/www.ahoragranada.com\/web\/wp-content\/uploads\/2015\/03\/Desalojo-Pinos-Puente-LFR-15-257x145.jpg 257w, https:\/\/www.ahoragranada.com\/web\/wp-content\/uploads\/2015\/03\/Desalojo-Pinos-Puente-LFR-15-552x310.jpg 552w, https:\/\/www.ahoragranada.com\/web\/wp-content\/uploads\/2015\/03\/Desalojo-Pinos-Puente-LFR-15.jpg 970w\" alt=\"\" width=\"640\" height=\"359\" \/><\/a><\/div>\n<div class=\"bloque_texto\"><span class=\"categoria \"> SUCESOS <\/span><\/p>\n<h3 class=\"titular\"><a title=\"Dos investigados por comprar un mismo tel\u00e9fono m\u00f3vil que robaron cuatro encapuchados\" href=\"https:\/\/www.ahoragranada.com\/noticia\/dos-investigados-por-la-receptacion-de-un-mismo-telefono-movil-que-robaron-cuatro-encapuchados\/\">Dos investigados por comprar un mismo tel\u00e9fono m\u00f3vil que robaron cuatro encapuchados<\/a><\/h3>\n<p class=\"entradilla\">Se trata de dos j\u00f3venes de Atarfe \u00b7 La Guardia Civil tambi\u00e9n ha investigado a otro joven de 18 a\u00f1os de Pulianas por el hurto de otro tel\u00e9fono<\/p>\n<\/div>\n<div id=\"publicidad-normal-uno\" class=\"publi\">\n<div class=\"adsense_publicidad\"><\/div>\n<\/div>\n<\/li>\n<li id=\"noticia_117567\">\n<div class=\"imagen\"><a title=\"Intenta escapar de la Guardia Civil tras embestir con su monovolumen un coche patrulla en Atarfe\" href=\"https:\/\/www.ahoragranada.com\/noticia\/intenta-escapar-de-la-guardia-civil-embistiendo-con-su-monovolumen-un-coche-patrulla-en-atarfe\/\"><img data-recalc-dims=\"1\" loading=\"lazy\" decoding=\"async\" class=\"attachment-large size-large wp-post-image\" src=\"https:\/\/i0.wp.com\/www.ahoragranada.com\/web\/wp-content\/uploads\/2015\/01\/Vista-A%C3%A9rea-Atarfe-958x538.jpg?resize=640%2C359&#038;ssl=1\" sizes=\"auto, (max-width: 958px) 100vw, 958px\" srcset=\"https:\/\/www.ahoragranada.com\/web\/wp-content\/uploads\/2015\/01\/Vista-A\u00e9rea-Atarfe-958x538.jpg 958w, https:\/\/www.ahoragranada.com\/web\/wp-content\/uploads\/2015\/01\/Vista-A\u00e9rea-Atarfe-257x145.jpg 257w, https:\/\/www.ahoragranada.com\/web\/wp-content\/uploads\/2015\/01\/Vista-A\u00e9rea-Atarfe-552x310.jpg 552w, https:\/\/www.ahoragranada.com\/web\/wp-content\/uploads\/2015\/01\/Vista-A\u00e9rea-Atarfe.jpg 970w\" alt=\"\" width=\"640\" height=\"359\" \/><\/a><\/div>\n<div class=\"bloque_texto\"><span class=\"categoria \"> SUCESOS <\/span><\/p>\n<h3 class=\"titular\"><a title=\"Intenta escapar de la Guardia Civil tras embestir con su monovolumen un coche patrulla en Atarfe\" href=\"https:\/\/www.ahoragranada.com\/noticia\/intenta-escapar-de-la-guardia-civil-embistiendo-con-su-monovolumen-un-coche-patrulla-en-atarfe\/\">Intenta escapar de la Guardia Civil tras embestir con su monovolumen un coche patrulla en Atarfe<\/a><\/h3>\n<p class=\"entradilla\">La conductora de 33 a\u00f1os ha sido detenida por conducci\u00f3n temeraria, resistencia grave y atentado a agente de la autoridad \u00b7 Del coche huy\u00f3 un joven con una bolsa que presumiblemente conten\u00eda marihuana<\/p>\n<p>NOTICIAS DEL PERIODICO <strong>AHORAGRANADA<\/strong><\/div>\n<\/li>\n<\/ul>\n<\/div>\n","protected":false},"excerpt":{"rendered":"<p>Nuestro pueblo no pasa por el buen momento de tranquilidad y seguridad. Hay noticias de&#8230;<\/p>\n","protected":false},"author":1,"featured_media":24702,"comment_status":"closed","ping_status":"closed","sticky":false,"template":"","format":"standard","meta":{"_coblocks_attr":"","_coblocks_dimensions":"","_coblocks_responsive_height":"","_coblocks_accordion_ie_support":"","jetpack_post_was_ever_published":false,"_jetpack_newsletter_access":"","_jetpack_dont_email_post_to_subs":false,"_jetpack_newsletter_tier_id":0,"_jetpack_memberships_contains_paywalled_content":false,"_jetpack_memberships_contains_paid_content":false,"footnotes":"","jetpack_publicize_message":"","jetpack_publicize_feature_enabled":true,"jetpack_social_post_already_shared":false,"jetpack_social_options":{"image_generator_settings":{"template":"highway","default_image_id":0,"enabled":false},"version":2}},"categories":[2,1161,186,9,44,15],"tags":[81,2492,2907],"class_list":["post-24701","post","type-post","status-publish","format-standard","has-post-thumbnail","hentry","category-atarfe","category-ciudadania","category-instituciones","category-medio-ambiente","category-noticias-de-hoy","category-ultimas-noticias","tag-atarfe","tag-marihuana","tag-robos"],"jetpack_publicize_connections":[],"jetpack_featured_media_url":"https:\/\/i0.wp.com\/miradordeatarfe.es\/wp-content\/uploads\/2018\/06\/Ropa-incautada-Atarfe-958x538.jpg?fit=958%2C538&ssl=1","jetpack_likes_enabled":true,"jetpack_sharing_enabled":true,"_links":{"self":[{"href":"https:\/\/miradordeatarfe.es\/index.php?rest_route=\/wp\/v2\/posts\/24701","targetHints":{"allow":["GET"]}}],"collection":[{"href":"https:\/\/miradordeatarfe.es\/index.php?rest_route=\/wp\/v2\/posts"}],"about":[{"href":"https:\/\/miradordeatarfe.es\/index.php?rest_route=\/wp\/v2\/types\/post"}],"author":[{"embeddable":true,"href":"https:\/\/miradordeatarfe.es\/index.php?rest_route=\/wp\/v2\/users\/1"}],"replies":[{"embeddable":true,"href":"https:\/\/miradordeatarfe.es\/index.php?rest_route=%2Fwp%2Fv2%2Fcomments&post=24701"}],"version-history":[{"count":1,"href":"https:\/\/miradordeatarfe.es\/index.php?rest_route=\/wp\/v2\/posts\/24701\/revisions"}],"predecessor-version":[{"id":24703,"href":"https:\/\/miradordeatarfe.es\/index.php?rest_route=\/wp\/v2\/posts\/24701\/revisions\/24703"}],"wp:featuredmedia":[{"embeddable":true,"href":"https:\/\/miradordeatarfe.es\/index.php?rest_route=\/wp\/v2\/media\/24702"}],"wp:attachment":[{"href":"https:\/\/miradordeatarfe.es\/index.php?rest_route=%2Fwp%2Fv2%2Fmedia&parent=24701"}],"wp:term":[{"taxonomy":"category","embeddable":true,"href":"https:\/\/miradordeatarfe.es\/index.php?rest_route=%2Fwp%2Fv2%2Fcategories&post=24701"},{"taxonomy":"post_tag","embeddable":true,"href":"https:\/\/miradordeatarfe.es\/index.php?rest_route=%2Fwp%2Fv2%2Ftags&post=24701"}],"curies":[{"name":"wp","href":"https:\/\/api.w.org\/{rel}","templated":true}]}}