{"id":24734,"date":"2018-06-27T08:30:18","date_gmt":"2018-06-27T06:30:18","guid":{"rendered":"http:\/\/miradordeatarfe.es\/?p=24734"},"modified":"2018-06-25T19:33:19","modified_gmt":"2018-06-25T17:33:19","slug":"dura-advertencia-de-facua-a-quien-este-pensando-en-entrevistar-a-la-manada","status":"publish","type":"post","link":"https:\/\/miradordeatarfe.es\/?p=24734","title":{"rendered":"Dura advertencia de FACUA a quien est\u00e9 pensando en entrevistar a \u2018La Manada\u2019"},"content":{"rendered":"<div class=\"col-sm-12\">\n<div class=\"field field-name-field-subt-tulo field-type-text field-label-hidden\">\n<div class=\"field-items\">\n<div class=\"field-item even\" style=\"text-align: justify;\">El portavoz de la asociaci\u00f3n de consumidores tiene claro lo que pasar\u00e1 en redes sociales el d\u00eda despu\u00e9s de que alg\u00fan medio de voz a los condenados<\/div>\n<\/div>\n<\/div>\n<\/div>\n<p style=\"text-align: justify;\"><!--more--><\/p>\n<div class=\"col-sm-8 articulo_bodycol\">\n<div class=\"row\">\n<div class=\"col-sm-12 cuerpo_articulo\">\n<div>\n<div class=\"field field-name-body field-type-text-with-summary field-label-hidden\">\n<div class=\"field-items\">\n<div class=\"field-item even\">\n<p style=\"text-align: justify;\">La organizaci\u00f3n de consumidores <strong>FACUA<\/strong> ha lanzado un m\u00e1s que clara advertencia a todos aquellos medios de comunicaci\u00f3n que est\u00e9n estudiando entrevistar a alguno de los miembros de<i> La Manada<\/i> que el pasado viernes abandonaron la prisi\u00f3n tras dos a\u00f1os.<\/p>\n<p style=\"text-align: justify;\">El encargado de hacer el contundente aviso ha sido el periodista y portavoz de la organizaci\u00f3n, Rub\u00e9n S\u00e1nchez que, a trav\u00e9s de su cuenta de Twitter, ha escrito a lo que se expondr\u00eda cualquier programa que pagase \u201ca los miembros de <em>La Manada<\/em> por una entrevista\u201d, se les dar\u00e1 donde m\u00e1s les duele, en la publicidad. \u201cCircular\u00e1 por WhatsApp, Telegram, Twitter y Facebook la lista de sus anunciantes\u201d y <strong>\u201cmillones de consumidores ser\u00e1n llamados al boicot\u201d.<\/strong><\/p>\n<blockquote class=\"twitter-tweet\" data-lang=\"es\">\n<p dir=\"ltr\" lang=\"es\"><em>Si alg\u00fan programa de tv negocia pagar a los miembros de La Manada por una entrevista, deber\u00edan valorar que minutos despu\u00e9s de que se emita, circular\u00e1 por WhatsApp, Telegram, Twitter y Facebook la lista de sus anunciantes. Millones de consumidores ser\u00e1n llamados al boicot.<\/em><\/p>\n<p><em>\u2014 Rub\u00e9n S\u00e1nchez &#8211; Timocracia.com (@RubenSanchezTW) <a href=\"https:\/\/twitter.com\/RubenSanchezTW\/status\/1010627441008758784?ref_src=twsrc%5Etfw\">23 de junio de 2018<\/a><\/em><\/p><\/blockquote>\n<p style=\"text-align: justify;\">La amenaza de FACUA es clara, los cinco condenados por abuso sexual tendr\u00edan su minuto de gloria, pero el programa que se lo diese se enfrentar\u00eda al activismo de internet, donde el movimiento contra la sentencia de <em>La Manada<\/em> ha sido muy fuerte, que <strong>llamar\u00eda al boicot sin paliativos a cualquier marca que se anuncie en el espacio, ya sea televisivo, radiof\u00f3nico o escrito.<\/strong><\/p>\n<p style=\"text-align: justify;\">Muchos otros usuarios han secundado la propuesta de Rub\u00e9n S\u00e1nchez, anunciando que se sumar\u00edan al boicot y recordando que esta estrategia ya acab\u00f3 con un programa de televisi\u00f3n, <em>La Noria<\/em> de Telecinco, despu\u00e9s de que pagase por entrevistar a <b>la madre de El Cuco, <\/b>el menor implicado en la desaparici\u00f3n y muerte de Marta del Castillo.<\/p>\n<blockquote class=\"twitter-tweet\" data-conversation=\"none\" data-lang=\"es\">\n<p dir=\"ltr\" lang=\"es\"><em>Yo tambi\u00e9n me sumo a la iniciativa y me voy a tomar la molestia de llamar x tel\u00e9fono a los servicios de atenci\u00f3n al cliente de esas marcas patrocinadoras anunciandoles que voy a dejar de consumir sus productos x financiar bazofia. Ya lo hice con Movistar cuando contrataron a Rato<\/em><\/p>\n<p><em>\u2014 Anxo Rdguez Losada (@AnxoLosada) <a href=\"https:\/\/twitter.com\/AnxoLosada\/status\/1010630278501535748?ref_src=twsrc%5Etfw\">23 de junio de 2018<\/a><\/em><\/p><\/blockquote>\n<div class=\" hidden-xs anuncio\" style=\"text-align: justify;\">\n<div id=\"Anteread\"><\/div>\n<\/div>\n<blockquote class=\"twitter-tweet\" data-conversation=\"none\" data-lang=\"es\">\n<p dir=\"ltr\" lang=\"es\"><em>Y no es mejor hacer boicot a la Televisora de turno.<\/em><br \/>\n<em>Dejan de tener audiencia y dejan de hacer la bazofia de programas.<\/em><br \/>\n<em>El problema es que como locos todos a mirar el show<\/em><\/p>\n<p><em>\u2014 Atraco a la Pension (@atracopension) <a href=\"https:\/\/twitter.com\/atracopension\/status\/1010671771513688064?ref_src=twsrc%5Etfw\">23 de junio de 2018<\/a><\/em><\/p><\/blockquote>\n<blockquote class=\"twitter-tweet\" data-conversation=\"none\" data-lang=\"es\">\n<p dir=\"ltr\" lang=\"es\"><em>Despu\u00e9s de lo que paso con la llamada a la accion de <a href=\"https:\/\/twitter.com\/PabloHerreros?ref_src=twsrc%5Etfw\">@PabloHerreros<\/a> dudo much\u00edsimo que ning\u00fan medio se lo est\u00e9 planteando<\/em><\/p>\n<p><em>\u2014 Miguel \u00c1ngel Gonzalo (@miguelgonzalo) <a href=\"https:\/\/twitter.com\/miguelgonzalo\/status\/1010912206534430725?ref_src=twsrc%5Etfw\">24 de junio de 2018<\/a><\/em><\/p><\/blockquote>\n<p style=\"text-align: justify;\">De llegar el momento en que alg\u00fan medio de comunicaci\u00f3n diese el paso y pagase a La Manada por una entrevista, \u00bfse producir\u00eda este gran boicot que amenaza FACUA?<\/p>\n<p>&nbsp;<\/p>\n<p><a href=\"https:\/\/www.elplural.com\/comunicacion\/2018\/06\/25\/facua-amenaza-quien-pensando-entrevistar-la-manada\">https:\/\/www.elplural.com\/comunicacion\/2018\/06\/25\/facua-amenaza-quien-pensando-entrevistar-la-manada<\/a><\/p>\n<\/div>\n<\/div>\n<\/div>\n<\/div>\n<\/div>\n<\/div>\n<\/div>\n","protected":false},"excerpt":{"rendered":"<p>El portavoz de la asociaci\u00f3n de consumidores tiene claro lo que pasar\u00e1 en redes sociales&#8230;<\/p>\n","protected":false},"author":1,"featured_media":24735,"comment_status":"closed","ping_status":"closed","sticky":false,"template":"","format":"standard","meta":{"_coblocks_attr":"","_coblocks_dimensions":"","_coblocks_responsive_height":"","_coblocks_accordion_ie_support":"","jetpack_post_was_ever_published":false,"_jetpack_newsletter_access":"","_jetpack_dont_email_post_to_subs":false,"_jetpack_newsletter_tier_id":0,"_jetpack_memberships_contains_paywalled_content":false,"_jetpack_memberships_contains_paid_content":false,"footnotes":"","jetpack_publicize_message":"","jetpack_publicize_feature_enabled":true,"jetpack_social_post_already_shared":false,"jetpack_social_options":{"image_generator_settings":{"template":"highway","default_image_id":0,"enabled":false},"version":2}},"categories":[1161,14,186,44,15],"tags":[2848,4916,5144],"class_list":["post-24734","post","type-post","status-publish","format-standard","has-post-thumbnail","hentry","category-ciudadania","category-feminismo","category-instituciones","category-noticias-de-hoy","category-ultimas-noticias","tag-entrevistas","tag-la-manada","tag-televisiones"],"jetpack_publicize_connections":[],"jetpack_featured_media_url":"https:\/\/i0.wp.com\/miradordeatarfe.es\/wp-content\/uploads\/2018\/06\/la_manada.jpg?fit=1200%2C480&ssl=1","jetpack_likes_enabled":true,"jetpack_sharing_enabled":true,"_links":{"self":[{"href":"https:\/\/miradordeatarfe.es\/index.php?rest_route=\/wp\/v2\/posts\/24734","targetHints":{"allow":["GET"]}}],"collection":[{"href":"https:\/\/miradordeatarfe.es\/index.php?rest_route=\/wp\/v2\/posts"}],"about":[{"href":"https:\/\/miradordeatarfe.es\/index.php?rest_route=\/wp\/v2\/types\/post"}],"author":[{"embeddable":true,"href":"https:\/\/miradordeatarfe.es\/index.php?rest_route=\/wp\/v2\/users\/1"}],"replies":[{"embeddable":true,"href":"https:\/\/miradordeatarfe.es\/index.php?rest_route=%2Fwp%2Fv2%2Fcomments&post=24734"}],"version-history":[{"count":1,"href":"https:\/\/miradordeatarfe.es\/index.php?rest_route=\/wp\/v2\/posts\/24734\/revisions"}],"predecessor-version":[{"id":24736,"href":"https:\/\/miradordeatarfe.es\/index.php?rest_route=\/wp\/v2\/posts\/24734\/revisions\/24736"}],"wp:featuredmedia":[{"embeddable":true,"href":"https:\/\/miradordeatarfe.es\/index.php?rest_route=\/wp\/v2\/media\/24735"}],"wp:attachment":[{"href":"https:\/\/miradordeatarfe.es\/index.php?rest_route=%2Fwp%2Fv2%2Fmedia&parent=24734"}],"wp:term":[{"taxonomy":"category","embeddable":true,"href":"https:\/\/miradordeatarfe.es\/index.php?rest_route=%2Fwp%2Fv2%2Fcategories&post=24734"},{"taxonomy":"post_tag","embeddable":true,"href":"https:\/\/miradordeatarfe.es\/index.php?rest_route=%2Fwp%2Fv2%2Ftags&post=24734"}],"curies":[{"name":"wp","href":"https:\/\/api.w.org\/{rel}","templated":true}]}}