{"id":24740,"date":"2018-06-30T10:54:33","date_gmt":"2018-06-30T08:54:33","guid":{"rendered":"http:\/\/miradordeatarfe.es\/?p=24740"},"modified":"2018-06-30T11:09:10","modified_gmt":"2018-06-30T09:09:10","slug":"amalia-jimenez-la-transgresion-en-estado-puro","status":"publish","type":"post","link":"https:\/\/miradordeatarfe.es\/?p=24740","title":{"rendered":"Amalia Jim\u00e9nez, la transgresi\u00f3n en estado puro"},"content":{"rendered":"<p>&nbsp;<\/p>\n<p style=\"text-align: justify;\">Fue una de las seis mujeres diputadas en la primera legislatura del Parlamento de Andaluc\u00eda (1982-1986).Ginec\u00f3loga de formaci\u00f3n, present\u00f3 una iniciativa para que a todas las mujeres les pudiera hacer una prueba de detecci\u00f3n precoz del c\u00e1ncer ginecol\u00f3gico<!--more--><\/p>\n<div class=\"pg-body\">\n<div class=\"mce-body \">\n<p class=\"mce\" style=\"text-align: justify;\">Tiene la voz quebrada, la mirada de las que inquietan y una seguridad en s\u00ed misma que hace sentirse en inferioridad emocional al entrevistador. En ella es f\u00e1cil adivinar los estorbos del sinvivir por debajo de su alegr\u00eda. Sus rasgos son de una notoria contundencia racial y remiten a la vez al cartel de una pel\u00edcula antigua con mujer de gesto interesante al fondo o a una efigie egipcia de la que se requiere un modelo de belleza tard\u00eda. De vez en cuando le brilla en la mirada felina un destello de un recuerdo revestido de malicia del que quiere hacer part\u00edcipe al preguntador, pero con una advertencia clara: \u00abEso te lo digo para que lo sepas, no para que lo pongas\u00bb. Cuando cuenta cosas lo hace a borbotones y siempre confiando en que todo lo que sale de su boca va a pasar por el cedazo comprensivo del que escucha. Amalia Jim\u00e9nez ten\u00eda 34 a\u00f1os cuando fue una las seis mujeres diputadas en la primera legislatura del Parlamento de Andaluc\u00eda (1982-1986). Era una joven ginec\u00f3loga que estaba muy comprometida con aquellos que sufr\u00edan alg\u00fan tipo de marginaci\u00f3n. En los a\u00f1os setenta, con el franquismo a punto de expirar, Amalia Jim\u00e9nez se implic\u00f3 en la necesidad de explicar a las mujeres m\u00e9todos anticonceptivos. Iniciadora del Instituto de la Mujer, fue miembro fundadora y presidenta de la asociaci\u00f3n Andaluza de Planificaci\u00f3n Familiar. Cuatro a\u00f1os despu\u00e9s de ser diputada dej\u00f3 la pol\u00edtica y se parapet\u00f3 en la modestia originaria de su profesi\u00f3n y de su familia. Se convirti\u00f3 en lo que siempre hab\u00eda querido ser: una mujer an\u00f3nima entre los suyos, con su decencia, su entereza y su gozo. Esa suerte de regreso a lo que uno ha sido antes de ser, constituye sin duda un paradigma de la aleccionadora n\u00f3mina de los bien nacidos. Ahora es feliz con lo que tiene, sobre todo con su nieta de siete a\u00f1os que, dice, le abre las ganas de vivir.<\/p>\n<blockquote class=\"blockquote inset inset-R inset-R-w6\">\n<figure>Tiene tres hijos y una nieta de siete a\u00f1os que vive en Madrid que, dice, le abre las ganas de vivir<\/figure>\n<\/blockquote>\n<h2 class=\"mce\" style=\"text-align: justify;\">Le gustaban las matem\u00e1ticas<\/h2>\n<p class=\"mce\" style=\"text-align: justify;\">La conversaci\u00f3n (cada vez m\u00e1s me resisto a llamar entrevistas a estas charlas con amigos) se desarrolla en la consulta ginecol\u00f3gica que ella tiene a medias con otra compa\u00f1era en la calle Duquesa. All\u00ed, en aquel peque\u00f1o pero coqueto espacio, Amalia tiene resumida su existencia. Est\u00e1n las primeras pinturas que salieron de su paleta hace a\u00f1os y est\u00e1n en fotos o en im\u00e1genes las personas que han sido referencia en su vida: el profesor Vicente Salvatierra, la matem\u00e1tica y astr\u00f3noma Hipatia de Alejandr\u00eda o Margareth Sanger, aquella enfermera activista que protagoniz\u00f3 varios casos judiciales que facilitaron la legalizaci\u00f3n de la anticoncepci\u00f3n en los Estados Unidos. Sin duda aquel es un lugar propicio para contar una vida.<\/p>\n<div class=\"inset-auto\" style=\"text-align: justify;\">\n<figure class=\"image-holder\"><span class=\"obj-img hmedia\"> <a class=\"fn\" href=\"https:\/\/www.granadahoy.com\/2018\/06\/24\/granada\/Amalia-Jimenez-Vicente-Salvatierra-PSOE_1257484577_86312622_667x386.jpg\" rel=\"enclosure\" type=\"image\/jpeg\">Amalia Jim\u00e9nez con su maestro Vicente Salvatierra.<\/a> <img data-recalc-dims=\"1\" loading=\"lazy\" decoding=\"async\" class=\"photo lazy\" src=\"https:\/\/i0.wp.com\/www.granadahoy.com\/2018\/06\/24\/granada\/Amalia-Jimenez-Vicente-Salvatierra-PSOE_1257484577_86312622_667x386.jpg?resize=640%2C370&#038;ssl=1\" alt=\"Amalia Jim\u00e9nez con su maestro Vicente Salvatierra.\" width=\"640\" height=\"370\" data-src=\"\/2018\/06\/24\/granada\/Amalia-Jimenez-Vicente-Salvatierra-PSOE_1257484577_86312622_667x386.jpg\" \/><\/span><figcaption>\n<div class=\"footnote\">\n<p class=\"text\">Amalia Jim\u00e9nez con su maestro Vicente Salvatierra. <wbr \/><\/p>\n<\/div>\n<\/figcaption><\/figure>\n<\/div>\n<p class=\"mce\" style=\"text-align: justify;\">Amalia ve la luz del d\u00eda en Padul, localidad donde nace en 1947. Se queda hu\u00e9rfana de padre a los cinco a\u00f1os y recuerda su infancia con sus abuelos, t\u00edos y primos en una gran casa molino que ten\u00eda la familia en donde hab\u00eda muchos animales y donde ella est\u00e1 permanentemente en contacto con la naturaleza. All\u00ed, en su pueblo, va a la escuela unitaria de Encarnaci\u00f3n Villaverde, una mujer que, a su parecer, despert\u00f3 muchas vocaciones profesionales entre la ni\u00f1er\u00eda. \u00abElla y otro maestro que hab\u00eda, hicieron que muchos ni\u00f1os nos interes\u00e1ramos por estudiar. Yo creo que por eso hay tantas personas de aquella generaci\u00f3n que tienen carrera universitaria en Padul\u00bb.<\/p>\n<p class=\"mce\" style=\"text-align: justify;\">Desde muy corta edad, Amalia destaca en los estudios y estudia Magisterio a la vez que hace Bachiller. \u00abEs que por aquellos a\u00f1os todav\u00eda no hab\u00eda tele\u00bb, dice en tono ir\u00f3nico. Estudia en el Colegio Cristo Rey y hace la selectividad por Ciencias porque lo que se le daban bien eran las Matem\u00e1ticas.<\/p>\n<p class=\"mce\" style=\"text-align: justify;\">-Pero luego me di cuenta que lo que no me gustaba era la ense\u00f1anza. Por eso hice Medicina. En un primer momento quise ser neurocirujana, pero ser mujer era algo que estaba en mi contra por aquel ambiente machista que exist\u00eda en la Universidad. Fue entonces cuando hice Ginecolog\u00eda, que si bien al principio no me entusiasmaba (hasta me desmay\u00e9 asistiendo a una ces\u00e1rea) luego me enamor\u00e9 de la especialidad.<\/p>\n<div class=\"inset inset-R inset-R-w7\" style=\"text-align: justify;\">\n<figure class=\"image-holder\"><span class=\"obj-img hmedia\"> <a class=\"fn\" href=\"https:\/\/www.granadahoy.com\/2018\/06\/24\/granada\/transgresion-puroamalia-jimenez_1257484581_86312620_667x453.jpg\" rel=\"enclosure\" type=\"image\/jpeg\">En un viaje por Panam\u00e1.<\/a> <img data-recalc-dims=\"1\" loading=\"lazy\" decoding=\"async\" class=\"photo lazy\" src=\"https:\/\/i0.wp.com\/www.granadahoy.com\/2018\/06\/24\/granada\/transgresion-puroamalia-jimenez_1257484581_86312620_667x453.jpg?resize=640%2C435&#038;ssl=1\" alt=\"En un viaje por Panam\u00e1.\" width=\"640\" height=\"435\" data-src=\"\/2018\/06\/24\/granada\/transgresion-puroamalia-jimenez_1257484581_86312620_667x453.jpg\" \/><\/span><figcaption>\n<div class=\"footnote\">\n<p class=\"text\">En un viaje por Panam\u00e1. <wbr \/><\/p>\n<\/div>\n<\/figcaption><\/figure>\n<\/div>\n<p class=\"mce\" style=\"text-align: justify;\">Cuando habla, a Amalia se le adivina una juventud hermosa y sin manipular capaz de poner en solfa cualquier atisbo de intolerancia social. Ella se considera una transgresora y crey\u00f3 que en aquellos a\u00f1os de juventud hab\u00eda que implicarse para transformar la sociedad. Su primer contacto con la pol\u00edtica fue en la Facultad de Medicina de la Universidad de Granada en 1970 -1971 por un conflicto abierto por las pr\u00e1cticas. Hay una huelga y ella, cuando estudia quinto de Medicina, es la encargada de llevar a los alumnos por todos los hospitales para que hagan pr\u00e1cticas. Despu\u00e9s se hace sindicalista y representa a UGT en el Insalud. Participa en la negociaci\u00f3n de las transferencias en materia sanitaria para Andaluc\u00eda. Asimismo, desde el sindicato participa en la redacci\u00f3n de la Ley General de Sanidad, defendiendo sobre todo, los derechos del paciente.<\/p>\n<p class=\"mce\" style=\"text-align: justify;\">-No hab\u00eda sarao en donde no estuviera. Adem\u00e1s, iba por libre, me sent\u00eda bien ayudando a los dem\u00e1s en sus reivindicaciones, que por aquellos a\u00f1os eran muchas y muy diferentes.<\/p>\n<p class=\"mce\" style=\"text-align: justify;\">En los a\u00f1os setenta Amalia Jim\u00e9nez tambi\u00e9n se implica en la necesidad de explicar a las mujeres m\u00e9todos anticonceptivos. Trabaja en 1973 en una Unidad de Planificaci\u00f3n Familiar, algo que vulnera las normas de la moral y las buenas costumbres de la \u00e9poca pero que ella cree conveniente para el desarrollo de la mujer.<\/p>\n<h2 class=\"mce\" style=\"text-align: justify;\">En el PSOE<\/h2>\n<div class=\"inset inset-L inset-L-w7\" style=\"text-align: justify;\">\n<h5 class=\"image-holder\"><span class=\"obj-img hmedia\"> <img data-recalc-dims=\"1\" loading=\"lazy\" decoding=\"async\" class=\"photo lazy\" src=\"https:\/\/i0.wp.com\/www.granadahoy.com\/2018\/06\/24\/granada\/transgresion-puroamalia-jimenez_1257484584_86312621_667x661.jpg?resize=430%2C425&#038;ssl=1\" alt=\"La que fuera parlamentaria andaluza con el PSOE en la primera legislatura, hablando en una conferencia p\u00fablica.\" width=\"430\" height=\"425\" data-src=\"\/2018\/06\/24\/granada\/transgresion-puroamalia-jimenez_1257484584_86312621_667x661.jpg\" \/><\/span><\/h5>\n<div class=\"footnote\">\n<p class=\"text\">La que fuera parlamentaria andaluza con el PSOE en la primera legislatura, hablando en una conferencia p\u00fablica. <wbr \/><\/p>\n<\/div>\n<\/div>\n<p class=\"mce\" style=\"text-align: justify;\">Est\u00e1 dando clases de Ginecolog\u00eda en la Facultad cuando contacta con ella Mar\u00eda Izquierdo para montar el Centro Asesor de la Mujer. Estamos en 1976 y ya ha muerto Franco. En ese a\u00f1o Amalia se afilia al PSOE y poco despu\u00e9s forma parte de la Ejecutiva provincial. Entonces llegan las primeras elecciones para elegir al Parlamento Andaluz.<\/p>\n<p class=\"mce\" style=\"text-align: justify;\">-Yo estaba embarazada de mi tercer hijo. Recuerdo que cumpl\u00eda el mismo d\u00eda en que se celebraron las elecciones, aunque luego se retras\u00f3 el parto. A m\u00ed, la verdad, no me apetec\u00eda, pero hab\u00eda que cerrar una lista. Me pusieron la n\u00famero ocho, que esper\u00e1bamos que no saliera. Pero mira por donde salgo elegida.<\/p>\n<p class=\"mce\" style=\"text-align: justify;\">Amalia recuerda aquella etapa como muy interesante porque estaba todo por hacer y porque, dentro de la pol\u00edtica, hab\u00eda un ambiente de servicio a los dem\u00e1s y de querer cambiar las cosas. Mientras me lo cuenta, se remueve inquieta en una silla en la que ha tenido que poner unos cojines porque siente un poco maltrecha su espalda. A veces para de hablar, cuelga su mirada en alg\u00fan punto del recinto durante unos segundos y vuelve a arrancar.<\/p>\n<p class=\"mce\" style=\"text-align: justify;\">-Muchas veces cuando se habla de la autonom\u00eda andaluza no se dice que los verdaderos protagonistas fueron los andaluces, aquellos que compraron deuda p\u00fablica para que el Parlamento Andaluz reci\u00e9n creado tuviera sus primeros presupuestos.<\/p>\n<p class=\"mce\" style=\"text-align: justify;\">Pero ella ten\u00eda por entonces una ilusi\u00f3n enorme. Le ayudaba su madre y varias personas m\u00e1s a cuidar de sus hijos peque\u00f1os mientras estaba en Sevilla. Es entonces cuando presenta una iniciativa legislativa para que todas las mujeres pudieran hacerse una prueba de detecci\u00f3n precoz del c\u00e1ncer ginecol\u00f3gico.<\/p>\n<p class=\"mce\" style=\"text-align: justify;\">-Todos los grupos apoyaron esta iniciativa, menos, f\u00edjate que curioso, el Partido Comunista. Este partido, no s\u00e9 por qu\u00e9, vio como sus principales enemigos a los socialistas, cuando en realidad sus enemigos estaban en la derecha. Yo, la verdad, es que no lo comprend\u00eda.<\/p>\n<p class=\"mce\" style=\"text-align: justify;\">Dice que se acuerda de que los parlamentarios se dejaban la piel para favorecer el cambio que la sociedad demandaba y que hab\u00eda en el Parlamento un ambiente de cordialidad y de entendimiento para sacar adelante las cosas que Andaluc\u00eda necesitaba. Y que por eso ella estaba a gusto en la pol\u00edtica.<\/p>\n<p class=\"mce\" style=\"text-align: justify;\">-Ahora no podr\u00eda estar, me horroriza las luchas internas dentro de los partidos para alcanzar el poder. Las cosas han cambiado mucho y ya no se ve la pol\u00edtica como un servicio a los dem\u00e1s. Los pol\u00edticos de ahora piensan m\u00e1s en ellos mismos que en la sociedad a la que est\u00e1n obligados a servir. Por eso no me extra\u00f1a nada que est\u00e9 hoy d\u00eda tan desprestigiada la pol\u00edtica.<\/p>\n<h2 class=\"mce\" style=\"text-align: justify;\">De vuelta a su profesi\u00f3n<\/h2>\n<div class=\"inset inset-L inset-L-w7\" style=\"text-align: justify;\">\n<figure class=\"image-holder\"><span class=\"obj-img hmedia\"> <img data-recalc-dims=\"1\" loading=\"lazy\" decoding=\"async\" class=\"photo lazy\" src=\"https:\/\/i0.wp.com\/www.granadahoy.com\/2018\/06\/24\/granada\/transgresion-puroamalia-jimenez_1257484591_86305372_667x375.jpg?resize=640%2C360&#038;ssl=1\" alt=\"La exparlamentaria nacida en Padul en el a\u00f1o 1947, pintando un trampantojo en una foto reciente.\" width=\"640\" height=\"360\" data-src=\"\/2018\/06\/24\/granada\/transgresion-puroamalia-jimenez_1257484591_86305372_667x375.jpg\" \/><\/span><figcaption>\n<div class=\"footnote\">\n<p class=\"text\">La exparlamentaria nacida en Padul en el a\u00f1o 1947, pintando un trampantojo en una foto reciente. <wbr \/><\/p>\n<\/div>\n<\/figcaption><\/figure>\n<\/div>\n<p class=\"mce\" style=\"text-align: justify;\">Cuando sale de diputada se da de baja en el PSOE por cuestiones personales que no quiere explicar. Dentro de esos ojos inquietantes que te analizan furtivamente cuando te descuidas, se nota una reserva ir\u00f3nica de muchas cosas que sabe, que ha visto y que prefiere no tocar. Pero lo hace desde esa sabidur\u00eda que da la edad y que minimiza cualquier conato de intransigencia ajena. De lo que s\u00ed est\u00e1 segura es que despu\u00e9s de su paso por la pol\u00edtica, lo que desea es dedicarse a su profesi\u00f3n y a su familia. Habla con pasi\u00f3n de sus hijos, de su hija mayor que es abogada, de su hijo Horacio Cruz que es profesor y un afamado &#8216;deejay&#8217; de m\u00fasica tecno, y de su hijo Marcelo, que es fisioterapeuta en el hospital de San Rafael. Dice lo m\u00e1s emocionante que le ha pasado en su vida es ser abuela y que no le importa coger un d\u00eda el avi\u00f3n e irse a ver a su nieta, con la que pasa momentos memorables.<\/p>\n<p class=\"mce\" style=\"text-align: justify;\">Se ve que a Amalia le gusta vivir y no cree que la edad sea un impedimento para seguir haciendo cosas. Su curiosidad cultural es insaciable. Dice que le encanta pintar, ir al cine, al teatro, viajar, leer y aprender italiano porque en aquel pa\u00eds tiene familia y muchos amigos. Dice que tambi\u00e9n escribe (\u00abhace poco particip\u00e9 en una espiral de poes\u00eda\u00bb) y que desde hace relativamente poco tiempo ha descubierto otra pasi\u00f3n: El flamenco.<\/p>\n<p class=\"mce\" style=\"text-align: justify;\">-Pero hay una cosa que me gusta mucho. Es invitar en mi casa a comer a mis amigos.<\/p>\n<p class=\"mce\" style=\"text-align: justify;\">-\u00bfMe consideras tu amigo?<\/p>\n<p class=\"mce\" style=\"text-align: justify;\">-Claro.<\/p>\n<p>ANDRES C\u00c1RDENAS<\/p>\n<p><a href=\"https:\/\/www.granadahoy.com\/granada\/transgresion-puroamalia-jimenez_0_1257474670.html\">https:\/\/www.granadahoy.com\/granada\/transgresion-puroamalia-jimenez_0_1257474670.html<\/a><\/p>\n<\/div>\n<\/div>\n<p>&nbsp;<\/p>\n","protected":false},"excerpt":{"rendered":"<p>&nbsp; Fue una de las seis mujeres diputadas en la primera legislatura del Parlamento de&#8230;<\/p>\n","protected":false},"author":1,"featured_media":24847,"comment_status":"closed","ping_status":"closed","sticky":false,"template":"","format":"standard","meta":{"_coblocks_attr":"","_coblocks_dimensions":"","_coblocks_responsive_height":"","_coblocks_accordion_ie_support":"","jetpack_post_was_ever_published":false,"_jetpack_newsletter_access":"","_jetpack_dont_email_post_to_subs":false,"_jetpack_newsletter_tier_id":0,"_jetpack_memberships_contains_paywalled_content":false,"_jetpack_memberships_contains_paid_content":false,"footnotes":"","jetpack_publicize_message":"","jetpack_publicize_feature_enabled":true,"jetpack_social_post_already_shared":false,"jetpack_social_options":{"image_generator_settings":{"template":"highway","default_image_id":0,"enabled":false},"version":2}},"categories":[1161,14,44,15],"tags":[5152,1882,5153],"class_list":["post-24740","post","type-post","status-publish","format-standard","has-post-thumbnail","hentry","category-ciudadania","category-feminismo","category-noticias-de-hoy","category-ultimas-noticias","tag-amalia-jimenez","tag-diputada","tag-ginecologa"],"jetpack_publicize_connections":[],"jetpack_featured_media_url":"https:\/\/i0.wp.com\/miradordeatarfe.es\/wp-content\/uploads\/2018\/06\/Amalia-Jimenez-charla-animada-nieta_1257484574_86304599_667x375.jpg?fit=667%2C375&ssl=1","jetpack_likes_enabled":true,"jetpack_sharing_enabled":true,"_links":{"self":[{"href":"https:\/\/miradordeatarfe.es\/index.php?rest_route=\/wp\/v2\/posts\/24740","targetHints":{"allow":["GET"]}}],"collection":[{"href":"https:\/\/miradordeatarfe.es\/index.php?rest_route=\/wp\/v2\/posts"}],"about":[{"href":"https:\/\/miradordeatarfe.es\/index.php?rest_route=\/wp\/v2\/types\/post"}],"author":[{"embeddable":true,"href":"https:\/\/miradordeatarfe.es\/index.php?rest_route=\/wp\/v2\/users\/1"}],"replies":[{"embeddable":true,"href":"https:\/\/miradordeatarfe.es\/index.php?rest_route=%2Fwp%2Fv2%2Fcomments&post=24740"}],"version-history":[{"count":1,"href":"https:\/\/miradordeatarfe.es\/index.php?rest_route=\/wp\/v2\/posts\/24740\/revisions"}],"predecessor-version":[{"id":24741,"href":"https:\/\/miradordeatarfe.es\/index.php?rest_route=\/wp\/v2\/posts\/24740\/revisions\/24741"}],"wp:featuredmedia":[{"embeddable":true,"href":"https:\/\/miradordeatarfe.es\/index.php?rest_route=\/wp\/v2\/media\/24847"}],"wp:attachment":[{"href":"https:\/\/miradordeatarfe.es\/index.php?rest_route=%2Fwp%2Fv2%2Fmedia&parent=24740"}],"wp:term":[{"taxonomy":"category","embeddable":true,"href":"https:\/\/miradordeatarfe.es\/index.php?rest_route=%2Fwp%2Fv2%2Fcategories&post=24740"},{"taxonomy":"post_tag","embeddable":true,"href":"https:\/\/miradordeatarfe.es\/index.php?rest_route=%2Fwp%2Fv2%2Ftags&post=24740"}],"curies":[{"name":"wp","href":"https:\/\/api.w.org\/{rel}","templated":true}]}}