{"id":2475,"date":"2015-06-19T07:21:55","date_gmt":"2015-06-19T07:21:55","guid":{"rendered":"http:\/\/miradordeatarfe.es\/?p=2475"},"modified":"2015-06-20T09:23:25","modified_gmt":"2015-06-20T09:23:25","slug":"la-paridad-no-llega-al-area-metropolitana","status":"publish","type":"post","link":"https:\/\/miradordeatarfe.es\/?p=2475","title":{"rendered":"La paridad no llega al \u00c1rea Metropolitana"},"content":{"rendered":"<p style=\"text-align: justify;\"><strong>Solo 8 de los 32 bastones de mando est\u00e1n ostentados por mujeres<\/strong> \u00b7 13 ayuntamientos, menos de la mitad, cambian el rostro de sus alcaldes tras las investiduras<!--more--><\/p>\n<p style=\"text-align: justify;\">La paridad tan exigida en las instituciones p\u00fablicas tarda en llegar a algunos puntos, entre ellos, al \u00c1rea Metropolitana de <strong>Granada<\/strong>, donde tras la constituci\u00f3n de sus 32 alcald\u00edas sigue patente que los hombres con bast\u00f3n de mando ser\u00e1n el triple que las mujeres para una comarca en la que solo han cambiado 13 de los rostros con los que los electores acudieron a las urnas.<\/p>\n<p style=\"text-align: justify;\">Pocos cambios se han producido en lo que a hombres y mujeres con bastones de mando se refiere, de modo que aunque ha habido dos localidades en las que ya cuentan con alcaldesa, ahora hay tambi\u00e9n dos menos que tienen a un hombre al frente del Ayuntamiento.<\/p>\n<p style=\"text-align: justify;\">Las modificaciones se han producido en <strong>Villa de Otura<\/strong> y <strong>La Zubia<\/strong>, donde Dolores Plata e Inmaculada Hern\u00e1ndez ya no regentan el Consistorio en favor de Nazario Montes y Antonio Molina respectivamente. El mismo cambio, aunque a la inversa, se ha producido en <strong>Albolote<\/strong> y <strong>C\u00e1jar<\/strong>, donde las socialistas Concepci\u00f3n Ram\u00edrez y Ana Mar\u00eda Garc\u00eda han desbancado a los \u2018populares\u2019 Pablo Garc\u00eda y Fidel Prieto respectivamente.<\/p>\n<p style=\"text-align: justify;\">En el resto de municipio seguir\u00e1n teniendo alcalde o alcaldesa en base a lo que ya ostentaban al frente de su localidad, pese a que se han producido cambios en el signo pol\u00edtico o en sus cabezas de lista.<\/p>\n<p style=\"text-align: justify;\">De hecho, son 13 las localidades del \u00c1rea Metropolitana que han cambiado sus rostros tras las pasadas Elecciones Municipales, como ha sucedido en <strong>Atarfe<\/strong>, con Francisco Rodr\u00edguez (PASI); <strong>Pulianas<\/strong>, con Jos\u00e9 Antonio Campa\u00f1a (PSOE); o <strong>V\u00edznar<\/strong>, con Joaqu\u00edn Caballero (IU).<\/p>\n<p style=\"text-align: justify;\">En <strong>Monachil<\/strong> y <strong>Cenes de la Vega<\/strong> ser\u00e1n ahora dos alcaldes del PSOE los que sustituyan a los del PP, de modo que Jos\u00e9 Morales y Jos\u00e9 Ram\u00f3n Castell\u00f3n han cogido el relevo de F\u00e9lix Rodr\u00edguez y Juli\u00e1n L\u00f3pez. En <strong>Vegas del Genil<\/strong>, Alejandro Mart\u00edn (Ahora Vegas) es el sucesor de Jos\u00e9 Aranda (PP), mientras que en <strong>Pinos Genil<\/strong> Gabriel G\u00f3mez (PGI) afronta el mandato tras el largo periodo de Enrique Jim\u00e9nez (PP).<\/p>\n<p style=\"text-align: justify;\">Por \u00faltimo, en <strong>Alfacar<\/strong> seguir\u00e1 una mujer al frente de la Alcald\u00eda, aunque ser\u00e1 la socialista F\u00e1tima G\u00f3mez en lugar de la popular Inmaculada L\u00f3pez; mientras que Mar\u00eda Nieves L\u00f3pez ser\u00e1 la \u00fanica alcaldesa de IU en el \u2018Cintur\u00f3n\u2019, concretamente en <strong>L\u00e1char<\/strong>, el \u00fanico municipio donde el PSOE ha perdido la Alcald\u00eda que hasta el pasado s\u00e1bado ocupaba Mar\u00eda Angustias Viedma.<\/p>\n<p style=\"text-align: justify;\">Por otra parte, de los 32 alcaldes metropolitanos, solo cuatro de ellos inician su tercer mandato al frene del Consistorio: Noel L\u00f3pez (<strong>Maracena<\/strong>), Jos\u00e9 Antonio Rodr\u00edguez (<strong>Jun<\/strong>), Francisco Plata (<strong>Og\u00edjares<\/strong>) y Francisco J. Rodr\u00edguez (<strong>G\u00f3jar<\/strong>)<\/p>\n<p><a href=\"http:\/\/www.ahoragranada.com\/noticia\/la-paridad-no-llega-al-area-metropolitana\/\">http:\/\/www.ahoragranada.com\/noticia\/la-paridad-no-llega-al-area-metropolitana\/<\/a><\/p>\n","protected":false},"excerpt":{"rendered":"<p>Solo 8 de los 32 bastones de mando est\u00e1n ostentados por mujeres \u00b7 13 ayuntamientos,&#8230;<\/p>\n","protected":false},"author":1,"featured_media":2476,"comment_status":"closed","ping_status":"closed","sticky":false,"template":"","format":"standard","meta":{"_coblocks_attr":"","_coblocks_dimensions":"","_coblocks_responsive_height":"","_coblocks_accordion_ie_support":"","jetpack_post_was_ever_published":false,"_jetpack_newsletter_access":"","_jetpack_dont_email_post_to_subs":false,"_jetpack_newsletter_tier_id":0,"_jetpack_memberships_contains_paywalled_content":false,"_jetpack_memberships_contains_paid_content":false,"footnotes":"","jetpack_publicize_message":"","jetpack_publicize_feature_enabled":true,"jetpack_social_post_already_shared":false,"jetpack_social_options":{"image_generator_settings":{"template":"highway","default_image_id":0,"enabled":false},"version":2}},"categories":[2,14,15],"tags":[41,19,888],"class_list":["post-2475","post","type-post","status-publish","format-standard","has-post-thumbnail","hentry","category-atarfe","category-feminismo","category-ultimas-noticias","tag-feminismo","tag-mujeres","tag-paridad"],"jetpack_publicize_connections":[],"jetpack_featured_media_url":"https:\/\/i0.wp.com\/miradordeatarfe.es\/wp-content\/uploads\/2015\/06\/32-Alcaldes-%C3%81rrea-Metropolitana-552x310.jpg?fit=552%2C310&ssl=1","jetpack_likes_enabled":true,"jetpack_sharing_enabled":true,"_links":{"self":[{"href":"https:\/\/miradordeatarfe.es\/index.php?rest_route=\/wp\/v2\/posts\/2475","targetHints":{"allow":["GET"]}}],"collection":[{"href":"https:\/\/miradordeatarfe.es\/index.php?rest_route=\/wp\/v2\/posts"}],"about":[{"href":"https:\/\/miradordeatarfe.es\/index.php?rest_route=\/wp\/v2\/types\/post"}],"author":[{"embeddable":true,"href":"https:\/\/miradordeatarfe.es\/index.php?rest_route=\/wp\/v2\/users\/1"}],"replies":[{"embeddable":true,"href":"https:\/\/miradordeatarfe.es\/index.php?rest_route=%2Fwp%2Fv2%2Fcomments&post=2475"}],"version-history":[{"count":2,"href":"https:\/\/miradordeatarfe.es\/index.php?rest_route=\/wp\/v2\/posts\/2475\/revisions"}],"predecessor-version":[{"id":2478,"href":"https:\/\/miradordeatarfe.es\/index.php?rest_route=\/wp\/v2\/posts\/2475\/revisions\/2478"}],"wp:featuredmedia":[{"embeddable":true,"href":"https:\/\/miradordeatarfe.es\/index.php?rest_route=\/wp\/v2\/media\/2476"}],"wp:attachment":[{"href":"https:\/\/miradordeatarfe.es\/index.php?rest_route=%2Fwp%2Fv2%2Fmedia&parent=2475"}],"wp:term":[{"taxonomy":"category","embeddable":true,"href":"https:\/\/miradordeatarfe.es\/index.php?rest_route=%2Fwp%2Fv2%2Fcategories&post=2475"},{"taxonomy":"post_tag","embeddable":true,"href":"https:\/\/miradordeatarfe.es\/index.php?rest_route=%2Fwp%2Fv2%2Ftags&post=2475"}],"curies":[{"name":"wp","href":"https:\/\/api.w.org\/{rel}","templated":true}]}}