{"id":24761,"date":"2018-06-28T11:45:52","date_gmt":"2018-06-28T09:45:52","guid":{"rendered":"http:\/\/miradordeatarfe.es\/?p=24761"},"modified":"2018-07-08T12:48:05","modified_gmt":"2018-07-08T10:48:05","slug":"las-escuelas-de-atarfe-en-mejico","status":"publish","type":"post","link":"https:\/\/miradordeatarfe.es\/?p=24761","title":{"rendered":"\u00abLAS ESCUELAS DE ATARFE \u2026 EN M\u00c9JICO\u00bb por Juan de Dios Fern\u00e1ndez"},"content":{"rendered":"<p style=\"text-align: justify;\"><span lang=\"es-ES\">Un grupo de docentes de los colegios de Atarfe viajan esta semana a M\u00e9jico para participar en la Ciudad de La Paz, capital del estado de Baja California del Sur en un foro Internacional sobre innovaci\u00f3n educativa.<\/span><!--more--><\/p>\n<p style=\"text-align: justify;\"><span lang=\"es-ES\">Invitados por la Secretar\u00eda de Educaci\u00f3n P\u00fablica del gobierno de Baja California del Sur, estado del nororeste de M\u00e9jico, en la costa del Pac\u00edfico, un grupo de 10 docentes de diferentes centros de Atarfe y de la UGR, en representaci\u00f3n de los centros de infantil y primaria, van a participar en el 3<\/span><sup><span lang=\"es-ES\">er<\/span><\/sup><span lang=\"es-ES\"> Foro Internacional <\/span><span lang=\"es-ES\"><b>\u201cNUEVAS \u00c1REAS DE DESARROLLO EN EL MODELO EDUCATIVO PARA LA EDUCACI\u00d3N OBLIGATORIA. PERSPECTIVAS Y DESAF\u00cdOS\u201d<\/b><\/span><span lang=\"es-ES\"> al que asistir\u00e1n unos 3000 docentes.<\/span><\/p>\n<p><a href=\"https:\/\/i0.wp.com\/miradordeatarfe.es\/wp-content\/uploads\/2018\/06\/1.png?ssl=1\"><img data-recalc-dims=\"1\" loading=\"lazy\" decoding=\"async\" class=\"size-full wp-image-24764 aligncenter\" src=\"https:\/\/i0.wp.com\/miradordeatarfe.es\/wp-content\/uploads\/2018\/06\/1.png?resize=285%2C177&#038;ssl=1\" alt=\"\" width=\"285\" height=\"177\" \/><\/a><\/p>\n<p style=\"text-align: justify;\"><span lang=\"es-ES\">Desde hace algunos a\u00f1os, docentes de diferentes estados de M\u00e9jico, coordinados por la Asociaci\u00f3n mejicana <a href=\"https:\/\/www.iae.org.mx\/quienes-somos.html\">IAE, ac<\/a> (Innovaci\u00f3n y Asesoramiento Educativo) y el <a href=\"https:\/\/atlantidagranada.wixsite.com\/granada\">Seminario Atl\u00e1ntida<\/a> de Granada, realizan estancias acad\u00e9micas en Granadas. Durante estas estancias, en varias ocasiones han visitado los centros de Atarfe para ver en la pr\u00e1ctica modelos de innovaci\u00f3n educativa, concretamente el trabajo por tareas y proyectos. En abril del pasado a\u00f1o 2017, entre esta comitiva ven\u00eda el Secretario de Educaci\u00f3n P\u00fablica de Baja California, el maestro H\u00e9ctor Jim\u00e9nez. Qued\u00f3 tan impresionado de lo que vio, de c\u00f3mo toda la localidad avanzaba hacia la implementaci\u00f3n del nuevo modelo de escuela del siglo XXI, de la participaci\u00f3n de familias en las escuelas, del apoyo municipal\u2026, de la ilusi\u00f3n colectiva que antes de irse ya dej\u00f3 en marcha el establecer puentes de colaboraci\u00f3n y este pasado febrero ha cursado invitaci\u00f3n para que docentes de Atarfe participen en el 3er Foro Internacional de Innovaci\u00f3n Educativa..<\/span><\/p>\n<p style=\"text-align: justify;\"><a name=\"_GoBack\"><\/a><span lang=\"es-ES\">Se va a participar, tanto en el foro, que se desarrollar\u00e1 entre los d\u00edas 5, 6 y 7 de julio, como en los talleres que se realizan los d\u00edas previos a este y en visitas a centros educativos y reuniones con autoridades educativas. Concretamente los d\u00edas 2, 3 y 4 se realizar\u00e1n visitas a centros escolares y se mantendr\u00e1n intercambio de experiencias con docentes de esos centros, tambi\u00e9n se mantendr\u00e1 una reuni\u00f3n con supervisores educativos (lo que aqu\u00ed es Inspecci\u00f3n) y con autoridades de la Secretar\u00eda de Educaci\u00f3n P\u00fablica. Asimismo, se impartir\u00e1n dos talleres el d\u00eda 4, uno de reflexi\u00f3n sobre \u201cLa formaci\u00f3n Inicial de maestros y maestras\u201d y otro sobre \u201cC\u00f3mo desarrollar proyectos educativos\u201d, en ambos la experiencia de los centros de Atarfe ser\u00e1 la base de reflexi\u00f3n desde la pr\u00e1ctica. En el foro se participar\u00e1 en una Mesa de Di\u00e1logo con el t\u00edtulo <\/span>\u201cProyectos did\u00e1cticos en la escuela para promover mejores aprendizajes\u201d en que expondremos el proceso seguido para avanzar hacia la educaci\u00f3n que precisan los ciudadanos y ciudadanas del siglo XXI y las practicas docentes que se realizan en nuestras aulas. Adem\u00e1s de estas tres intervenciones estructuradas, ser\u00e1n m\u00faltiples los contactos informales entre docentes de aqu\u00ed y de all\u00ed.<\/p>\n<p style=\"text-align: justify;\">Estamos muy ilusionados con esta experiencia, orgullosos por lo que supone de reconocimiento al trabajo realizado durante muchos a\u00f1os del profesorado de Atarfe con la colaboraci\u00f3n de familias y ayuntamiento, asustados por la responsabilidad que asumimos, pero seguros y seguras de lo bien que lo vamos a pasar y de lo que vamos a aprender. \u00a1El aprendizaje mutuo est\u00e1 garantizado!<\/p>\n<p><a href=\"https:\/\/i0.wp.com\/miradordeatarfe.es\/wp-content\/uploads\/2018\/06\/3-1.png?ssl=1\"><img data-recalc-dims=\"1\" loading=\"lazy\" decoding=\"async\" class=\"alignnone size-full wp-image-24763\" src=\"https:\/\/i0.wp.com\/miradordeatarfe.es\/wp-content\/uploads\/2018\/06\/3-1.png?resize=640%2C360&#038;ssl=1\" alt=\"\" width=\"640\" height=\"360\" srcset=\"https:\/\/i0.wp.com\/miradordeatarfe.es\/wp-content\/uploads\/2018\/06\/3-1.png?w=1920&amp;ssl=1 1920w, https:\/\/i0.wp.com\/miradordeatarfe.es\/wp-content\/uploads\/2018\/06\/3-1.png?resize=300%2C169&amp;ssl=1 300w, https:\/\/i0.wp.com\/miradordeatarfe.es\/wp-content\/uploads\/2018\/06\/3-1.png?resize=768%2C432&amp;ssl=1 768w, https:\/\/i0.wp.com\/miradordeatarfe.es\/wp-content\/uploads\/2018\/06\/3-1.png?resize=1024%2C576&amp;ssl=1 1024w, https:\/\/i0.wp.com\/miradordeatarfe.es\/wp-content\/uploads\/2018\/06\/3-1.png?resize=600%2C338&amp;ssl=1 600w, https:\/\/i0.wp.com\/miradordeatarfe.es\/wp-content\/uploads\/2018\/06\/3-1.png?w=1280&amp;ssl=1 1280w\" sizes=\"auto, (max-width: 640px) 100vw, 640px\" \/><\/a><\/p>\n<p style=\"text-align: justify;\"><span lang=\"es-ES\">Os mantendremos informados d\u00eda a d\u00eda en <a href=\"http:\/\/docentesatarfemexico.blogspot.com\/\">http:\/\/docentesatarfemexico.blogspot.com\/<\/a><\/span><\/p>\n","protected":false},"excerpt":{"rendered":"<p>Un grupo de docentes de los colegios de Atarfe viajan esta semana a M\u00e9jico para&#8230;<\/p>\n","protected":false},"author":1,"featured_media":24762,"comment_status":"closed","ping_status":"closed","sticky":false,"template":"","format":"standard","meta":{"_coblocks_attr":"","_coblocks_dimensions":"","_coblocks_responsive_height":"","_coblocks_accordion_ie_support":"","jetpack_post_was_ever_published":false,"_jetpack_newsletter_access":"","_jetpack_dont_email_post_to_subs":false,"_jetpack_newsletter_tier_id":0,"_jetpack_memberships_contains_paywalled_content":false,"_jetpack_memberships_contains_paid_content":false,"footnotes":"","jetpack_publicize_message":"","jetpack_publicize_feature_enabled":true,"jetpack_social_post_already_shared":false,"jetpack_social_options":{"image_generator_settings":{"template":"highway","default_image_id":0,"enabled":false},"version":2}},"categories":[2,187,186,3130,44,15],"tags":[81,526,27],"class_list":["post-24761","post","type-post","status-publish","format-standard","has-post-thumbnail","hentry","category-atarfe","category-centros-educativos","category-instituciones","category-opinion-de-juan-de-dios-fernandez","category-noticias-de-hoy","category-ultimas-noticias","tag-atarfe","tag-centros-educativos","tag-educacion"],"jetpack_publicize_connections":[],"jetpack_featured_media_url":"https:\/\/i0.wp.com\/miradordeatarfe.es\/wp-content\/uploads\/2018\/06\/2.png?fit=1920%2C1080&ssl=1","jetpack_likes_enabled":true,"jetpack_sharing_enabled":true,"_links":{"self":[{"href":"https:\/\/miradordeatarfe.es\/index.php?rest_route=\/wp\/v2\/posts\/24761","targetHints":{"allow":["GET"]}}],"collection":[{"href":"https:\/\/miradordeatarfe.es\/index.php?rest_route=\/wp\/v2\/posts"}],"about":[{"href":"https:\/\/miradordeatarfe.es\/index.php?rest_route=\/wp\/v2\/types\/post"}],"author":[{"embeddable":true,"href":"https:\/\/miradordeatarfe.es\/index.php?rest_route=\/wp\/v2\/users\/1"}],"replies":[{"embeddable":true,"href":"https:\/\/miradordeatarfe.es\/index.php?rest_route=%2Fwp%2Fv2%2Fcomments&post=24761"}],"version-history":[{"count":2,"href":"https:\/\/miradordeatarfe.es\/index.php?rest_route=\/wp\/v2\/posts\/24761\/revisions"}],"predecessor-version":[{"id":25067,"href":"https:\/\/miradordeatarfe.es\/index.php?rest_route=\/wp\/v2\/posts\/24761\/revisions\/25067"}],"wp:featuredmedia":[{"embeddable":true,"href":"https:\/\/miradordeatarfe.es\/index.php?rest_route=\/wp\/v2\/media\/24762"}],"wp:attachment":[{"href":"https:\/\/miradordeatarfe.es\/index.php?rest_route=%2Fwp%2Fv2%2Fmedia&parent=24761"}],"wp:term":[{"taxonomy":"category","embeddable":true,"href":"https:\/\/miradordeatarfe.es\/index.php?rest_route=%2Fwp%2Fv2%2Fcategories&post=24761"},{"taxonomy":"post_tag","embeddable":true,"href":"https:\/\/miradordeatarfe.es\/index.php?rest_route=%2Fwp%2Fv2%2Ftags&post=24761"}],"curies":[{"name":"wp","href":"https:\/\/api.w.org\/{rel}","templated":true}]}}