{"id":24766,"date":"2018-06-29T09:54:42","date_gmt":"2018-06-29T07:54:42","guid":{"rendered":"http:\/\/miradordeatarfe.es\/?p=24766"},"modified":"2018-06-27T17:25:02","modified_gmt":"2018-06-27T15:25:02","slug":"el-movimiento-feminista-sigue-en-lucha-y-critica-la-justicia-patriarcal","status":"publish","type":"post","link":"https:\/\/miradordeatarfe.es\/?p=24766","title":{"rendered":"El movimiento feminista sigue en lucha y critica la Justicia patriarcal"},"content":{"rendered":"<div id=\"main\">\n<div class=\"item\">\n<p style=\"text-align: justify;\">Indignaci\u00f3n y rabia por la libertad de La Manada que ha respondido con una gran concentraci\u00f3n en Plaza Nueva, ante la sede del TSJA. Granada expres\u00f3 su indignaci\u00f3n y rabia por la decisi\u00f3n judicial que pone en libertad a los cinco integrantes de La Manada tras pagar una fianza de 6.000 euros cada uno de ellos.<\/p>\n<div class=\"cols2-2\">\n<div class=\"colA\">\n<div class=\"blq-img\" style=\"text-align: justify;\">\n<div class=\"img\"><!--more--><\/div>\n<div class=\"txt\">\n<div class=\"pie\"><\/div>\n<\/div>\n<\/div>\n<div class=\"cuerpo\">\n<p style=\"text-align: justify;\"><iframe loading=\"lazy\" src=\"https:\/\/www.youtube.com\/embed\/vLsdkpBJuKU\" width=\"560\" height=\"315\" frameborder=\"0\" allowfullscreen=\"allowfullscreen\" data-mce-fragment=\"1\"><\/iframe><\/p>\n<p class=\"pie\" style=\"text-align: justify;\">V\u00eddeo de <a href=\"http:\/\/lapoderio.com\/\">La Poder\u00edo<\/a><a href=\"mailto:.@lapoderiofem\">.@lapoderiofem<\/a><\/p>\n<p style=\"text-align: justify;\">Convocados por las plataformas 25 de Noviembre, 8 de Marzo y otras asociaciones feministas, las asistentes, la mayor\u00eda mujeres pero tambi\u00e9n muchos hombres comprometidos, expresaron la perplejidad de la sociedad por un auto que desde la Justicia cuestiona la lucha contra las violencias de g\u00e9nero y por la igualdad.<\/p>\n<div class=\"media media-element-container media-default\" style=\"text-align: justify;\">\n<h2 class=\"element-invisible\"><img data-recalc-dims=\"1\" loading=\"lazy\" decoding=\"async\" class=\"media-element file-default\" src=\"https:\/\/i0.wp.com\/www.elindependientedegranada.es\/sites\/default\/files\/manada_1.jpg?resize=640%2C480\" alt=\"\" width=\"640\" height=\"480\" data-delta=\"2\" \/><\/h2>\n<h5 id=\"file-29729\" class=\"file file-image file-image-jpeg\">foto: Una concentraci\u00f3n ha expresado la indignaci\u00f3n y rabia por la libertad de La Manada.\u00a0<span class=\"firma\">p.v.m.<\/span><\/h5>\n<\/div>\n<p style=\"text-align: justify;\">Como ya ocurriera <a href=\"http:\/\/www.elindependientedegranada.es\/ciudadania\/indignacion-sentencia-manada\">el pasado abril tras la sentencia condenatoria por abuso sexual y no agresi\u00f3n<\/a>, se corearon mensajes para criticar una Justicia patriarcal que no obstante no merma la lucha de las mujeres.<\/p>\n<p style=\"text-align: justify;\">As\u00ed, junto al &#8216;Yo s\u00ed te creo&#8217;, se repiti\u00f3 en la protesta el &#8216;Viva la lucha de las mujeres contra el patriarcado y sus violadores, ahora y siempre, resistencia&#8217;. <strong>&#8216;Re-sis-ten-cia&#8217;<\/strong>, se coreaba en eco como un grito para protestar por lo que consideraron las personas convocadas \u00abuna verg\u00fcenza\u00bb de auto.<\/p>\n<div class=\"divdest\" style=\"text-align: justify;\">\n<div class=\"media media-element-container media-default\">\n<div id=\"file-29730\" class=\"file file-image file-image-jpeg\">\n<h2 class=\"element-invisible\"><\/h2>\n<div class=\"content\"><img data-recalc-dims=\"1\" loading=\"lazy\" decoding=\"async\" class=\"media-element file-default\" src=\"https:\/\/i0.wp.com\/www.elindependientedegranada.es\/sites\/default\/files\/manada_4.jpg?resize=640%2C480\" alt=\"\" width=\"640\" height=\"480\" data-delta=\"3\" \/><\/div>\n<\/div>\n<\/div>\n<p><img data-recalc-dims=\"1\" loading=\"lazy\" decoding=\"async\" class=\"media-element file-default\" src=\"https:\/\/i0.wp.com\/www.elindependientedegranada.es\/sites\/default\/files\/la_manada_6.jpg?resize=640%2C480\" alt=\"\" width=\"640\" height=\"480\" data-delta=\"4\" \/><\/p>\n<div class=\"media media-element-container media-default\">\n<div id=\"file-29731\" class=\"file file-image file-image-jpeg\"><\/div>\n<\/div>\n<\/div>\n<p style=\"text-align: justify;\">\u00abLa calle es m\u00eda, de noche y de d\u00eda\u00bb o \u00abAs\u00ed, as\u00ed, ni un paso atr\u00e1s, contra el sistema judicial\u00bb, se escucharon en la veraniega tarde junto al contundente y atronador: \u00abGritamos en Pamplona, gritamos en Granada, queremos que vuelva a la c\u00e1rcel La Manada\u00bb.<\/p>\n<p style=\"text-align: justify;\">Entre las caras m\u00e1s conocidas del feminismo granadino, asistieron a la concentraci\u00f3n, entre otras y otros,<strong> la vicepresidenta del Parlamento andaluz, Teresa Jim\u00e9nez, y el diputado socialista, Gregorio C\u00e1mara.\u00a0<\/strong><\/p>\n<div class=\"media media-element-container media-default\" style=\"text-align: justify;\">\n<h2 class=\"element-invisible\"><img data-recalc-dims=\"1\" loading=\"lazy\" decoding=\"async\" class=\"media-element file-default\" src=\"https:\/\/i0.wp.com\/www.elindependientedegranada.es\/sites\/default\/files\/manada_3.jpg?resize=640%2C480\" alt=\"\" width=\"640\" height=\"480\" data-delta=\"1\" \/><\/h2>\n<h5 id=\"file-29728\" class=\"file file-image file-image-jpeg\">foto: Entre los muchos asistentes, la vicepresidenta del Parlamento y el diputado socialista Gregorio C\u00e1mara.\u00a0<span class=\"firma\">p.v.m.<\/span><\/h5>\n<\/div>\n<p style=\"text-align: justify;\">Una chica portaba una pancarta sobre cartulina morada en la que se pod\u00eda leer: \u201cEscucha el grito feminista\u201d, a pocos metros, una mujer esgrim\u00eda otra: \u201cMujeres a la calle, violadores a prisi\u00f3n y jueces machistas, a prisi\u00f3n\u201d\u00a0 y m\u00e1s all\u00e1, una adolescente portaba otra, tambi\u00e9n artesanal, con el lema \u201cLa justicia ampara a la manada, el feminismo responde\u201d. <strong>Diferentes formas de expresar una queja profunda: un auto, de una sentencia, que ser\u00e1 legales, pero que no justas<\/strong>.<\/p>\n<p style=\"text-align: justify;\">Y desde Plaza Nueva, en una marcha improvisada, las asistentes a la concentraci\u00f3n caminaron en direcci\u00f3n a la Plaza del Carmen haciendo o\u00edr sus mensajes y su lucha por las mujeres.<\/p>\n<p style=\"text-align: justify;\">La protesta se celebr\u00f3 a las 19.00 horas, pr\u00e1cticamente al mismo tiempo que parte de La Manada ya comenzaba a abandonar la prisi\u00f3n. En concreto, los tres que permanec\u00edan encarcelados en Pamplona. Los otros dos, se que se encontraban en Alcal\u00e1 Meco, sal\u00edan tambi\u00e9n.Todos hab\u00edan pagado la fianza.<\/p>\n<p style=\"text-align: justify;\"><span class=\"autor\">J.I.P\u00e9rez\u00a0<\/span><\/p>\n<p><a href=\"http:\/\/www.elindependientedegranada.es\/ciudadania\/indignacion-rabia-libertad-manada\">http:\/\/www.elindependientedegranada.es\/ciudadania\/indignacion-rabia-libertad-manada<\/a><\/p>\n<div class=\"firma\">FOTO PORTADA: P.V.M.Detalle de la concentraci\u00f3n celebrada esta tarde en Granada.<\/div>\n<\/div>\n<\/div>\n<\/div>\n<\/div>\n<\/div>\n<p>&nbsp;<\/p>\n<p>&nbsp;<\/p>\n","protected":false},"excerpt":{"rendered":"<p>Indignaci\u00f3n y rabia por la libertad de La Manada que ha respondido con una gran&#8230;<\/p>\n","protected":false},"author":1,"featured_media":24767,"comment_status":"closed","ping_status":"closed","sticky":false,"template":"","format":"standard","meta":{"_coblocks_attr":"","_coblocks_dimensions":"","_coblocks_responsive_height":"","_coblocks_accordion_ie_support":"","jetpack_post_was_ever_published":false,"_jetpack_newsletter_access":"","_jetpack_dont_email_post_to_subs":false,"_jetpack_newsletter_tier_id":0,"_jetpack_memberships_contains_paywalled_content":false,"_jetpack_memberships_contains_paid_content":false,"footnotes":"","jetpack_publicize_message":"","jetpack_publicize_feature_enabled":true,"jetpack_social_post_already_shared":false,"jetpack_social_options":{"image_generator_settings":{"template":"highway","default_image_id":0,"enabled":false},"version":2}},"categories":[1161,14,44,15],"tags":[4916,350,5151],"class_list":["post-24766","post","type-post","status-publish","format-standard","has-post-thumbnail","hentry","category-ciudadania","category-feminismo","category-noticias-de-hoy","category-ultimas-noticias","tag-la-manada","tag-libertad","tag-protesta-popular"],"jetpack_publicize_connections":[],"jetpack_featured_media_url":"https:\/\/i0.wp.com\/miradordeatarfe.es\/wp-content\/uploads\/2018\/06\/manadapor_ok.jpg?fit=750%2C464&ssl=1","jetpack_likes_enabled":true,"jetpack_sharing_enabled":true,"_links":{"self":[{"href":"https:\/\/miradordeatarfe.es\/index.php?rest_route=\/wp\/v2\/posts\/24766","targetHints":{"allow":["GET"]}}],"collection":[{"href":"https:\/\/miradordeatarfe.es\/index.php?rest_route=\/wp\/v2\/posts"}],"about":[{"href":"https:\/\/miradordeatarfe.es\/index.php?rest_route=\/wp\/v2\/types\/post"}],"author":[{"embeddable":true,"href":"https:\/\/miradordeatarfe.es\/index.php?rest_route=\/wp\/v2\/users\/1"}],"replies":[{"embeddable":true,"href":"https:\/\/miradordeatarfe.es\/index.php?rest_route=%2Fwp%2Fv2%2Fcomments&post=24766"}],"version-history":[{"count":1,"href":"https:\/\/miradordeatarfe.es\/index.php?rest_route=\/wp\/v2\/posts\/24766\/revisions"}],"predecessor-version":[{"id":24768,"href":"https:\/\/miradordeatarfe.es\/index.php?rest_route=\/wp\/v2\/posts\/24766\/revisions\/24768"}],"wp:featuredmedia":[{"embeddable":true,"href":"https:\/\/miradordeatarfe.es\/index.php?rest_route=\/wp\/v2\/media\/24767"}],"wp:attachment":[{"href":"https:\/\/miradordeatarfe.es\/index.php?rest_route=%2Fwp%2Fv2%2Fmedia&parent=24766"}],"wp:term":[{"taxonomy":"category","embeddable":true,"href":"https:\/\/miradordeatarfe.es\/index.php?rest_route=%2Fwp%2Fv2%2Fcategories&post=24766"},{"taxonomy":"post_tag","embeddable":true,"href":"https:\/\/miradordeatarfe.es\/index.php?rest_route=%2Fwp%2Fv2%2Ftags&post=24766"}],"curies":[{"name":"wp","href":"https:\/\/api.w.org\/{rel}","templated":true}]}}