{"id":24804,"date":"2018-06-29T07:41:48","date_gmt":"2018-06-29T05:41:48","guid":{"rendered":"http:\/\/miradordeatarfe.es\/?p=24804"},"modified":"2018-06-27T17:46:20","modified_gmt":"2018-06-27T15:46:20","slug":"el-congreso-da-el-visto-bueno-a-regular-la-eutanasia-como-un-derecho-garantizado-por-la-sanidad-publica","status":"publish","type":"post","link":"https:\/\/miradordeatarfe.es\/?p=24804","title":{"rendered":"El Congreso da el visto bueno a regular la eutanasia como un derecho garantizado por la sanidad p\u00fablica"},"content":{"rendered":"<header class=\"nav-up\">\n<div class=\"subtitle bkn mce sk2\">\n<p style=\"text-align: justify;\">La mayor\u00eda de la C\u00e1mara apoya tramitar la proposici\u00f3n de ley socialista que incluye la ayuda a morir en la cartera de servicios.Se basa en el \u00abrespeto a personas cuya \u00fanica perspectiva es sufrir\u00bb, ha dicho la diputada del PSOE Adriana Lastra. Tras este primer paso arranca todo el proceso legislativo de ponencias y enmiendas previo a encontrar un texto definitivo<\/p>\n<\/div>\n<\/header>\n<p style=\"text-align: justify;\"><!--more--><\/p>\n<div class=\"pg-body\">\n<div id=\"edi-body\" class=\"mce-body mce no-sticky-adv-socios\" style=\"text-align: justify;\">\n<p class=\"mce\">El Congreso de los Diputados va a tramitar<a class=\"mce\" href=\"https:\/\/www.eldiario.es\/sociedad\/eutanasia_0_769223801.html\" target=\"_blank\" rel=\"noopener\"> la eutanasia <\/a>como un derecho e impedir que se considere un delito la ayuda a morir a una persona. La mayor\u00eda del Pleno ha mostrado su apoyo a debatir la proposici\u00f3n de ley de regulaci\u00f3n de la eutanasia presentada por el Grupo Socialista.<\/p>\n<p class=\"mce\">La encargada de presentar la ley, la diputada Adriana Lastra, ha resumido que se han basado en el \u00abrespeto a personas cuya \u00fanica perspectiva es sufrir. Son casos extremos por un pron\u00f3stico irreversible. Quieren decidir por s\u00ed mismos\u00bb.<\/p>\n<section id=\"edi-ad-slot-intext\" class=\"md-advertisement md hspace no-adv-socios\" role=\"marquee\"><\/section>\n<p class=\"mce\">La proposici\u00f3n del PSOE regula ampliamente la eutanasia como \u00abel derecho que corresponde a las personas a solicitar y recibir ayuda para morir\u00bb. Y lo aplica a quienes padecen una enfermedad incurable o una discapacidad grave cr\u00f3nica. Tambi\u00e9n establece un sistema de control y un marco seguro para los sanitarios que se encarguen de este tratamiento. La eutanasia estar\u00e1, si se respeta esta versi\u00f3n, contenida en la cartera de servicios de la sanidad p\u00fablica y estar\u00eda financiada con fondos p\u00fablicos, sin importar donde se administre: incluido el domicilio del paciente.<\/p>\n<p class=\"mce\">Con este primer tr\u00e1mite arranca todo el proceso legislativo en el que los grupos pueden introducir enmiendas hasta dar con un texto definitivo. Hace un mes, el Congreso tambi\u00e9n aprob\u00f3 tramitar una despenalizaci\u00f3n de la eutanasia presentada por el <em class=\"mce\"> Parlament<\/em> catal\u00e1n.<\/p>\n<p class=\"mce\">\u00abHablar de eutanasia es hablar de fracaso profesional y social ante la enfermedad y la muerte. Un fracaso ante un enfermo\u00bb, ha expresado la diputada del PP Cort\u00e9s Bureta al fijar la posici\u00f3n contraria de su grupo. Unos minutos antes, el portavoz de Ciudadanos, Francisco Igea Arisqueta, hab\u00eda anunciado que \u00abno nos opondremos\u00bb, aunque ha dicho que es m\u00e1s importante desarrollar la ley de garant\u00edas del tramo final de la vida \u00abque hemos presentado nosotros\u00bb. Su posici\u00f3n es que \u00ab\u00bfDe verdad eligen? \u00bfS\u00f3lo viven los ricos? \u00bfS\u00f3lo mueren los pobres?\u00bb al explicar que Espa\u00f1a necesita unos cuidados paliativos y una asistencia a enfermos m\u00e1s generalizada antes de pasar a regular la eutanasia.<\/p>\n<p class=\"mce\">Antes, pr\u00e1cticamente todos los grupos de la C\u00e1mara hab\u00edan anticipado que votar\u00edan a favor de tramitar la ley: PNV, PdCat, ERC, Comprom\u00eds, han desgranado sus argumentos favorables y anunciado enmiendas de diverso calado. La portavoz de Unidos Podemos, Eva Garc\u00eda Sempere, ha recordado que el PSOE no apoy\u00f3 una propuesta similar de su grupo, pero tambi\u00e9n ha asegurado que su voto es favorable: \u00abLa eutanasia debe ser regulada con garant\u00edas, pero basada en la autonom\u00eda. Cuando alguien dice: ya no puedo m\u00e1s\u00bb.<\/p>\n<address class=\"bkn dateline fl\"><small class=\"byline\"> <a class=\"lnk\" title=\"Ra\u00fal Rej\u00f3n\" href=\"https:\/\/www.eldiario.es\/autores\/raul_rejon\/\">Ra\u00fal Rej\u00f3n<\/a> <\/small> <a class=\"twitter-follow-button\" href=\"https:\/\/twitter.com\/@raulrejon\" data-show-count=\"false\">Follow @@raulrejon<\/a><\/address>\n<address><a href=\"https:\/\/www.eldiario.es\/sociedad\/Congreso-regular-eutanasia-derecho-garantizado_0_786372123.html\">https:\/\/www.eldiario.es\/sociedad\/Congreso-regular-eutanasia-derecho-garantizado_0_786372123.html<\/a><\/address>\n<\/div>\n<\/div>\n","protected":false},"excerpt":{"rendered":"<p>La mayor\u00eda de la C\u00e1mara apoya tramitar la proposici\u00f3n de ley socialista que incluye la&#8230;<\/p>\n","protected":false},"author":1,"featured_media":24805,"comment_status":"closed","ping_status":"closed","sticky":false,"template":"","format":"standard","meta":{"_coblocks_attr":"","_coblocks_dimensions":"","_coblocks_responsive_height":"","_coblocks_accordion_ie_support":"","jetpack_post_was_ever_published":false,"_jetpack_newsletter_access":"","_jetpack_dont_email_post_to_subs":false,"_jetpack_newsletter_tier_id":0,"_jetpack_memberships_contains_paywalled_content":false,"_jetpack_memberships_contains_paid_content":false,"footnotes":"","jetpack_publicize_message":"","jetpack_publicize_feature_enabled":true,"jetpack_social_post_already_shared":false,"jetpack_social_options":{"image_generator_settings":{"template":"highway","default_image_id":0,"enabled":false},"version":2}},"categories":[1161,186,9,44,15,10],"tags":[1452,5158],"class_list":["post-24804","post","type-post","status-publish","format-standard","has-post-thumbnail","hentry","category-ciudadania","category-instituciones","category-medio-ambiente","category-noticias-de-hoy","category-ultimas-noticias","category-salud","tag-eutanasia","tag-morir-dignamente"],"jetpack_publicize_connections":[],"jetpack_featured_media_url":"https:\/\/i0.wp.com\/miradordeatarfe.es\/wp-content\/uploads\/2018\/06\/Morir-dignamente-resultar-complicado-Euskadi_EDIIMA20160811_0240_24.jpg?fit=643%2C362&ssl=1","jetpack_likes_enabled":true,"jetpack_sharing_enabled":true,"_links":{"self":[{"href":"https:\/\/miradordeatarfe.es\/index.php?rest_route=\/wp\/v2\/posts\/24804","targetHints":{"allow":["GET"]}}],"collection":[{"href":"https:\/\/miradordeatarfe.es\/index.php?rest_route=\/wp\/v2\/posts"}],"about":[{"href":"https:\/\/miradordeatarfe.es\/index.php?rest_route=\/wp\/v2\/types\/post"}],"author":[{"embeddable":true,"href":"https:\/\/miradordeatarfe.es\/index.php?rest_route=\/wp\/v2\/users\/1"}],"replies":[{"embeddable":true,"href":"https:\/\/miradordeatarfe.es\/index.php?rest_route=%2Fwp%2Fv2%2Fcomments&post=24804"}],"version-history":[{"count":1,"href":"https:\/\/miradordeatarfe.es\/index.php?rest_route=\/wp\/v2\/posts\/24804\/revisions"}],"predecessor-version":[{"id":24806,"href":"https:\/\/miradordeatarfe.es\/index.php?rest_route=\/wp\/v2\/posts\/24804\/revisions\/24806"}],"wp:featuredmedia":[{"embeddable":true,"href":"https:\/\/miradordeatarfe.es\/index.php?rest_route=\/wp\/v2\/media\/24805"}],"wp:attachment":[{"href":"https:\/\/miradordeatarfe.es\/index.php?rest_route=%2Fwp%2Fv2%2Fmedia&parent=24804"}],"wp:term":[{"taxonomy":"category","embeddable":true,"href":"https:\/\/miradordeatarfe.es\/index.php?rest_route=%2Fwp%2Fv2%2Fcategories&post=24804"},{"taxonomy":"post_tag","embeddable":true,"href":"https:\/\/miradordeatarfe.es\/index.php?rest_route=%2Fwp%2Fv2%2Ftags&post=24804"}],"curies":[{"name":"wp","href":"https:\/\/api.w.org\/{rel}","templated":true}]}}