{"id":24817,"date":"2018-06-28T11:15:14","date_gmt":"2018-06-28T09:15:14","guid":{"rendered":"http:\/\/miradordeatarfe.es\/?p=24817"},"modified":"2018-06-28T11:47:49","modified_gmt":"2018-06-28T09:47:49","slug":"un-escalon-abajo-por-ser-mujer-y-otro-por-ser-trans","status":"publish","type":"post","link":"https:\/\/miradordeatarfe.es\/?p=24817","title":{"rendered":"Un escal\u00f3n abajo por ser mujer y otro por ser trans"},"content":{"rendered":"<div class=\"articulo-encabezado-texto\">\n<div id=\"articulo-titulares\" class=\"articulo-titulares\">\n<div class=\"articulo-subtitulos\">\n<p class=\"articulo-subtitulo\" style=\"text-align: justify;\">Los colectivos LGTB critican la discriminaci\u00f3n laboral a las transexuales. HOY\u00a0 homenajeamos el D\u00eda Internacional del Orgullo LGBT<\/p>\n<\/div>\n<\/div>\n<\/div>\n<p style=\"text-align: justify;\"><!--more--><\/p>\n<aside id=\"compartir_superior\" class=\"compartir\">\n<div class=\"compartir__interior\"><\/div>\n<\/aside>\n<div class=\"articulo__apertura\" style=\"text-align: justify;\">\n<header id=\"articulo-encabezado\" class=\"articulo-encabezado \">\n<aside id=\"compartir_superior\" class=\"compartir\">\n<div class=\"compartir__interior\"><span class=\"foto-texto\">FOTO: Ivanna Garc\u00eda trabaja en la peluquer\u00eda Corta Cabeza, de Chamber\u00ed (Madrid).<\/span> <span class=\"foto-firma\"><span class=\"foto-autor\">inma flores<\/span><\/span><\/div>\n<\/aside>\n<\/header>\n<\/div>\n<div id=\"articulo_contenedor\" class=\"articulo__contenedor\">\n<div id=\"cuerpo_noticia\" class=\"articulo-cuerpo\">\n<p style=\"text-align: justify;\">Ivanna Grc\u00eda estuvo cuatro d\u00edas de pr\u00e1cticas en una peluquer\u00eda madrile\u00f1a hace dos a\u00f1os: le dijeron que lo hac\u00eda bien, que ten\u00eda buen trato con los clientes, que la contratar\u00edan. Pero despu\u00e9s de mostrar su identificaci\u00f3n con nombre de chico ya no volvieron a llamarla. Esta venezolana de 31 a\u00f1os ahora trabaja en una peluquer\u00eda moderna de Chamber\u00ed (Madrid) en la que hay sillones <em>vintage<\/em> y bombillas de luz c\u00e1lida. Pero no siempre ha sido as\u00ed y antes de tener un empleo estable sufri\u00f3\u00a0<strong>la exclusi\u00f3n y el rechazo laboral<\/strong> que critican las <strong>organizaciones LGTB<\/strong>. \u201cLas chicas trans tenemos mucha violencia alrededor de nuestras vidas y necesitamos integrarnos en la sociedad\u201d, a lo que a\u00f1ade: \u201cA m\u00ed eso me lo ha dado mi trabajo\u201d. Como ella, otras chicas del colectivo han sentido esa discriminaci\u00f3n, que aseguran que es doble: por ser mujer y por ser trans.<\/p>\n<p style=\"text-align: justify;\">A falta de datos oficiales, la Universidad de M\u00e1laga\u00a0public\u00f3 en 2012 un estudio que apuntaba que la tasa de paro de las personas trans era de m\u00e1s del 37% \u2014frente al 26% nacional en ese a\u00f1o\u2014, aunque el mismo informe advert\u00eda de que la situaci\u00f3n podr\u00eda ser m\u00e1s grave. Uno de cada tres encuestados viv\u00eda con menos de 600 euros al mes y casi la mitad (un 48%) hab\u00eda ejercido la prostituci\u00f3n.<\/p>\n<p style=\"text-align: justify;\">\u201cSi eres inmigrante, la discriminaci\u00f3n es a\u00fan m\u00e1s\u201d, afirma Sonia Fern\u00e1ndez, madrile\u00f1a de 45 a\u00f1os y activista de la <strong>asociaci\u00f3n Transexualia<\/strong>. Para Fern\u00e1ndez, la mayor dificultad para una persona trans es no tener la documentaci\u00f3n cambiada: \u201cPuedes tener tres carreras y hablar seis idiomas, todo puede ir fenomenal en la entrevista hasta el momento de mostrar el DNI y firmar el contrato. Entonces, parece que tienes la peste\u201d. Aunque aclara que no es la \u00fanica barrera y que, a pesar de que ella cambi\u00f3 su documentaci\u00f3n en 2009, hace cinco a\u00f1os que est\u00e1 en paro.<\/p>\n<p style=\"text-align: justify;\">Encorvada sobre una silla y con el pelo sobre su rostro, Fern\u00e1ndez afirma estar \u201ccansada de sobrevivir\u201d. Busca trabajo a trav\u00e9s de los portales de empleo y ha mandado m\u00e1s de 1.000 curr\u00edculum, asegura, pero solo le han propuesto vender productos por cat\u00e1logos. \u201cLa transexualidad no es incapacitante\u201d, se queja.<\/p>\n<p style=\"text-align: justify;\">Las empresas tienen una actitud poco receptiva para contratar mujeres de ese colectivo, seg\u00fan concluye un trabajo de dos a\u00f1os realizado por 33 chicas trans en Barcelona y coordinado por M\u00e9dicos del Mundo.<\/p>\n<section id=\"sumario_3|foto\" class=\"sumario_foto centro\"><a name=\"sumario_3\"><\/a><\/p>\n<div class=\"sumario__interior\">\n<figure class=\"foto foto_w980\"><img data-recalc-dims=\"1\" loading=\"lazy\" decoding=\"async\" src=\"https:\/\/i0.wp.com\/ep01.epimg.net\/politica\/imagenes\/2018\/05\/09\/actualidad\/1525852523_688974_1525860444_sumario_normal.jpg?resize=640%2C535&#038;ssl=1\" srcset=\"\/\/ep01.epimg.net\/politica\/imagenes\/2018\/05\/09\/actualidad\/1525852523_688974_1525860444_sumario_normal_recorte1.jpg 1960w, \/\/ep01.epimg.net\/politica\/imagenes\/2018\/05\/09\/actualidad\/1525852523_688974_1525860444_sumario_normal_recorte2.jpg 720w, \/\/ep01.epimg.net\/politica\/imagenes\/2018\/05\/09\/actualidad\/1525852523_688974_1525860444_sumario_normal.jpg 980w\" alt=\"Postal de la campa\u00f1a #EstamosPreparadasYTu?, cedida por M\u00e9dicos del Mundo.\" width=\"640\" height=\"535\" \/><figcaption class=\"foto-pie\"><span class=\"foto-texto\">Postal de la campa\u00f1a #EstamosPreparadasYTu?, cedida por M\u00e9dicos del Mundo.<\/span><\/figcaption><\/figure>\n<div class=\"sumario-texto\"><\/div>\n<\/div>\n<\/section>\n<p style=\"text-align: justify;\">Violet Ferrer, de 39 a\u00f1os, es una de las personas que particip\u00f3 en el informe que <strong>recoge demandas sobre cuatro temas que son clave: <em>la situaci\u00f3n laboral, la salud, la prostituci\u00f3n y la transfobia<\/em><\/strong>. \u201cLa principal preocupaci\u00f3n es el trabajo\u201d, destaca. Y explica que garantizar esa dimensi\u00f3n es necesario para acceder a una vivienda, tener una pareja estable, tejer una red social y relacionarse con la familia. \u201cEstamos preparadas, pero no tenemos oportunidades\u201d, reclama.<\/p>\n<p style=\"text-align: justify;\">La diputada socialista en la Asamblea de Madrid y mujer trans Carla Antonelli asegura que en Espa\u00f1a ha habido avances en la legislaci\u00f3n y destaca que algunas comunidades aut\u00f3nomas impulsan medidas de inserci\u00f3n laboral para personas trans. Opina, sin embargo, que \u201clas leyes van por un lado y la realidad puede ser otra\u201d.<\/p>\n<p style=\"text-align: justify;\">\u201cNo es f\u00e1cil de denunciar\u201d, comenta Albert Mart\u00ednez Roger, hombre trans y miembro del Grup Acci\u00f3 de CC OO de la Comunidad Valenciana. Como el <em>bullying<\/em> y el acoso, la discriminaci\u00f3n por identidad de g\u00e9nero se enmarca dentro de los riesgos psicosociales, que son dif\u00edciles de demostrar, argumenta.<\/p>\n<h3 style=\"text-align: justify;\">M\u00e1s dif\u00edcil de adultas<\/h3>\n<p style=\"text-align: justify;\">Las transexuales que se visibilizan de adultas son las que lo tienen m\u00e1s dif\u00edcil, asegura Carmen Garc\u00eda de Melo, coordinadora del grupo trans del Colectivo LGTB de Madrid (COGAM). En ellas, \u201cse nota m\u00e1s\u201d que son transexuales por sus rasgos f\u00edsicos y se suma el componente de la edad. Garc\u00eda de Melo, que es abogada, se considera una privilegiada. Empez\u00f3 a salir a la calle asumiendo su identidad de g\u00e9nero hace dos a\u00f1os, cuando ten\u00eda 54, y ha conservado su puesto porque es funcionaria.<\/p>\n<section id=\"sumario_2|foto\" class=\"sumario_foto centro\"><a name=\"sumario_2\"><\/a><\/p>\n<div class=\"sumario__interior\">\n<figure class=\"foto foto_w980\"><img data-recalc-dims=\"1\" loading=\"lazy\" decoding=\"async\" src=\"https:\/\/i0.wp.com\/ep01.epimg.net\/politica\/imagenes\/2018\/05\/09\/actualidad\/1525852523_688974_1525860028_sumario_normal.jpg?resize=640%2C464&#038;ssl=1\" srcset=\"\/\/ep01.epimg.net\/politica\/imagenes\/2018\/05\/09\/actualidad\/1525852523_688974_1525860028_sumario_normal_recorte1.jpg 1960w, \/\/ep01.epimg.net\/politica\/imagenes\/2018\/05\/09\/actualidad\/1525852523_688974_1525860028_sumario_normal_recorte2.jpg 720w, \/\/ep01.epimg.net\/politica\/imagenes\/2018\/05\/09\/actualidad\/1525852523_688974_1525860028_sumario_normal.jpg 980w\" alt=\"Ivanna Garc\u00eda posa sentada en la peluquer\u00eda donde trabaja en Madrid.\" width=\"640\" height=\"464\" \/><figcaption class=\"foto-pie\"><span class=\"foto-texto\">Ivanna Garc\u00eda posa sentada en la peluquer\u00eda donde trabaja en Madrid.<\/span> <span class=\"foto-firma\"><span class=\"foto-autor\">inma flores<\/span> <\/span><\/figcaption><\/figure>\n<div class=\"sumario-texto\"><\/div>\n<\/div>\n<\/section>\n<p style=\"text-align: justify;\">Aun as\u00ed, reconoce que las mujeres trans \u201cbajan un escal\u00f3n\u201d cuando hacen el tr\u00e1nsito, mientras que los hombres, en su opini\u00f3n, lo suben. \u201cNo deja de ser un reflejo m\u00e1s de lo que es la sociedad\u201d, sostiene. En su trabajo, pr\u00e1cticamente no ha sufrido discriminaci\u00f3n y solo ha tenido que tolerar algunas bromas, comenta. Y aunque en general sus jefes y compa\u00f1eros aceptaron bien el cambio, un superior lleg\u00f3 a sugerirle que usara el ba\u00f1o de la octava planta \u2014aunque ella trabaja en la primera\u2014 porque \u201cah\u00ed va menos gente\u201d.<\/p>\n<p style=\"text-align: justify;\">Ivanna Garc\u00eda, que se form\u00f3 durante dos a\u00f1os como t\u00e9cnico en peluquer\u00eda antes de que la contrataran como ayudante de estilista, remueve la mezcla colorante que ha puesto en el cabello de una clienta. De una de sus orejas cuelga un pendiente en forma de peine; del otro, uno en forma de tijera. Suena m\u00fasica electr\u00f3nica y mientras espera a que el producto haga efecto comenta: \u201cLos clientes me tratan genial, mis compa\u00f1eros y mis jefes son excelentes, pero todav\u00eda las chicas trans tenemos barreras para incorporarnos al \u00e1mbito laboral\u201d.<\/p>\n<div class=\"autor\">\n<div class=\"autor-texto\"><span class=\"autor-nombre\"> <a title=\"Ver todas las noticias de Constanza Lambertucci\" href=\"https:\/\/elpais.com\/autor\/constanza_lambertucci\/a\/\">Constanza Lambertucci<\/a><\/span><\/div>\n<\/div>\n<p><a href=\"https:\/\/politica.elpais.com\/politica\/2018\/05\/09\/actualidad\/1525852523_688974.html?id_externo_promo=enviar_email\">https:\/\/politica.elpais.com\/politica\/2018\/05\/09\/actualidad\/1525852523_688974.html?id_externo_promo=enviar_email<\/a><\/p>\n<\/div>\n<\/div>\n","protected":false},"excerpt":{"rendered":"<p>Los colectivos LGTB critican la discriminaci\u00f3n laboral a las transexuales. HOY\u00a0 homenajeamos el D\u00eda Internacional&#8230;<\/p>\n","protected":false},"author":1,"featured_media":24818,"comment_status":"closed","ping_status":"closed","sticky":false,"template":"","format":"standard","meta":{"_coblocks_attr":"","_coblocks_dimensions":"","_coblocks_responsive_height":"","_coblocks_accordion_ie_support":"","jetpack_post_was_ever_published":false,"_jetpack_newsletter_access":"","_jetpack_dont_email_post_to_subs":false,"_jetpack_newsletter_tier_id":0,"_jetpack_memberships_contains_paywalled_content":false,"_jetpack_memberships_contains_paid_content":false,"footnotes":"","jetpack_publicize_message":"","jetpack_publicize_feature_enabled":true,"jetpack_social_post_already_shared":false,"jetpack_social_options":{"image_generator_settings":{"template":"highway","default_image_id":0,"enabled":false},"version":2}},"categories":[1161,186,9,44,15],"tags":[],"class_list":["post-24817","post","type-post","status-publish","format-standard","has-post-thumbnail","hentry","category-ciudadania","category-instituciones","category-medio-ambiente","category-noticias-de-hoy","category-ultimas-noticias"],"jetpack_publicize_connections":[],"jetpack_featured_media_url":"https:\/\/i0.wp.com\/miradordeatarfe.es\/wp-content\/uploads\/2018\/06\/1525852523_688974_1525859883_noticia_normal_recorte1.jpg?fit=1960%2C1306&ssl=1","jetpack_likes_enabled":true,"jetpack_sharing_enabled":true,"_links":{"self":[{"href":"https:\/\/miradordeatarfe.es\/index.php?rest_route=\/wp\/v2\/posts\/24817","targetHints":{"allow":["GET"]}}],"collection":[{"href":"https:\/\/miradordeatarfe.es\/index.php?rest_route=\/wp\/v2\/posts"}],"about":[{"href":"https:\/\/miradordeatarfe.es\/index.php?rest_route=\/wp\/v2\/types\/post"}],"author":[{"embeddable":true,"href":"https:\/\/miradordeatarfe.es\/index.php?rest_route=\/wp\/v2\/users\/1"}],"replies":[{"embeddable":true,"href":"https:\/\/miradordeatarfe.es\/index.php?rest_route=%2Fwp%2Fv2%2Fcomments&post=24817"}],"version-history":[{"count":1,"href":"https:\/\/miradordeatarfe.es\/index.php?rest_route=\/wp\/v2\/posts\/24817\/revisions"}],"predecessor-version":[{"id":24819,"href":"https:\/\/miradordeatarfe.es\/index.php?rest_route=\/wp\/v2\/posts\/24817\/revisions\/24819"}],"wp:featuredmedia":[{"embeddable":true,"href":"https:\/\/miradordeatarfe.es\/index.php?rest_route=\/wp\/v2\/media\/24818"}],"wp:attachment":[{"href":"https:\/\/miradordeatarfe.es\/index.php?rest_route=%2Fwp%2Fv2%2Fmedia&parent=24817"}],"wp:term":[{"taxonomy":"category","embeddable":true,"href":"https:\/\/miradordeatarfe.es\/index.php?rest_route=%2Fwp%2Fv2%2Fcategories&post=24817"},{"taxonomy":"post_tag","embeddable":true,"href":"https:\/\/miradordeatarfe.es\/index.php?rest_route=%2Fwp%2Fv2%2Ftags&post=24817"}],"curies":[{"name":"wp","href":"https:\/\/api.w.org\/{rel}","templated":true}]}}