{"id":24820,"date":"2018-06-28T12:15:56","date_gmt":"2018-06-28T10:15:56","guid":{"rendered":"http:\/\/miradordeatarfe.es\/?p=24820"},"modified":"2018-06-28T17:19:13","modified_gmt":"2018-06-28T15:19:13","slug":"pleno-extraordinario-para-aprobar-el-presupuesto","status":"publish","type":"post","link":"https:\/\/miradordeatarfe.es\/?p=24820","title":{"rendered":"Pleno extraordinario para aprobar el presupuesto"},"content":{"rendered":"<div class=\"post-meta\" style=\"text-align: justify;\">Las cuentas de 2018 ascienden a 18 millones de euros. La sesi\u00f3n se celebra a partir de las 7 de la tarde del jueves 28 de julio y se retransmitir\u00e1 en directo.<\/div>\n<p style=\"text-align: justify;\"><!--more--><\/p>\n<div class=\"post-meta\" style=\"text-align: justify;\">\u00a0El jueves 28 de junio se celebra en el sal\u00f3n de plenos del Ayuntamiento de Atarfe la sesi\u00f3n extraordinaria para la aprobaci\u00f3n del presupuesto municipal de 2016, que supera los 18 millones de euros y cuyos detalles figuran en el documento en formato PDF que se adjunta a continuaci\u00f3n.<\/div>\n<p style=\"text-align: justify;\">En el cap\u00edtulo de <strong>gastos<\/strong> del presupuesto, la mayor partida se destina a los gastos corrientes (30,53%), seguida del personal (29,23%), inversiones (15,93%) y pasivo financiero o deuda (14,39%). Adem\u00e1s de los 2,8 millones que se dedica a saldar la deuda que tiene contra\u00edda el Ayuntamiento, se incluye una partida en inversiones de 530.000 euros\u00a0para pagar a los propietarios de los terrenos del Corredor Verde.<\/p>\n<p style=\"text-align: justify;\">En <strong>inversiones<\/strong> destaca la consignaci\u00f3n presupuestaria destinada a rehabilitaci\u00f3n y construcci\u00f3n de equipamientos p\u00fablicos (776.512 euros), infraestructura viaria y obras de urbanizaci\u00f3n (636.000 euros), infraestructuras docentes (600.000 euros) y adquisici\u00f3n de bienes (530.000 euros). Esta \u00faltima partida se refiere a la deuda pendiente con\u00a0propietarios de las fincas del parque Corredor Verde que llevaban esperando m\u00e1s de una d\u00e9cada una compensaci\u00f3n econ\u00f3mica por los terrenos que fueron ocupados tras los convenios urban\u00edsticos suscritos entre 2005 y 2007.<\/p>\n<p style=\"text-align: justify;\">Entre las inversiones subvencionadas se contempla el PFEA especial para el coworking que se quiere habilitar en la escuela taller, la construcci\u00f3n del espacio de la Juventud, la remodelaci\u00f3n del lago de los Tres Juanes, la\u00a0mejora de la pista de atletismo y otros espacios deportivos, y la construcci\u00f3n de la guarder\u00eda.<\/p>\n<p style=\"text-align: justify;\">Con fondos propios se incluyen partidas para la adaptaci\u00f3n del centro social de la calle Mejorana, la rehabilitaci\u00f3n del centro ocupacional, el acondicionamiento de la casa de la cultura de Caparacena, la rehabilitaci\u00f3n de edificios culturales, la remodelaci\u00f3n del edificio de la escuela taller, la adaptaci\u00f3n del edificio del Ayuntamiento, la prolongaci\u00f3n del vuial paralelo a la calle Circunvalaci\u00f3n, la reposici\u00f3n de parques p\u00fablicos, asfaltados de viales, y reposici\u00f3n de alumbrado, entre otras actuaciones.<\/p>\n<p style=\"text-align: justify;\">Tambi\u00e9n se han admitido las <strong>sugerencias que han realizado los distintos grupos municipales<\/strong>, entre ellas la instalaci\u00f3n de c\u00e1maras en la v\u00eda p\u00fablica (25.000), bonificaci\u00f3n uso del transporte p\u00fablico (40.000), bonificaci\u00f3n transporte estudiantes (6.000), apoyo a las asociaciones (5.000), apoyo clubes deportivos deporte base (10.000), cambio sistema de depuraci\u00f3n piscina cubierta (30.000), mejora de asfaltados en v\u00eda p\u00fablica (50.000), 50 \u00ba Aniversario del IES Iliberis (5.000), estudios inundaciones (9.000), programas de Inspecci\u00f3n edificios en ruina (15.000), compra terrenos del Cementerio (23.000) y mejoras en Plaza de toros (20.000).<\/p>\n<p style=\"text-align: justify;\">El pleno se retransmite por internet a partir de las 7 de la tarde.<\/p>\n<div class=\"post-block post-author clearfix\">\n<h3 class=\"heading-primary\" style=\"text-align: justify;\"><i class=\"fa fa-download\"><\/i>Ficheros Adjuntos<\/h3>\n<div class=\"clearfix\">\n<div class=\"img-thumbnail-ficherosadjuntos\" style=\"text-align: justify;\"><img data-recalc-dims=\"1\" decoding=\"async\" src=\"https:\/\/i0.wp.com\/www.atarfe.es\/img\/pdf2.jpg?w=640\" alt=\"\" \/><\/div>\n<p><strong class=\"name\"><a href=\"http:\/\/www.atarfe.es\/data\/CoreFiles\/presupuestos-2018.pdf\" target=\"_blank\" rel=\"noopener\">Presupuestos municipales Atarfe 2018<\/a><\/strong><\/p>\n<\/div>\n<\/div>\n","protected":false},"excerpt":{"rendered":"<p>Las cuentas de 2018 ascienden a 18 millones de euros. La sesi\u00f3n se celebra a&#8230;<\/p>\n","protected":false},"author":1,"featured_media":24821,"comment_status":"closed","ping_status":"closed","sticky":false,"template":"","format":"standard","meta":{"_coblocks_attr":"","_coblocks_dimensions":"","_coblocks_responsive_height":"","_coblocks_accordion_ie_support":"","jetpack_post_was_ever_published":false,"_jetpack_newsletter_access":"","_jetpack_dont_email_post_to_subs":false,"_jetpack_newsletter_tier_id":0,"_jetpack_memberships_contains_paywalled_content":false,"_jetpack_memberships_contains_paid_content":false,"footnotes":"","jetpack_publicize_message":"","jetpack_publicize_feature_enabled":true,"jetpack_social_post_already_shared":false,"jetpack_social_options":{"image_generator_settings":{"template":"highway","default_image_id":0,"enabled":false},"version":2}},"categories":[2,186,44,15],"tags":[81,3497],"class_list":["post-24820","post","type-post","status-publish","format-standard","has-post-thumbnail","hentry","category-atarfe","category-instituciones","category-noticias-de-hoy","category-ultimas-noticias","tag-atarfe","tag-presupuestos-municipales"],"jetpack_publicize_connections":[],"jetpack_featured_media_url":"https:\/\/i0.wp.com\/miradordeatarfe.es\/wp-content\/uploads\/2018\/06\/%C3%ADndice-4.jpg?fit=318%2C159&ssl=1","jetpack_likes_enabled":true,"jetpack_sharing_enabled":true,"_links":{"self":[{"href":"https:\/\/miradordeatarfe.es\/index.php?rest_route=\/wp\/v2\/posts\/24820","targetHints":{"allow":["GET"]}}],"collection":[{"href":"https:\/\/miradordeatarfe.es\/index.php?rest_route=\/wp\/v2\/posts"}],"about":[{"href":"https:\/\/miradordeatarfe.es\/index.php?rest_route=\/wp\/v2\/types\/post"}],"author":[{"embeddable":true,"href":"https:\/\/miradordeatarfe.es\/index.php?rest_route=\/wp\/v2\/users\/1"}],"replies":[{"embeddable":true,"href":"https:\/\/miradordeatarfe.es\/index.php?rest_route=%2Fwp%2Fv2%2Fcomments&post=24820"}],"version-history":[{"count":1,"href":"https:\/\/miradordeatarfe.es\/index.php?rest_route=\/wp\/v2\/posts\/24820\/revisions"}],"predecessor-version":[{"id":24822,"href":"https:\/\/miradordeatarfe.es\/index.php?rest_route=\/wp\/v2\/posts\/24820\/revisions\/24822"}],"wp:featuredmedia":[{"embeddable":true,"href":"https:\/\/miradordeatarfe.es\/index.php?rest_route=\/wp\/v2\/media\/24821"}],"wp:attachment":[{"href":"https:\/\/miradordeatarfe.es\/index.php?rest_route=%2Fwp%2Fv2%2Fmedia&parent=24820"}],"wp:term":[{"taxonomy":"category","embeddable":true,"href":"https:\/\/miradordeatarfe.es\/index.php?rest_route=%2Fwp%2Fv2%2Fcategories&post=24820"},{"taxonomy":"post_tag","embeddable":true,"href":"https:\/\/miradordeatarfe.es\/index.php?rest_route=%2Fwp%2Fv2%2Ftags&post=24820"}],"curies":[{"name":"wp","href":"https:\/\/api.w.org\/{rel}","templated":true}]}}